{"id":4956,"date":"2021-06-08T03:33:10","date_gmt":"2021-06-08T01:33:10","guid":{"rendered":"http:\/\/www.imuntanya.com\/sin-categorizar\/la-pasarela-de-roses-nos-acerca-al-patrimonio-geologico\/"},"modified":"2021-06-08T12:30:35","modified_gmt":"2021-06-08T10:30:35","slug":"la-pasarela-de-roses-nos-acerca-al-patrimonio-geologico","status":"publish","type":"post","link":"http:\/\/www.imuntanya.com\/ar\/sin-categorizar\/la-pasarela-de-roses-nos-acerca-al-patrimonio-geologico\/","title":{"rendered":"La pasarela de Roses nos acerca al patrimonio geol\u00f3gico"},"content":{"rendered":"<p>[et_pb_section fb_built=&#8221;1&#8243; _builder_version=&#8221;3.22&#8243; custom_margin=&#8221;0px|0px|0px|0px&#8221; custom_padding=&#8221;0px|0px|0px|0px&#8221;][et_pb_row _builder_version=&#8221;3.25&#8243;][et_pb_column type=&#8221;4_4&#8243; _builder_version=&#8221;3.25&#8243; custom_padding=&#8221;|||&#8221; custom_padding__hover=&#8221;|||&#8221;][et_pb_text admin_label=&#8221;Text&#8221; _builder_version=&#8221;4.4.5&#8243;]<a href=\"#\"><strong>iMuntanya<\/strong><\/a>\u00a0finaliza el proyecto de la pasarela anclada de Roses. Dise\u00f1ada como un\u00a0mirador, tiene por objetivo hacer m\u00e1s accesible y visible el patrimonio geol\u00f3gico de la cizalla del Faro de Roses, incluido en el <a href=\"http:\/\/mediambient.gencat.cat\/ca\/05_ambits_dactuacio\/patrimoni_natural\/sistemes_dinformacio\/inventari_despais_dinteres_geologic\/index.html\">inventario de espacios de inter\u00e9s geol\u00f3gico de Catalunya (IEIGC)<\/a>, est\u00e1 formado por\u00a0rocas granodioritas\u00a0de gran valor en la comprensi\u00f3n de los procesos tect\u00f3nicos ocurridos hace millones de a\u00f1os.<\/p>\n<div id=\"attachment_4926\" style=\"width: 710px\" class=\"wp-caption aligncenter\"><img loading=\"lazy\" decoding=\"async\" aria-describedby=\"caption-attachment-4926\" class=\"wp-image-4922 size-full\" src=\"http:\/\/www.imuntanya.com\/wp-content\/uploads\/2021\/06\/PV_2021_Roses-MiradorCisalla_web1-700x470-1.jpg\" alt=\"Pasarela de Roses \u00b7 Mirador Cizalla\" width=\"700\" height=\"470\" srcset=\"http:\/\/www.imuntanya.com\/wp-content\/uploads\/2021\/06\/PV_2021_Roses-MiradorCisalla_web1-700x470-1.jpg 700w, http:\/\/www.imuntanya.com\/wp-content\/uploads\/2021\/06\/PV_2021_Roses-MiradorCisalla_web1-700x470-1-480x322.jpg 480w\" sizes=\"auto, (min-width: 0px) and (max-width: 480px) 480px, (min-width: 481px) 700px, 100vw\" \/><p id=\"caption-attachment-4926\" class=\"wp-caption-text\">Esta pasarela nos acerca a la zona de cizalla del Faro de Roses, patrimonio geol\u00f3gico.<\/p><\/div>\n<p>Se trata de una pasarela que, dentro de la zona mar\u00edtima-terrestre, establece con un recorrido f\u00edsico el valor de este patrimonio en la zona de los alrededores del faro de Roses. El \u00e1mbito de actuaci\u00f3n se limita en el \u00e1rea definida entre la carretera de Canyelles y el mar, desde la Punta de la Bater\u00eda, pasando por el encuentro con el camino de ronda hasta el faro.<\/p>\n<div id=\"attachment_4931\" style=\"width: 710px\" class=\"wp-caption aligncenter\"><img loading=\"lazy\" decoding=\"async\" aria-describedby=\"caption-attachment-4931\" class=\"wp-image-4927 size-full\" src=\"http:\/\/www.imuntanya.com\/wp-content\/uploads\/2021\/06\/PV_2021_Roses-MiradorCisalla_web2-700x470-1.jpg\" alt=\"Construcci\u00f3n de la pasarela de Roses\" width=\"700\" height=\"470\" srcset=\"http:\/\/www.imuntanya.com\/wp-content\/uploads\/2021\/06\/PV_2021_Roses-MiradorCisalla_web2-700x470-1.jpg 700w, http:\/\/www.imuntanya.com\/wp-content\/uploads\/2021\/06\/PV_2021_Roses-MiradorCisalla_web2-700x470-1-480x322.jpg 480w\" sizes=\"auto, (min-width: 0px) and (max-width: 480px) 480px, (min-width: 481px) 700px, 100vw\" \/><p id=\"caption-attachment-4931\" class=\"wp-caption-text\">La passera \u00e9s accessible des del cam\u00ed de ronda al seu pas per Roses.<\/p><\/div>\n<p>Para su construcci\u00f3n, se ha realizado una estructura met\u00e1lica revestida de madera con vigas formadas por pieza simple y en perfiles laminados, trabajado en taller con\u00a0soldadura y galvanizado, y colocado en la obra con tornillos.<\/p>\n<p>La parte superior de la escalera se ancla a un nuevo muro de hormig\u00f3n armado visto. La estructura met\u00e1lica tiene su fundamentaci\u00f3n formada por pernos de acero a manera de micropilotos buscando la roca para transmitir las cargas al terreno, a la vez que lo ancla en el supuesto de posibles empujones por el oleaje de la Cala de Roses.\u00a0Las barandillas de protecci\u00f3n son de malla tipo X-Tend de acero, formando paneles entre elementos verticales de\u00a0apoyo met\u00e1licos, con cable de acero a las cuatro caras de cada panel.<\/p>\n<p><div id=\"attachment_4936\" style=\"width: 710px\" class=\"wp-caption aligncenter\"><img loading=\"lazy\" decoding=\"async\" aria-describedby=\"caption-attachment-4936\" class=\"wp-image-4932 size-full\" src=\"http:\/\/www.imuntanya.com\/wp-content\/uploads\/2021\/06\/PV_2021_Roses-MiradorCisalla_web3-700x470-1.jpg\" alt=\"Construcci\u00f3n de la pasarela - mirador de Roses.\" width=\"700\" height=\"470\" srcset=\"http:\/\/www.imuntanya.com\/wp-content\/uploads\/2021\/06\/PV_2021_Roses-MiradorCisalla_web3-700x470-1.jpg 700w, http:\/\/www.imuntanya.com\/wp-content\/uploads\/2021\/06\/PV_2021_Roses-MiradorCisalla_web3-700x470-1-480x322.jpg 480w\" sizes=\"auto, (min-width: 0px) and (max-width: 480px) 480px, (min-width: 481px) 700px, 100vw\" \/><p id=\"caption-attachment-4936\" class=\"wp-caption-text\">Construcci\u00f3n de la pasarela &#8211; mirador de Roses.<\/p><\/div>[\/et_pb_text][\/et_pb_column][\/et_pb_row][\/et_pb_section]<\/p>\n","protected":false},"excerpt":{"rendered":"<p>La pasarela anclada permite observar la zona de cizalla del Faro de Roses.<\/p>\n","protected":false},"author":2,"featured_media":4965,"comment_status":"open","ping_status":"open","sticky":false,"template":"","format":"standard","meta":{"_et_pb_use_builder":"on","_et_pb_old_content":"","_et_gb_content_width":"","footnotes":""},"categories":[91,42],"tags":[149],"class_list":["post-4956","post","type-post","status-publish","format-standard","has-post-thumbnail","hentry","category-blog-es","category-sin-categorizar","tag-pasarela-anclada"],"yoast_head":"<!-- This site is optimized with the Yoast SEO plugin v26.1.1 - https:\/\/yoast.com\/wordpress\/plugins\/seo\/ -->\n<title>La pasarela de Roses nos acerca al patrimonio geol\u00f3gico | imuntanya<\/title>\n<meta name=\"description\" content=\"Desde la pasarela - mirador se pueden observar las rocas granodioritas que se formaron hace millones de a\u00f1os y que s\u00f3n patrimonio geol\u00f3gico de inter\u00e9s mundial.\" \/>\n<meta name=\"robots\" content=\"index, follow, max-snippet:-1, max-image-preview:large, max-video-preview:-1\" \/>\n<link rel=\"canonical\" href=\"http:\/\/www.imuntanya.com\/ar\/\u063a\u064a\u0631-\u0645\u0635\u0646\u0641\/la-pasarela-de-roses-nos-acerca-al-patrimonio-geologico\/\" \/>\n<meta property=\"og:locale\" content=\"ar_AR\" \/>\n<meta property=\"og:type\" content=\"article\" \/>\n<meta property=\"og:title\" content=\"La pasarela de Roses nos acerca al patrimonio geol\u00f3gico | imuntanya\" \/>\n<meta property=\"og:description\" content=\"Desde la pasarela - mirador se pueden observar las rocas granodioritas que se formaron hace millones de a\u00f1os y que s\u00f3n patrimonio geol\u00f3gico de inter\u00e9s mundial.\" \/>\n<meta property=\"og:url\" content=\"http:\/\/www.imuntanya.com\/ar\/\u063a\u064a\u0631-\u0645\u0635\u0646\u0641\/la-pasarela-de-roses-nos-acerca-al-patrimonio-geologico\/\" \/>\n<meta property=\"og:site_name\" content=\"imuntanya\" \/>\n<meta property=\"article:publisher\" content=\"https:\/\/www.facebook.com\/imuntanya\" \/>\n<meta property=\"article:published_time\" content=\"2021-06-08T01:33:10+00:00\" \/>\n<meta property=\"article:modified_time\" content=\"2021-06-08T10:30:35+00:00\" \/>\n<meta property=\"og:image\" content=\"http:\/\/www.imuntanya.com\/wp-content\/uploads\/2021\/06\/PV_2021_Roses-MiradorCisalla_web2-700x470nologo.jpg\" \/>\n\t<meta property=\"og:image:width\" content=\"700\" \/>\n\t<meta property=\"og:image:height\" content=\"470\" \/>\n\t<meta property=\"og:image:type\" content=\"image\/jpeg\" \/>\n<meta name=\"author\" content=\"Merc\u00e8 Pujol\" \/>\n<meta name=\"twitter:card\" content=\"summary_large_image\" \/>\n<meta name=\"twitter:creator\" content=\"@imuntanya15\" \/>\n<meta name=\"twitter:site\" content=\"@imuntanya15\" \/>\n<meta name=\"twitter:label1\" content=\"\u0643\u064f\u062a\u0628 \u0628\u0648\u0627\u0633\u0637\u0629\" \/>\n\t<meta name=\"twitter:data1\" content=\"Merc\u00e8 Pujol\" \/>\n\t<meta name=\"twitter:label2\" content=\"\u0648\u0642\u062a \u0627\u0644\u0642\u0631\u0627\u0621\u0629 \u0627\u0644\u0645\u064f\u0642\u062f\u0651\u0631\" \/>\n\t<meta name=\"twitter:data2\" content=\"\u062f\u0642\u064a\u0642\u062a\u0627\u0646\" \/>\n<script type=\"application\/ld+json\" class=\"yoast-schema-graph\">{\"@context\":\"https:\/\/schema.org\",\"@graph\":[{\"@type\":\"Article\",\"@id\":\"http:\/\/www.imuntanya.com\/ar\/%d8%ba%d9%8a%d8%b1-%d9%85%d8%b5%d9%86%d9%81\/la-pasarela-de-roses-nos-acerca-al-patrimonio-geologico\/#article\",\"isPartOf\":{\"@id\":\"http:\/\/www.imuntanya.com\/ar\/%d8%ba%d9%8a%d8%b1-%d9%85%d8%b5%d9%86%d9%81\/la-pasarela-de-roses-nos-acerca-al-patrimonio-geologico\/\"},\"author\":{\"name\":\"Merc\u00e8 Pujol\",\"@id\":\"http:\/\/www.imuntanya.com\/#\/schema\/person\/c144fa172ac4fbfb4767af32d5acae8e\"},\"headline\":\"La pasarela de Roses nos acerca al patrimonio geol\u00f3gico\",\"datePublished\":\"2021-06-08T01:33:10+00:00\",\"dateModified\":\"2021-06-08T10:30:35+00:00\",\"mainEntityOfPage\":{\"@id\":\"http:\/\/www.imuntanya.com\/ar\/%d8%ba%d9%8a%d8%b1-%d9%85%d8%b5%d9%86%d9%81\/la-pasarela-de-roses-nos-acerca-al-patrimonio-geologico\/\"},\"wordCount\":401,\"commentCount\":0,\"publisher\":{\"@id\":\"http:\/\/www.imuntanya.com\/#organization\"},\"image\":{\"@id\":\"http:\/\/www.imuntanya.com\/ar\/%d8%ba%d9%8a%d8%b1-%d9%85%d8%b5%d9%86%d9%81\/la-pasarela-de-roses-nos-acerca-al-patrimonio-geologico\/#primaryimage\"},\"thumbnailUrl\":\"http:\/\/www.imuntanya.com\/wp-content\/uploads\/2021\/06\/PV_2021_Roses-MiradorCisalla_web2-700x470nologo.jpg\",\"keywords\":[\"Pasarela anclada\"],\"articleSection\":[\"Blog\",\"Sin categorizar\"],\"inLanguage\":\"ar\",\"potentialAction\":[{\"@type\":\"CommentAction\",\"name\":\"Comment\",\"target\":[\"http:\/\/www.imuntanya.com\/ar\/%d8%ba%d9%8a%d8%b1-%d9%85%d8%b5%d9%86%d9%81\/la-pasarela-de-roses-nos-acerca-al-patrimonio-geologico\/#respond\"]}]},{\"@type\":\"WebPage\",\"@id\":\"http:\/\/www.imuntanya.com\/ar\/%d8%ba%d9%8a%d8%b1-%d9%85%d8%b5%d9%86%d9%81\/la-pasarela-de-roses-nos-acerca-al-patrimonio-geologico\/\",\"url\":\"http:\/\/www.imuntanya.com\/ar\/%d8%ba%d9%8a%d8%b1-%d9%85%d8%b5%d9%86%d9%81\/la-pasarela-de-roses-nos-acerca-al-patrimonio-geologico\/\",\"name\":\"La pasarela de Roses nos acerca al patrimonio geol\u00f3gico | imuntanya\",\"isPartOf\":{\"@id\":\"http:\/\/www.imuntanya.com\/#website\"},\"primaryImageOfPage\":{\"@id\":\"http:\/\/www.imuntanya.com\/ar\/%d8%ba%d9%8a%d8%b1-%d9%85%d8%b5%d9%86%d9%81\/la-pasarela-de-roses-nos-acerca-al-patrimonio-geologico\/#primaryimage\"},\"image\":{\"@id\":\"http:\/\/www.imuntanya.com\/ar\/%d8%ba%d9%8a%d8%b1-%d9%85%d8%b5%d9%86%d9%81\/la-pasarela-de-roses-nos-acerca-al-patrimonio-geologico\/#primaryimage\"},\"thumbnailUrl\":\"http:\/\/www.imuntanya.com\/wp-content\/uploads\/2021\/06\/PV_2021_Roses-MiradorCisalla_web2-700x470nologo.jpg\",\"datePublished\":\"2021-06-08T01:33:10+00:00\",\"dateModified\":\"2021-06-08T10:30:35+00:00\",\"description\":\"Desde la pasarela - mirador se pueden observar las rocas granodioritas que se formaron hace millones de a\u00f1os y que s\u00f3n patrimonio geol\u00f3gico de inter\u00e9s mundial.\",\"breadcrumb\":{\"@id\":\"http:\/\/www.imuntanya.com\/ar\/%d8%ba%d9%8a%d8%b1-%d9%85%d8%b5%d9%86%d9%81\/la-pasarela-de-roses-nos-acerca-al-patrimonio-geologico\/#breadcrumb\"},\"inLanguage\":\"ar\",\"potentialAction\":[{\"@type\":\"ReadAction\",\"target\":[\"http:\/\/www.imuntanya.com\/ar\/%d8%ba%d9%8a%d8%b1-%d9%85%d8%b5%d9%86%d9%81\/la-pasarela-de-roses-nos-acerca-al-patrimonio-geologico\/\"]}]},{\"@type\":\"ImageObject\",\"inLanguage\":\"ar\",\"@id\":\"http:\/\/www.imuntanya.com\/ar\/%d8%ba%d9%8a%d8%b1-%d9%85%d8%b5%d9%86%d9%81\/la-pasarela-de-roses-nos-acerca-al-patrimonio-geologico\/#primaryimage\",\"url\":\"http:\/\/www.imuntanya.com\/wp-content\/uploads\/2021\/06\/PV_2021_Roses-MiradorCisalla_web2-700x470nologo.jpg\",\"contentUrl\":\"http:\/\/www.imuntanya.com\/wp-content\/uploads\/2021\/06\/PV_2021_Roses-MiradorCisalla_web2-700x470nologo.jpg\",\"width\":700,\"height\":470,\"caption\":\"Esta pasarela nos acerca a la zona de cizalla del Faro de Roses, patrimonio geol\u00f3gico.\"},{\"@type\":\"BreadcrumbList\",\"@id\":\"http:\/\/www.imuntanya.com\/ar\/%d8%ba%d9%8a%d8%b1-%d9%85%d8%b5%d9%86%d9%81\/la-pasarela-de-roses-nos-acerca-al-patrimonio-geologico\/#breadcrumb\",\"itemListElement\":[{\"@type\":\"ListItem\",\"position\":1,\"name\":\"Inici\",\"item\":\"http:\/\/www.imuntanya.com\/ar\/\"},{\"@type\":\"ListItem\",\"position\":2,\"name\":\"La pasarela de Roses nos acerca al patrimonio geol\u00f3gico\"}]},{\"@type\":\"WebSite\",\"@id\":\"http:\/\/www.imuntanya.com\/#website\",\"url\":\"http:\/\/www.imuntanya.com\/\",\"name\":\"iMuntanya\",\"description\":\"Infraestructures per alta muntanya i en zones de dif\u00edcil acc\u00e9s\",\"publisher\":{\"@id\":\"http:\/\/www.imuntanya.com\/#organization\"},\"potentialAction\":[{\"@type\":\"SearchAction\",\"target\":{\"@type\":\"EntryPoint\",\"urlTemplate\":\"http:\/\/www.imuntanya.com\/?s={search_term_string}\"},\"query-input\":{\"@type\":\"PropertyValueSpecification\",\"valueRequired\":true,\"valueName\":\"search_term_string\"}}],\"inLanguage\":\"ar\"},{\"@type\":\"Organization\",\"@id\":\"http:\/\/www.imuntanya.com\/#organization\",\"name\":\"iMuntanya \u00b7 Infraestructures de Muntanya S.L.\",\"url\":\"http:\/\/www.imuntanya.com\/\",\"logo\":{\"@type\":\"ImageObject\",\"inLanguage\":\"ar\",\"@id\":\"http:\/\/www.imuntanya.com\/#\/schema\/logo\/image\/\",\"url\":\"http:\/\/www.imuntanya.com\/wp-content\/uploads\/2019\/07\/imu-cat-2.png\",\"contentUrl\":\"http:\/\/www.imuntanya.com\/wp-content\/uploads\/2019\/07\/imu-cat-2.png\",\"width\":640,\"height\":83,\"caption\":\"iMuntanya \u00b7 Infraestructures de Muntanya S.L.\"},\"image\":{\"@id\":\"http:\/\/www.imuntanya.com\/#\/schema\/logo\/image\/\"},\"sameAs\":[\"https:\/\/www.facebook.com\/imuntanya\",\"https:\/\/x.com\/imuntanya15\",\"https:\/\/www.instagram.com\/imuntanya\/\",\"https:\/\/www.linkedin.com\/company\/imuntanya\/\",\"https:\/\/www.youtube.com\/user\/imuntanyaatyoutub\"]},{\"@type\":\"Person\",\"@id\":\"http:\/\/www.imuntanya.com\/#\/schema\/person\/c144fa172ac4fbfb4767af32d5acae8e\",\"name\":\"Merc\u00e8 Pujol\",\"image\":{\"@type\":\"ImageObject\",\"inLanguage\":\"ar\",\"@id\":\"http:\/\/www.imuntanya.com\/#\/schema\/person\/image\/\",\"url\":\"https:\/\/secure.gravatar.com\/avatar\/10213c83b04e18e80603efc3add346a4f27921c505524ba24c92ebf7f86153a2?s=96&d=mm&r=g\",\"contentUrl\":\"https:\/\/secure.gravatar.com\/avatar\/10213c83b04e18e80603efc3add346a4f27921c505524ba24c92ebf7f86153a2?s=96&d=mm&r=g\",\"caption\":\"Merc\u00e8 Pujol\"},\"url\":\"http:\/\/www.imuntanya.com\/ar\/author\/merce\/\"}]}<\/script>\n<!-- \/ Yoast SEO plugin. -->","yoast_head_json":{"title":"La pasarela de Roses nos acerca al patrimonio geol\u00f3gico | imuntanya","description":"Desde la pasarela - mirador se pueden observar las rocas granodioritas que se formaron hace millones de a\u00f1os y que s\u00f3n patrimonio geol\u00f3gico de inter\u00e9s mundial.","robots":{"index":"index","follow":"follow","max-snippet":"max-snippet:-1","max-image-preview":"max-image-preview:large","max-video-preview":"max-video-preview:-1"},"canonical":"http:\/\/www.imuntanya.com\/ar\/\u063a\u064a\u0631-\u0645\u0635\u0646\u0641\/la-pasarela-de-roses-nos-acerca-al-patrimonio-geologico\/","og_locale":"ar_AR","og_type":"article","og_title":"La pasarela de Roses nos acerca al patrimonio geol\u00f3gico | imuntanya","og_description":"Desde la pasarela - mirador se pueden observar las rocas granodioritas que se formaron hace millones de a\u00f1os y que s\u00f3n patrimonio geol\u00f3gico de inter\u00e9s mundial.","og_url":"http:\/\/www.imuntanya.com\/ar\/\u063a\u064a\u0631-\u0645\u0635\u0646\u0641\/la-pasarela-de-roses-nos-acerca-al-patrimonio-geologico\/","og_site_name":"imuntanya","article_publisher":"https:\/\/www.facebook.com\/imuntanya","article_published_time":"2021-06-08T01:33:10+00:00","article_modified_time":"2021-06-08T10:30:35+00:00","og_image":[{"width":700,"height":470,"url":"http:\/\/www.imuntanya.com\/wp-content\/uploads\/2021\/06\/PV_2021_Roses-MiradorCisalla_web2-700x470nologo.jpg","type":"image\/jpeg"}],"author":"Merc\u00e8 Pujol","twitter_card":"summary_large_image","twitter_creator":"@imuntanya15","twitter_site":"@imuntanya15","twitter_misc":{"\u0643\u064f\u062a\u0628 \u0628\u0648\u0627\u0633\u0637\u0629":"Merc\u00e8 Pujol","\u0648\u0642\u062a \u0627\u0644\u0642\u0631\u0627\u0621\u0629 \u0627\u0644\u0645\u064f\u0642\u062f\u0651\u0631":"\u062f\u0642\u064a\u0642\u062a\u0627\u0646"},"schema":{"@context":"https:\/\/schema.org","@graph":[{"@type":"Article","@id":"http:\/\/www.imuntanya.com\/ar\/%d8%ba%d9%8a%d8%b1-%d9%85%d8%b5%d9%86%d9%81\/la-pasarela-de-roses-nos-acerca-al-patrimonio-geologico\/#article","isPartOf":{"@id":"http:\/\/www.imuntanya.com\/ar\/%d8%ba%d9%8a%d8%b1-%d9%85%d8%b5%d9%86%d9%81\/la-pasarela-de-roses-nos-acerca-al-patrimonio-geologico\/"},"author":{"name":"Merc\u00e8 Pujol","@id":"http:\/\/www.imuntanya.com\/#\/schema\/person\/c144fa172ac4fbfb4767af32d5acae8e"},"headline":"La pasarela de Roses nos acerca al patrimonio geol\u00f3gico","datePublished":"2021-06-08T01:33:10+00:00","dateModified":"2021-06-08T10:30:35+00:00","mainEntityOfPage":{"@id":"http:\/\/www.imuntanya.com\/ar\/%d8%ba%d9%8a%d8%b1-%d9%85%d8%b5%d9%86%d9%81\/la-pasarela-de-roses-nos-acerca-al-patrimonio-geologico\/"},"wordCount":401,"commentCount":0,"publisher":{"@id":"http:\/\/www.imuntanya.com\/#organization"},"image":{"@id":"http:\/\/www.imuntanya.com\/ar\/%d8%ba%d9%8a%d8%b1-%d9%85%d8%b5%d9%86%d9%81\/la-pasarela-de-roses-nos-acerca-al-patrimonio-geologico\/#primaryimage"},"thumbnailUrl":"http:\/\/www.imuntanya.com\/wp-content\/uploads\/2021\/06\/PV_2021_Roses-MiradorCisalla_web2-700x470nologo.jpg","keywords":["Pasarela anclada"],"articleSection":["Blog","Sin categorizar"],"inLanguage":"ar","potentialAction":[{"@type":"CommentAction","name":"Comment","target":["http:\/\/www.imuntanya.com\/ar\/%d8%ba%d9%8a%d8%b1-%d9%85%d8%b5%d9%86%d9%81\/la-pasarela-de-roses-nos-acerca-al-patrimonio-geologico\/#respond"]}]},{"@type":"WebPage","@id":"http:\/\/www.imuntanya.com\/ar\/%d8%ba%d9%8a%d8%b1-%d9%85%d8%b5%d9%86%d9%81\/la-pasarela-de-roses-nos-acerca-al-patrimonio-geologico\/","url":"http:\/\/www.imuntanya.com\/ar\/%d8%ba%d9%8a%d8%b1-%d9%85%d8%b5%d9%86%d9%81\/la-pasarela-de-roses-nos-acerca-al-patrimonio-geologico\/","name":"La pasarela de Roses nos acerca al patrimonio geol\u00f3gico | imuntanya","isPartOf":{"@id":"http:\/\/www.imuntanya.com\/#website"},"primaryImageOfPage":{"@id":"http:\/\/www.imuntanya.com\/ar\/%d8%ba%d9%8a%d8%b1-%d9%85%d8%b5%d9%86%d9%81\/la-pasarela-de-roses-nos-acerca-al-patrimonio-geologico\/#primaryimage"},"image":{"@id":"http:\/\/www.imuntanya.com\/ar\/%d8%ba%d9%8a%d8%b1-%d9%85%d8%b5%d9%86%d9%81\/la-pasarela-de-roses-nos-acerca-al-patrimonio-geologico\/#primaryimage"},"thumbnailUrl":"http:\/\/www.imuntanya.com\/wp-content\/uploads\/2021\/06\/PV_2021_Roses-MiradorCisalla_web2-700x470nologo.jpg","datePublished":"2021-06-08T01:33:10+00:00","dateModified":"2021-06-08T10:30:35+00:00","description":"Desde la pasarela - mirador se pueden observar las rocas granodioritas que se formaron hace millones de a\u00f1os y que s\u00f3n patrimonio geol\u00f3gico de inter\u00e9s mundial.","breadcrumb":{"@id":"http:\/\/www.imuntanya.com\/ar\/%d8%ba%d9%8a%d8%b1-%d9%85%d8%b5%d9%86%d9%81\/la-pasarela-de-roses-nos-acerca-al-patrimonio-geologico\/#breadcrumb"},"inLanguage":"ar","potentialAction":[{"@type":"ReadAction","target":["http:\/\/www.imuntanya.com\/ar\/%d8%ba%d9%8a%d8%b1-%d9%85%d8%b5%d9%86%d9%81\/la-pasarela-de-roses-nos-acerca-al-patrimonio-geologico\/"]}]},{"@type":"ImageObject","inLanguage":"ar","@id":"http:\/\/www.imuntanya.com\/ar\/%d8%ba%d9%8a%d8%b1-%d9%85%d8%b5%d9%86%d9%81\/la-pasarela-de-roses-nos-acerca-al-patrimonio-geologico\/#primaryimage","url":"http:\/\/www.imuntanya.com\/wp-content\/uploads\/2021\/06\/PV_2021_Roses-MiradorCisalla_web2-700x470nologo.jpg","contentUrl":"http:\/\/www.imuntanya.com\/wp-content\/uploads\/2021\/06\/PV_2021_Roses-MiradorCisalla_web2-700x470nologo.jpg","width":700,"height":470,"caption":"Esta pasarela nos acerca a la zona de cizalla del Faro de Roses, patrimonio geol\u00f3gico."},{"@type":"BreadcrumbList","@id":"http:\/\/www.imuntanya.com\/ar\/%d8%ba%d9%8a%d8%b1-%d9%85%d8%b5%d9%86%d9%81\/la-pasarela-de-roses-nos-acerca-al-patrimonio-geologico\/#breadcrumb","itemListElement":[{"@type":"ListItem","position":1,"name":"Inici","item":"http:\/\/www.imuntanya.com\/ar\/"},{"@type":"ListItem","position":2,"name":"La pasarela de Roses nos acerca al patrimonio geol\u00f3gico"}]},{"@type":"WebSite","@id":"http:\/\/www.imuntanya.com\/#website","url":"http:\/\/www.imuntanya.com\/","name":"iMuntanya","description":"Infraestructures per alta muntanya i en zones de dif\u00edcil acc\u00e9s","publisher":{"@id":"http:\/\/www.imuntanya.com\/#organization"},"potentialAction":[{"@type":"SearchAction","target":{"@type":"EntryPoint","urlTemplate":"http:\/\/www.imuntanya.com\/?s={search_term_string}"},"query-input":{"@type":"PropertyValueSpecification","valueRequired":true,"valueName":"search_term_string"}}],"inLanguage":"ar"},{"@type":"Organization","@id":"http:\/\/www.imuntanya.com\/#organization","name":"iMuntanya \u00b7 Infraestructures de Muntanya S.L.","url":"http:\/\/www.imuntanya.com\/","logo":{"@type":"ImageObject","inLanguage":"ar","@id":"http:\/\/www.imuntanya.com\/#\/schema\/logo\/image\/","url":"http:\/\/www.imuntanya.com\/wp-content\/uploads\/2019\/07\/imu-cat-2.png","contentUrl":"http:\/\/www.imuntanya.com\/wp-content\/uploads\/2019\/07\/imu-cat-2.png","width":640,"height":83,"caption":"iMuntanya \u00b7 Infraestructures de Muntanya S.L."},"image":{"@id":"http:\/\/www.imuntanya.com\/#\/schema\/logo\/image\/"},"sameAs":["https:\/\/www.facebook.com\/imuntanya","https:\/\/x.com\/imuntanya15","https:\/\/www.instagram.com\/imuntanya\/","https:\/\/www.linkedin.com\/company\/imuntanya\/","https:\/\/www.youtube.com\/user\/imuntanyaatyoutub"]},{"@type":"Person","@id":"http:\/\/www.imuntanya.com\/#\/schema\/person\/c144fa172ac4fbfb4767af32d5acae8e","name":"Merc\u00e8 Pujol","image":{"@type":"ImageObject","inLanguage":"ar","@id":"http:\/\/www.imuntanya.com\/#\/schema\/person\/image\/","url":"https:\/\/secure.gravatar.com\/avatar\/10213c83b04e18e80603efc3add346a4f27921c505524ba24c92ebf7f86153a2?s=96&d=mm&r=g","contentUrl":"https:\/\/secure.gravatar.com\/avatar\/10213c83b04e18e80603efc3add346a4f27921c505524ba24c92ebf7f86153a2?s=96&d=mm&r=g","caption":"Merc\u00e8 Pujol"},"url":"http:\/\/www.imuntanya.com\/ar\/author\/merce\/"}]}},"_links":{"self":[{"href":"http:\/\/www.imuntanya.com\/ar\/wp-json\/wp\/v2\/posts\/4956","targetHints":{"allow":["GET"]}}],"collection":[{"href":"http:\/\/www.imuntanya.com\/ar\/wp-json\/wp\/v2\/posts"}],"about":[{"href":"http:\/\/www.imuntanya.com\/ar\/wp-json\/wp\/v2\/types\/post"}],"author":[{"embeddable":true,"href":"http:\/\/www.imuntanya.com\/ar\/wp-json\/wp\/v2\/users\/2"}],"replies":[{"embeddable":true,"href":"http:\/\/www.imuntanya.com\/ar\/wp-json\/wp\/v2\/comments?post=4956"}],"version-history":[{"count":2,"href":"http:\/\/www.imuntanya.com\/ar\/wp-json\/wp\/v2\/posts\/4956\/revisions"}],"predecessor-version":[{"id":4981,"href":"http:\/\/www.imuntanya.com\/ar\/wp-json\/wp\/v2\/posts\/4956\/revisions\/4981"}],"wp:featuredmedia":[{"embeddable":true,"href":"http:\/\/www.imuntanya.com\/ar\/wp-json\/wp\/v2\/media\/4965"}],"wp:attachment":[{"href":"http:\/\/www.imuntanya.com\/ar\/wp-json\/wp\/v2\/media?parent=4956"}],"wp:term":[{"taxonomy":"category","embeddable":true,"href":"http:\/\/www.imuntanya.com\/ar\/wp-json\/wp\/v2\/categories?post=4956"},{"taxonomy":"post_tag","embeddable":true,"href":"http:\/\/www.imuntanya.com\/ar\/wp-json\/wp\/v2\/tags?post=4956"}],"curies":[{"name":"wp","href":"https:\/\/api.w.org\/{rel}","templated":true}]}}