{"id":1942,"date":"2019-01-21T13:45:31","date_gmt":"2019-01-21T11:45:31","guid":{"rendered":"http:\/\/www.imuntanya.com\/?p=1942"},"modified":"2019-06-27T03:18:34","modified_gmt":"2019-06-27T01:18:34","slug":"salardu-a-suspended-bridge-prepared-for-winter","status":"publish","type":"post","link":"http:\/\/www.imuntanya.com\/en\/blog-en\/salardu-a-suspended-bridge-prepared-for-winter\/","title":{"rendered":"Salard\u00fa: a suspended bridge prepared for winter"},"content":{"rendered":"<p>[et_pb_section bb_built=&#8221;1&#8243; _builder_version=&#8221;3.0.98&#8243; custom_margin=&#8221;0px|0px|0px|0px&#8221; custom_padding=&#8221;0px|0px|0px|0px&#8221;][et_pb_row _builder_version=&#8221;3.0.98&#8243;][et_pb_column type=&#8221;4_4&#8243;][et_pb_text _builder_version=&#8221;3.17.6&#8243;]<\/p>\n<p>We have started 2019 with a suspended bridge in Salard\u00fa, in the Aran Valley. Designed from the <a href=\"http:\/\/www.imuntanya.com\/en\/hanging-footbridges\/\">Urals Model<\/a> of iMuntanya, it extends 17 meters long over the Unhola River and connects Salard\u00fa with the district of Unha. With this equipment, which makes part of a new path created in the forest of Ribera, neighbours can avoid the road and walk from one neighbourhood to another enjoying a walk through nature.<\/p>\n<p>In addition, a picnic corner has been installed, with tables and chairs, next to the Unhola River for when the good weather arrives.<\/p>\n<p>Unlike other bridges built by us, the platform of this model has been made with metallic framework, type tramex, thinking about the seasons of snow. With this platform, the accumulation of snow is more difficult, which allows its use throughout the year. In order to integrate it better into the environment,\u00a0we have replaced the pillars on the right bank with direct anchors to the slope and have built dry stone walls, made of local material, on the access ramps.<\/p>\n<p>We are grateful for the collaboration of TAFF in the transport of equipment and materials in the work area and for the trust placed in iMuntanya by Salard\u00fa\u2019s Town Council.<\/p>\n<p style=\"text-align: center;\"><img loading=\"lazy\" decoding=\"async\" class=\"wp-image-1706 aligncenter\" src=\"http:\/\/www.imuntanya.com\/wp-content\/uploads\/2019\/01\/PP_2018-Salardu-2018_MUrals-15-700x470-300x201.jpg\" alt=\"\" width=\"345\" height=\"231\" srcset=\"http:\/\/www.imuntanya.com\/wp-content\/uploads\/2019\/01\/PP_2018-Salardu-2018_MUrals-15-700x470-300x201.jpg 300w, http:\/\/www.imuntanya.com\/wp-content\/uploads\/2019\/01\/PP_2018-Salardu-2018_MUrals-15-700x470.jpg 700w\" sizes=\"auto, (max-width: 345px) 100vw, 345px\" \/>Salard\u00fa&#8217;s new footbridge is ready for the snow&#8230;<\/p>\n<p style=\"text-align: center;\"><img loading=\"lazy\" decoding=\"async\" class=\"wp-image-1716 aligncenter\" src=\"http:\/\/www.imuntanya.com\/wp-content\/uploads\/2019\/01\/PP_2018-Salardu-2018_MUrals-17-700x470-300x201.jpg\" alt=\"\" width=\"350\" height=\"235\" srcset=\"http:\/\/www.imuntanya.com\/wp-content\/uploads\/2019\/01\/PP_2018-Salardu-2018_MUrals-17-700x470-300x201.jpg 300w, http:\/\/www.imuntanya.com\/wp-content\/uploads\/2019\/01\/PP_2018-Salardu-2018_MUrals-17-700x470.jpg 700w\" sizes=\"auto, (max-width: 350px) 100vw, 350px\" \/>And is ready for the warmer seasons with areas for picnic.\u00a0<\/p>\n<p>[\/et_pb_text][\/et_pb_column][\/et_pb_row][\/et_pb_section]<\/p>\n","protected":false},"excerpt":{"rendered":"<p>Designed from the Urals Model, its 17 meters long connect Salard\u00fa with the district of Unha.<\/p>\n","protected":false},"author":2,"featured_media":1713,"comment_status":"open","ping_status":"open","sticky":false,"template":"","format":"standard","meta":{"_et_pb_use_builder":"on","_et_pb_old_content":"","_et_gb_content_width":"","footnotes":""},"categories":[122],"tags":[123],"class_list":["post-1942","post","type-post","status-publish","format-standard","has-post-thumbnail","hentry","category-blog-en","tag-hanging-walkways"],"yoast_head":"<!-- This site is optimized with the Yoast SEO plugin v26.1.1 - https:\/\/yoast.com\/wordpress\/plugins\/seo\/ -->\n<title>Salard\u00fa: a suspended bridge prepared for winter | imuntanya<\/title>\n<meta name=\"robots\" content=\"index, follow, max-snippet:-1, max-image-preview:large, max-video-preview:-1\" \/>\n<link rel=\"canonical\" href=\"http:\/\/www.imuntanya.com\/en\/blog-en\/salardu-a-suspended-bridge-prepared-for-winter\/\" \/>\n<meta property=\"og:locale\" content=\"en_US\" \/>\n<meta property=\"og:type\" content=\"article\" \/>\n<meta property=\"og:title\" content=\"Salard\u00fa: a suspended bridge prepared for winter | imuntanya\" \/>\n<meta property=\"og:description\" content=\"Designed from the Urals Model, its 17 meters long connect Salard\u00fa with the district of Unha.\" \/>\n<meta property=\"og:url\" content=\"http:\/\/www.imuntanya.com\/en\/blog-en\/salardu-a-suspended-bridge-prepared-for-winter\/\" \/>\n<meta property=\"og:site_name\" content=\"imuntanya\" \/>\n<meta property=\"article:publisher\" content=\"https:\/\/www.facebook.com\/imuntanya\" \/>\n<meta property=\"article:published_time\" content=\"2019-01-21T11:45:31+00:00\" \/>\n<meta property=\"article:modified_time\" content=\"2019-06-27T01:18:34+00:00\" \/>\n<meta property=\"og:image\" content=\"http:\/\/www.imuntanya.com\/wp-content\/uploads\/2019\/01\/PP_2018-Salardu-2018_MUrals-16-700x470.jpg\" \/>\n\t<meta property=\"og:image:width\" content=\"700\" \/>\n\t<meta property=\"og:image:height\" content=\"470\" \/>\n\t<meta property=\"og:image:type\" content=\"image\/jpeg\" \/>\n<meta name=\"author\" content=\"Merc\u00e8 Pujol\" \/>\n<meta name=\"twitter:card\" content=\"summary_large_image\" \/>\n<meta name=\"twitter:creator\" content=\"@imuntanya15\" \/>\n<meta name=\"twitter:site\" content=\"@imuntanya15\" \/>\n<meta name=\"twitter:label1\" content=\"Written by\" \/>\n\t<meta name=\"twitter:data1\" content=\"Merc\u00e8 Pujol\" \/>\n\t<meta name=\"twitter:label2\" content=\"Est. reading time\" \/>\n\t<meta name=\"twitter:data2\" content=\"1 minute\" \/>\n<script type=\"application\/ld+json\" class=\"yoast-schema-graph\">{\"@context\":\"https:\/\/schema.org\",\"@graph\":[{\"@type\":\"Article\",\"@id\":\"http:\/\/www.imuntanya.com\/en\/blog-en\/salardu-a-suspended-bridge-prepared-for-winter\/#article\",\"isPartOf\":{\"@id\":\"http:\/\/www.imuntanya.com\/en\/blog-en\/salardu-a-suspended-bridge-prepared-for-winter\/\"},\"author\":{\"name\":\"Merc\u00e8 Pujol\",\"@id\":\"http:\/\/www.imuntanya.com\/#\/schema\/person\/c144fa172ac4fbfb4767af32d5acae8e\"},\"headline\":\"Salard\u00fa: a suspended bridge prepared for winter\",\"datePublished\":\"2019-01-21T11:45:31+00:00\",\"dateModified\":\"2019-06-27T01:18:34+00:00\",\"mainEntityOfPage\":{\"@id\":\"http:\/\/www.imuntanya.com\/en\/blog-en\/salardu-a-suspended-bridge-prepared-for-winter\/\"},\"wordCount\":275,\"commentCount\":0,\"publisher\":{\"@id\":\"http:\/\/www.imuntanya.com\/#organization\"},\"image\":{\"@id\":\"http:\/\/www.imuntanya.com\/en\/blog-en\/salardu-a-suspended-bridge-prepared-for-winter\/#primaryimage\"},\"thumbnailUrl\":\"http:\/\/www.imuntanya.com\/wp-content\/uploads\/2019\/01\/PP_2018-Salardu-2018_MUrals-16-700x470.jpg\",\"keywords\":[\"Hanging walkways\"],\"articleSection\":[\"Blog\"],\"inLanguage\":\"en-US\",\"potentialAction\":[{\"@type\":\"CommentAction\",\"name\":\"Comment\",\"target\":[\"http:\/\/www.imuntanya.com\/en\/blog-en\/salardu-a-suspended-bridge-prepared-for-winter\/#respond\"]}]},{\"@type\":\"WebPage\",\"@id\":\"http:\/\/www.imuntanya.com\/en\/blog-en\/salardu-a-suspended-bridge-prepared-for-winter\/\",\"url\":\"http:\/\/www.imuntanya.com\/en\/blog-en\/salardu-a-suspended-bridge-prepared-for-winter\/\",\"name\":\"Salard\u00fa: a suspended bridge prepared for winter | imuntanya\",\"isPartOf\":{\"@id\":\"http:\/\/www.imuntanya.com\/#website\"},\"primaryImageOfPage\":{\"@id\":\"http:\/\/www.imuntanya.com\/en\/blog-en\/salardu-a-suspended-bridge-prepared-for-winter\/#primaryimage\"},\"image\":{\"@id\":\"http:\/\/www.imuntanya.com\/en\/blog-en\/salardu-a-suspended-bridge-prepared-for-winter\/#primaryimage\"},\"thumbnailUrl\":\"http:\/\/www.imuntanya.com\/wp-content\/uploads\/2019\/01\/PP_2018-Salardu-2018_MUrals-16-700x470.jpg\",\"datePublished\":\"2019-01-21T11:45:31+00:00\",\"dateModified\":\"2019-06-27T01:18:34+00:00\",\"breadcrumb\":{\"@id\":\"http:\/\/www.imuntanya.com\/en\/blog-en\/salardu-a-suspended-bridge-prepared-for-winter\/#breadcrumb\"},\"inLanguage\":\"en-US\",\"potentialAction\":[{\"@type\":\"ReadAction\",\"target\":[\"http:\/\/www.imuntanya.com\/en\/blog-en\/salardu-a-suspended-bridge-prepared-for-winter\/\"]}]},{\"@type\":\"ImageObject\",\"inLanguage\":\"en-US\",\"@id\":\"http:\/\/www.imuntanya.com\/en\/blog-en\/salardu-a-suspended-bridge-prepared-for-winter\/#primaryimage\",\"url\":\"http:\/\/www.imuntanya.com\/wp-content\/uploads\/2019\/01\/PP_2018-Salardu-2018_MUrals-16-700x470.jpg\",\"contentUrl\":\"http:\/\/www.imuntanya.com\/wp-content\/uploads\/2019\/01\/PP_2018-Salardu-2018_MUrals-16-700x470.jpg\",\"width\":700,\"height\":470,\"caption\":\"Pont Penjant del Model Urals de iMuntanya construit l'any 2018 a Salard\u00fa, Vall d'Ar\u00e1n. Est\u00e1 preparat per la neu amb una passarel\u00b7la d'acer galvanitzat.\"},{\"@type\":\"BreadcrumbList\",\"@id\":\"http:\/\/www.imuntanya.com\/en\/blog-en\/salardu-a-suspended-bridge-prepared-for-winter\/#breadcrumb\",\"itemListElement\":[{\"@type\":\"ListItem\",\"position\":1,\"name\":\"Inici\",\"item\":\"http:\/\/www.imuntanya.com\/\"},{\"@type\":\"ListItem\",\"position\":2,\"name\":\"Salard\u00fa: a suspended bridge prepared for winter\"}]},{\"@type\":\"WebSite\",\"@id\":\"http:\/\/www.imuntanya.com\/#website\",\"url\":\"http:\/\/www.imuntanya.com\/\",\"name\":\"iMuntanya\",\"description\":\"Infraestructures per alta muntanya i en zones de dif\u00edcil acc\u00e9s\",\"publisher\":{\"@id\":\"http:\/\/www.imuntanya.com\/#organization\"},\"potentialAction\":[{\"@type\":\"SearchAction\",\"target\":{\"@type\":\"EntryPoint\",\"urlTemplate\":\"http:\/\/www.imuntanya.com\/?s={search_term_string}\"},\"query-input\":{\"@type\":\"PropertyValueSpecification\",\"valueRequired\":true,\"valueName\":\"search_term_string\"}}],\"inLanguage\":\"en-US\"},{\"@type\":\"Organization\",\"@id\":\"http:\/\/www.imuntanya.com\/#organization\",\"name\":\"iMuntanya \u00b7 Infraestructures de Muntanya S.L.\",\"url\":\"http:\/\/www.imuntanya.com\/\",\"logo\":{\"@type\":\"ImageObject\",\"inLanguage\":\"en-US\",\"@id\":\"http:\/\/www.imuntanya.com\/#\/schema\/logo\/image\/\",\"url\":\"http:\/\/www.imuntanya.com\/wp-content\/uploads\/2019\/07\/imu-cat-2.png\",\"contentUrl\":\"http:\/\/www.imuntanya.com\/wp-content\/uploads\/2019\/07\/imu-cat-2.png\",\"width\":640,\"height\":83,\"caption\":\"iMuntanya \u00b7 Infraestructures de Muntanya S.L.\"},\"image\":{\"@id\":\"http:\/\/www.imuntanya.com\/#\/schema\/logo\/image\/\"},\"sameAs\":[\"https:\/\/www.facebook.com\/imuntanya\",\"https:\/\/x.com\/imuntanya15\",\"https:\/\/www.instagram.com\/imuntanya\/\",\"https:\/\/www.linkedin.com\/company\/imuntanya\/\",\"https:\/\/www.youtube.com\/user\/imuntanyaatyoutub\"]},{\"@type\":\"Person\",\"@id\":\"http:\/\/www.imuntanya.com\/#\/schema\/person\/c144fa172ac4fbfb4767af32d5acae8e\",\"name\":\"Merc\u00e8 Pujol\",\"image\":{\"@type\":\"ImageObject\",\"inLanguage\":\"en-US\",\"@id\":\"http:\/\/www.imuntanya.com\/#\/schema\/person\/image\/\",\"url\":\"https:\/\/secure.gravatar.com\/avatar\/10213c83b04e18e80603efc3add346a4f27921c505524ba24c92ebf7f86153a2?s=96&d=mm&r=g\",\"contentUrl\":\"https:\/\/secure.gravatar.com\/avatar\/10213c83b04e18e80603efc3add346a4f27921c505524ba24c92ebf7f86153a2?s=96&d=mm&r=g\",\"caption\":\"Merc\u00e8 Pujol\"},\"url\":\"http:\/\/www.imuntanya.com\/en\/author\/merce\/\"}]}<\/script>\n<!-- \/ Yoast SEO plugin. -->","yoast_head_json":{"title":"Salard\u00fa: a suspended bridge prepared for winter | imuntanya","robots":{"index":"index","follow":"follow","max-snippet":"max-snippet:-1","max-image-preview":"max-image-preview:large","max-video-preview":"max-video-preview:-1"},"canonical":"http:\/\/www.imuntanya.com\/en\/blog-en\/salardu-a-suspended-bridge-prepared-for-winter\/","og_locale":"en_US","og_type":"article","og_title":"Salard\u00fa: a suspended bridge prepared for winter | imuntanya","og_description":"Designed from the Urals Model, its 17 meters long connect Salard\u00fa with the district of Unha.","og_url":"http:\/\/www.imuntanya.com\/en\/blog-en\/salardu-a-suspended-bridge-prepared-for-winter\/","og_site_name":"imuntanya","article_publisher":"https:\/\/www.facebook.com\/imuntanya","article_published_time":"2019-01-21T11:45:31+00:00","article_modified_time":"2019-06-27T01:18:34+00:00","og_image":[{"width":700,"height":470,"url":"http:\/\/www.imuntanya.com\/wp-content\/uploads\/2019\/01\/PP_2018-Salardu-2018_MUrals-16-700x470.jpg","type":"image\/jpeg"}],"author":"Merc\u00e8 Pujol","twitter_card":"summary_large_image","twitter_creator":"@imuntanya15","twitter_site":"@imuntanya15","twitter_misc":{"Written by":"Merc\u00e8 Pujol","Est. reading time":"1 minute"},"schema":{"@context":"https:\/\/schema.org","@graph":[{"@type":"Article","@id":"http:\/\/www.imuntanya.com\/en\/blog-en\/salardu-a-suspended-bridge-prepared-for-winter\/#article","isPartOf":{"@id":"http:\/\/www.imuntanya.com\/en\/blog-en\/salardu-a-suspended-bridge-prepared-for-winter\/"},"author":{"name":"Merc\u00e8 Pujol","@id":"http:\/\/www.imuntanya.com\/#\/schema\/person\/c144fa172ac4fbfb4767af32d5acae8e"},"headline":"Salard\u00fa: a suspended bridge prepared for winter","datePublished":"2019-01-21T11:45:31+00:00","dateModified":"2019-06-27T01:18:34+00:00","mainEntityOfPage":{"@id":"http:\/\/www.imuntanya.com\/en\/blog-en\/salardu-a-suspended-bridge-prepared-for-winter\/"},"wordCount":275,"commentCount":0,"publisher":{"@id":"http:\/\/www.imuntanya.com\/#organization"},"image":{"@id":"http:\/\/www.imuntanya.com\/en\/blog-en\/salardu-a-suspended-bridge-prepared-for-winter\/#primaryimage"},"thumbnailUrl":"http:\/\/www.imuntanya.com\/wp-content\/uploads\/2019\/01\/PP_2018-Salardu-2018_MUrals-16-700x470.jpg","keywords":["Hanging walkways"],"articleSection":["Blog"],"inLanguage":"en-US","potentialAction":[{"@type":"CommentAction","name":"Comment","target":["http:\/\/www.imuntanya.com\/en\/blog-en\/salardu-a-suspended-bridge-prepared-for-winter\/#respond"]}]},{"@type":"WebPage","@id":"http:\/\/www.imuntanya.com\/en\/blog-en\/salardu-a-suspended-bridge-prepared-for-winter\/","url":"http:\/\/www.imuntanya.com\/en\/blog-en\/salardu-a-suspended-bridge-prepared-for-winter\/","name":"Salard\u00fa: a suspended bridge prepared for winter | imuntanya","isPartOf":{"@id":"http:\/\/www.imuntanya.com\/#website"},"primaryImageOfPage":{"@id":"http:\/\/www.imuntanya.com\/en\/blog-en\/salardu-a-suspended-bridge-prepared-for-winter\/#primaryimage"},"image":{"@id":"http:\/\/www.imuntanya.com\/en\/blog-en\/salardu-a-suspended-bridge-prepared-for-winter\/#primaryimage"},"thumbnailUrl":"http:\/\/www.imuntanya.com\/wp-content\/uploads\/2019\/01\/PP_2018-Salardu-2018_MUrals-16-700x470.jpg","datePublished":"2019-01-21T11:45:31+00:00","dateModified":"2019-06-27T01:18:34+00:00","breadcrumb":{"@id":"http:\/\/www.imuntanya.com\/en\/blog-en\/salardu-a-suspended-bridge-prepared-for-winter\/#breadcrumb"},"inLanguage":"en-US","potentialAction":[{"@type":"ReadAction","target":["http:\/\/www.imuntanya.com\/en\/blog-en\/salardu-a-suspended-bridge-prepared-for-winter\/"]}]},{"@type":"ImageObject","inLanguage":"en-US","@id":"http:\/\/www.imuntanya.com\/en\/blog-en\/salardu-a-suspended-bridge-prepared-for-winter\/#primaryimage","url":"http:\/\/www.imuntanya.com\/wp-content\/uploads\/2019\/01\/PP_2018-Salardu-2018_MUrals-16-700x470.jpg","contentUrl":"http:\/\/www.imuntanya.com\/wp-content\/uploads\/2019\/01\/PP_2018-Salardu-2018_MUrals-16-700x470.jpg","width":700,"height":470,"caption":"Pont Penjant del Model Urals de iMuntanya construit l'any 2018 a Salard\u00fa, Vall d'Ar\u00e1n. Est\u00e1 preparat per la neu amb una passarel\u00b7la d'acer galvanitzat."},{"@type":"BreadcrumbList","@id":"http:\/\/www.imuntanya.com\/en\/blog-en\/salardu-a-suspended-bridge-prepared-for-winter\/#breadcrumb","itemListElement":[{"@type":"ListItem","position":1,"name":"Inici","item":"http:\/\/www.imuntanya.com\/"},{"@type":"ListItem","position":2,"name":"Salard\u00fa: a suspended bridge prepared for winter"}]},{"@type":"WebSite","@id":"http:\/\/www.imuntanya.com\/#website","url":"http:\/\/www.imuntanya.com\/","name":"iMuntanya","description":"Infraestructures per alta muntanya i en zones de dif\u00edcil acc\u00e9s","publisher":{"@id":"http:\/\/www.imuntanya.com\/#organization"},"potentialAction":[{"@type":"SearchAction","target":{"@type":"EntryPoint","urlTemplate":"http:\/\/www.imuntanya.com\/?s={search_term_string}"},"query-input":{"@type":"PropertyValueSpecification","valueRequired":true,"valueName":"search_term_string"}}],"inLanguage":"en-US"},{"@type":"Organization","@id":"http:\/\/www.imuntanya.com\/#organization","name":"iMuntanya \u00b7 Infraestructures de Muntanya S.L.","url":"http:\/\/www.imuntanya.com\/","logo":{"@type":"ImageObject","inLanguage":"en-US","@id":"http:\/\/www.imuntanya.com\/#\/schema\/logo\/image\/","url":"http:\/\/www.imuntanya.com\/wp-content\/uploads\/2019\/07\/imu-cat-2.png","contentUrl":"http:\/\/www.imuntanya.com\/wp-content\/uploads\/2019\/07\/imu-cat-2.png","width":640,"height":83,"caption":"iMuntanya \u00b7 Infraestructures de Muntanya S.L."},"image":{"@id":"http:\/\/www.imuntanya.com\/#\/schema\/logo\/image\/"},"sameAs":["https:\/\/www.facebook.com\/imuntanya","https:\/\/x.com\/imuntanya15","https:\/\/www.instagram.com\/imuntanya\/","https:\/\/www.linkedin.com\/company\/imuntanya\/","https:\/\/www.youtube.com\/user\/imuntanyaatyoutub"]},{"@type":"Person","@id":"http:\/\/www.imuntanya.com\/#\/schema\/person\/c144fa172ac4fbfb4767af32d5acae8e","name":"Merc\u00e8 Pujol","image":{"@type":"ImageObject","inLanguage":"en-US","@id":"http:\/\/www.imuntanya.com\/#\/schema\/person\/image\/","url":"https:\/\/secure.gravatar.com\/avatar\/10213c83b04e18e80603efc3add346a4f27921c505524ba24c92ebf7f86153a2?s=96&d=mm&r=g","contentUrl":"https:\/\/secure.gravatar.com\/avatar\/10213c83b04e18e80603efc3add346a4f27921c505524ba24c92ebf7f86153a2?s=96&d=mm&r=g","caption":"Merc\u00e8 Pujol"},"url":"http:\/\/www.imuntanya.com\/en\/author\/merce\/"}]}},"_links":{"self":[{"href":"http:\/\/www.imuntanya.com\/en\/wp-json\/wp\/v2\/posts\/1942","targetHints":{"allow":["GET"]}}],"collection":[{"href":"http:\/\/www.imuntanya.com\/en\/wp-json\/wp\/v2\/posts"}],"about":[{"href":"http:\/\/www.imuntanya.com\/en\/wp-json\/wp\/v2\/types\/post"}],"author":[{"embeddable":true,"href":"http:\/\/www.imuntanya.com\/en\/wp-json\/wp\/v2\/users\/2"}],"replies":[{"embeddable":true,"href":"http:\/\/www.imuntanya.com\/en\/wp-json\/wp\/v2\/comments?post=1942"}],"version-history":[{"count":4,"href":"http:\/\/www.imuntanya.com\/en\/wp-json\/wp\/v2\/posts\/1942\/revisions"}],"predecessor-version":[{"id":2190,"href":"http:\/\/www.imuntanya.com\/en\/wp-json\/wp\/v2\/posts\/1942\/revisions\/2190"}],"wp:featuredmedia":[{"embeddable":true,"href":"http:\/\/www.imuntanya.com\/en\/wp-json\/wp\/v2\/media\/1713"}],"wp:attachment":[{"href":"http:\/\/www.imuntanya.com\/en\/wp-json\/wp\/v2\/media?parent=1942"}],"wp:term":[{"taxonomy":"category","embeddable":true,"href":"http:\/\/www.imuntanya.com\/en\/wp-json\/wp\/v2\/categories?post=1942"},{"taxonomy":"post_tag","embeddable":true,"href":"http:\/\/www.imuntanya.com\/en\/wp-json\/wp\/v2\/tags?post=1942"}],"curies":[{"name":"wp","href":"https:\/\/api.w.org\/{rel}","templated":true}]}}