{"id":1958,"date":"2019-01-17T16:27:31","date_gmt":"2019-01-17T14:27:31","guid":{"rendered":"http:\/\/www.imuntanya.com\/uncategorized\/inauguration-of-the-hanging-footbridge-in-pielagos\/"},"modified":"2019-01-17T16:28:46","modified_gmt":"2019-01-17T14:28:46","slug":"inauguration-of-the-hanging-footbridge-in-pielagos","status":"publish","type":"post","link":"http:\/\/www.imuntanya.com\/en\/blog-en\/inauguration-of-the-hanging-footbridge-in-pielagos\/","title":{"rendered":"Inauguration of the hanging footbridge in Pi\u00e9lagos"},"content":{"rendered":"<p>[et_pb_section bb_built=&#8221;1&#8243; _builder_version=&#8221;3.0.98&#8243; custom_margin=&#8221;0px|0px|0px|0px&#8221; custom_padding=&#8221;0px|0px|0px|0px&#8221;][et_pb_row _builder_version=&#8221;3.0.98&#8243;][et_pb_column type=&#8221;4_4&#8243;][et_pb_text _builder_version=&#8221;3.0.98&#8243; background_layout=&#8221;light&#8221;]<\/p>\n<p>The footbridge inaugurated by Pi\u00e9lagos\u2019 Mayor, Ver\u00f3nica Samperio, and the Councillor for Public Works and Housing, Jos\u00e9 Mar\u00eda Maz\u00f3n, has four carrying cables, supported by metal poles and anchored in concrete massifs.<\/p>\n<p>The hanging footbridge, 100 m long, connects two villages separated by the Pas River, which facilitates the route from one to the other -which was previously 6 km long, as has been collected by several news items that echoed the comment of the councillor.<\/p>\n<p><sup><span lang=\"CA\">1<\/span><\/sup>\u00a0<span lang=\"CA\"><a href=\"http:\/\/www.pielagos.es\/noticias\/noticia\/inaugurada-la-pasarela-colgante-metalica-instalada-sobre-el-rio-pas-entre-carandia-y-zurita\" target=\"_blank\" rel=\"noopener\">Ayuntamiento de Pi\u00e9lagos<\/a>\u00a0<\/span><span lang=\"CA\"><br \/>\n<sup>2<\/sup>\u00a0<\/span><span lang=\"CA\"><a href=\"http:\/\/www.cantabria.es\/detalle\/-\/journal_content\/56_INSTANCE_DETALLE\/16413\/3760105?refererPlid=17001\" target=\"_blank\" rel=\"noopener\">cantabria.es<\/a><br \/>\n<\/span><sup><span lang=\"CA\">3<\/span><\/sup>\u00a0<span lang=\"CA\"><a href=\"http:\/\/www.cantabria24horas.com\/noticias\/pilagos-ya-tiene-la-pasarela-colgante-sobre-el-ro-pas-en-caranda\/61910\" target=\"_blank\" rel=\"noopener\">Cantabria24horas.com<\/a><\/span><\/p>\n<p>[\/et_pb_text][\/et_pb_column][\/et_pb_row][\/et_pb_section]<\/p>\n","protected":false},"excerpt":{"rendered":"<p>The hanging footbridge, 100 m long, connects two villages separated by the Pas River.<\/p>\n","protected":false},"author":1,"featured_media":331,"comment_status":"open","ping_status":"open","sticky":false,"template":"","format":"standard","meta":{"_et_pb_use_builder":"on","_et_pb_old_content":"","_et_gb_content_width":"","footnotes":""},"categories":[122],"tags":[123],"class_list":["post-1958","post","type-post","status-publish","format-standard","has-post-thumbnail","hentry","category-blog-en","tag-hanging-walkways"],"yoast_head":"<!-- This site is optimized with the Yoast SEO plugin v26.1.1 - https:\/\/yoast.com\/wordpress\/plugins\/seo\/ -->\n<title>Inauguration of the hanging footbridge in Pi\u00e9lagos | imuntanya<\/title>\n<meta name=\"robots\" content=\"index, follow, max-snippet:-1, max-image-preview:large, max-video-preview:-1\" \/>\n<link rel=\"canonical\" href=\"http:\/\/www.imuntanya.com\/en\/blog-en\/inauguration-of-the-hanging-footbridge-in-pielagos\/\" \/>\n<meta property=\"og:locale\" content=\"en_US\" \/>\n<meta property=\"og:type\" content=\"article\" \/>\n<meta property=\"og:title\" content=\"Inauguration of the hanging footbridge in Pi\u00e9lagos | imuntanya\" \/>\n<meta property=\"og:description\" content=\"The hanging footbridge, 100 m long, connects two villages separated by the Pas River.\" \/>\n<meta property=\"og:url\" content=\"http:\/\/www.imuntanya.com\/en\/blog-en\/inauguration-of-the-hanging-footbridge-in-pielagos\/\" \/>\n<meta property=\"og:site_name\" content=\"imuntanya\" \/>\n<meta property=\"article:publisher\" content=\"https:\/\/www.facebook.com\/imuntanya\" \/>\n<meta property=\"article:published_time\" content=\"2019-01-17T14:27:31+00:00\" \/>\n<meta property=\"article:modified_time\" content=\"2019-01-17T14:28:46+00:00\" \/>\n<meta property=\"og:image\" content=\"http:\/\/www.imuntanya.com\/wp-content\/uploads\/2018\/09\/entrada_puente_2.jpg\" \/>\n\t<meta property=\"og:image:width\" content=\"700\" \/>\n\t<meta property=\"og:image:height\" content=\"525\" \/>\n\t<meta property=\"og:image:type\" content=\"image\/jpeg\" \/>\n<meta name=\"author\" content=\"adm1n1muntanya\" \/>\n<meta name=\"twitter:card\" content=\"summary_large_image\" \/>\n<meta name=\"twitter:creator\" content=\"@imuntanya15\" \/>\n<meta name=\"twitter:site\" content=\"@imuntanya15\" \/>\n<meta name=\"twitter:label1\" content=\"Written by\" \/>\n\t<meta name=\"twitter:data1\" content=\"adm1n1muntanya\" \/>\n\t<meta name=\"twitter:label2\" content=\"Est. reading time\" \/>\n\t<meta name=\"twitter:data2\" content=\"1 minute\" \/>\n<script type=\"application\/ld+json\" class=\"yoast-schema-graph\">{\"@context\":\"https:\/\/schema.org\",\"@graph\":[{\"@type\":\"Article\",\"@id\":\"http:\/\/www.imuntanya.com\/en\/blog-en\/inauguration-of-the-hanging-footbridge-in-pielagos\/#article\",\"isPartOf\":{\"@id\":\"http:\/\/www.imuntanya.com\/en\/blog-en\/inauguration-of-the-hanging-footbridge-in-pielagos\/\"},\"author\":{\"name\":\"adm1n1muntanya\",\"@id\":\"http:\/\/www.imuntanya.com\/#\/schema\/person\/379f5e5a53850bb56e0a50c87a42c54f\"},\"headline\":\"Inauguration of the hanging footbridge in Pi\u00e9lagos\",\"datePublished\":\"2019-01-17T14:27:31+00:00\",\"dateModified\":\"2019-01-17T14:28:46+00:00\",\"mainEntityOfPage\":{\"@id\":\"http:\/\/www.imuntanya.com\/en\/blog-en\/inauguration-of-the-hanging-footbridge-in-pielagos\/\"},\"wordCount\":143,\"commentCount\":0,\"publisher\":{\"@id\":\"http:\/\/www.imuntanya.com\/#organization\"},\"image\":{\"@id\":\"http:\/\/www.imuntanya.com\/en\/blog-en\/inauguration-of-the-hanging-footbridge-in-pielagos\/#primaryimage\"},\"thumbnailUrl\":\"http:\/\/www.imuntanya.com\/wp-content\/uploads\/2018\/09\/entrada_puente_2.jpg\",\"keywords\":[\"Hanging walkways\"],\"articleSection\":[\"Blog\"],\"inLanguage\":\"en-US\",\"potentialAction\":[{\"@type\":\"CommentAction\",\"name\":\"Comment\",\"target\":[\"http:\/\/www.imuntanya.com\/en\/blog-en\/inauguration-of-the-hanging-footbridge-in-pielagos\/#respond\"]}]},{\"@type\":\"WebPage\",\"@id\":\"http:\/\/www.imuntanya.com\/en\/blog-en\/inauguration-of-the-hanging-footbridge-in-pielagos\/\",\"url\":\"http:\/\/www.imuntanya.com\/en\/blog-en\/inauguration-of-the-hanging-footbridge-in-pielagos\/\",\"name\":\"Inauguration of the hanging footbridge in Pi\u00e9lagos | imuntanya\",\"isPartOf\":{\"@id\":\"http:\/\/www.imuntanya.com\/#website\"},\"primaryImageOfPage\":{\"@id\":\"http:\/\/www.imuntanya.com\/en\/blog-en\/inauguration-of-the-hanging-footbridge-in-pielagos\/#primaryimage\"},\"image\":{\"@id\":\"http:\/\/www.imuntanya.com\/en\/blog-en\/inauguration-of-the-hanging-footbridge-in-pielagos\/#primaryimage\"},\"thumbnailUrl\":\"http:\/\/www.imuntanya.com\/wp-content\/uploads\/2018\/09\/entrada_puente_2.jpg\",\"datePublished\":\"2019-01-17T14:27:31+00:00\",\"dateModified\":\"2019-01-17T14:28:46+00:00\",\"breadcrumb\":{\"@id\":\"http:\/\/www.imuntanya.com\/en\/blog-en\/inauguration-of-the-hanging-footbridge-in-pielagos\/#breadcrumb\"},\"inLanguage\":\"en-US\",\"potentialAction\":[{\"@type\":\"ReadAction\",\"target\":[\"http:\/\/www.imuntanya.com\/en\/blog-en\/inauguration-of-the-hanging-footbridge-in-pielagos\/\"]}]},{\"@type\":\"ImageObject\",\"inLanguage\":\"en-US\",\"@id\":\"http:\/\/www.imuntanya.com\/en\/blog-en\/inauguration-of-the-hanging-footbridge-in-pielagos\/#primaryimage\",\"url\":\"http:\/\/www.imuntanya.com\/wp-content\/uploads\/2018\/09\/entrada_puente_2.jpg\",\"contentUrl\":\"http:\/\/www.imuntanya.com\/wp-content\/uploads\/2018\/09\/entrada_puente_2.jpg\",\"width\":700,\"height\":525,\"caption\":\"Entrada al puente de Pi\u00e9lagos, Santander, construido en acero y hormig\u00f3n en el a\u00f1o 2016.\"},{\"@type\":\"BreadcrumbList\",\"@id\":\"http:\/\/www.imuntanya.com\/en\/blog-en\/inauguration-of-the-hanging-footbridge-in-pielagos\/#breadcrumb\",\"itemListElement\":[{\"@type\":\"ListItem\",\"position\":1,\"name\":\"Inici\",\"item\":\"http:\/\/www.imuntanya.com\/\"},{\"@type\":\"ListItem\",\"position\":2,\"name\":\"Inauguration of the hanging footbridge in Pi\u00e9lagos\"}]},{\"@type\":\"WebSite\",\"@id\":\"http:\/\/www.imuntanya.com\/#website\",\"url\":\"http:\/\/www.imuntanya.com\/\",\"name\":\"iMuntanya\",\"description\":\"Infraestructures per alta muntanya i en zones de dif\u00edcil acc\u00e9s\",\"publisher\":{\"@id\":\"http:\/\/www.imuntanya.com\/#organization\"},\"potentialAction\":[{\"@type\":\"SearchAction\",\"target\":{\"@type\":\"EntryPoint\",\"urlTemplate\":\"http:\/\/www.imuntanya.com\/?s={search_term_string}\"},\"query-input\":{\"@type\":\"PropertyValueSpecification\",\"valueRequired\":true,\"valueName\":\"search_term_string\"}}],\"inLanguage\":\"en-US\"},{\"@type\":\"Organization\",\"@id\":\"http:\/\/www.imuntanya.com\/#organization\",\"name\":\"iMuntanya \u00b7 Infraestructures de Muntanya S.L.\",\"url\":\"http:\/\/www.imuntanya.com\/\",\"logo\":{\"@type\":\"ImageObject\",\"inLanguage\":\"en-US\",\"@id\":\"http:\/\/www.imuntanya.com\/#\/schema\/logo\/image\/\",\"url\":\"http:\/\/www.imuntanya.com\/wp-content\/uploads\/2019\/07\/imu-cat-2.png\",\"contentUrl\":\"http:\/\/www.imuntanya.com\/wp-content\/uploads\/2019\/07\/imu-cat-2.png\",\"width\":640,\"height\":83,\"caption\":\"iMuntanya \u00b7 Infraestructures de Muntanya S.L.\"},\"image\":{\"@id\":\"http:\/\/www.imuntanya.com\/#\/schema\/logo\/image\/\"},\"sameAs\":[\"https:\/\/www.facebook.com\/imuntanya\",\"https:\/\/x.com\/imuntanya15\",\"https:\/\/www.instagram.com\/imuntanya\/\",\"https:\/\/www.linkedin.com\/company\/imuntanya\/\",\"https:\/\/www.youtube.com\/user\/imuntanyaatyoutub\"]},{\"@type\":\"Person\",\"@id\":\"http:\/\/www.imuntanya.com\/#\/schema\/person\/379f5e5a53850bb56e0a50c87a42c54f\",\"name\":\"adm1n1muntanya\",\"image\":{\"@type\":\"ImageObject\",\"inLanguage\":\"en-US\",\"@id\":\"http:\/\/www.imuntanya.com\/#\/schema\/person\/image\/\",\"url\":\"https:\/\/secure.gravatar.com\/avatar\/5acdb0ad6f3fd923216e34258e2814fe57b02f42fe7c6b4847d528101da6e9ff?s=96&d=mm&r=g\",\"contentUrl\":\"https:\/\/secure.gravatar.com\/avatar\/5acdb0ad6f3fd923216e34258e2814fe57b02f42fe7c6b4847d528101da6e9ff?s=96&d=mm&r=g\",\"caption\":\"adm1n1muntanya\"},\"url\":\"http:\/\/www.imuntanya.com\/en\/author\/adm1n1muntanya\/\"}]}<\/script>\n<!-- \/ Yoast SEO plugin. -->","yoast_head_json":{"title":"Inauguration of the hanging footbridge in Pi\u00e9lagos | imuntanya","robots":{"index":"index","follow":"follow","max-snippet":"max-snippet:-1","max-image-preview":"max-image-preview:large","max-video-preview":"max-video-preview:-1"},"canonical":"http:\/\/www.imuntanya.com\/en\/blog-en\/inauguration-of-the-hanging-footbridge-in-pielagos\/","og_locale":"en_US","og_type":"article","og_title":"Inauguration of the hanging footbridge in Pi\u00e9lagos | imuntanya","og_description":"The hanging footbridge, 100 m long, connects two villages separated by the Pas River.","og_url":"http:\/\/www.imuntanya.com\/en\/blog-en\/inauguration-of-the-hanging-footbridge-in-pielagos\/","og_site_name":"imuntanya","article_publisher":"https:\/\/www.facebook.com\/imuntanya","article_published_time":"2019-01-17T14:27:31+00:00","article_modified_time":"2019-01-17T14:28:46+00:00","og_image":[{"width":700,"height":525,"url":"http:\/\/www.imuntanya.com\/wp-content\/uploads\/2018\/09\/entrada_puente_2.jpg","type":"image\/jpeg"}],"author":"adm1n1muntanya","twitter_card":"summary_large_image","twitter_creator":"@imuntanya15","twitter_site":"@imuntanya15","twitter_misc":{"Written by":"adm1n1muntanya","Est. reading time":"1 minute"},"schema":{"@context":"https:\/\/schema.org","@graph":[{"@type":"Article","@id":"http:\/\/www.imuntanya.com\/en\/blog-en\/inauguration-of-the-hanging-footbridge-in-pielagos\/#article","isPartOf":{"@id":"http:\/\/www.imuntanya.com\/en\/blog-en\/inauguration-of-the-hanging-footbridge-in-pielagos\/"},"author":{"name":"adm1n1muntanya","@id":"http:\/\/www.imuntanya.com\/#\/schema\/person\/379f5e5a53850bb56e0a50c87a42c54f"},"headline":"Inauguration of the hanging footbridge in Pi\u00e9lagos","datePublished":"2019-01-17T14:27:31+00:00","dateModified":"2019-01-17T14:28:46+00:00","mainEntityOfPage":{"@id":"http:\/\/www.imuntanya.com\/en\/blog-en\/inauguration-of-the-hanging-footbridge-in-pielagos\/"},"wordCount":143,"commentCount":0,"publisher":{"@id":"http:\/\/www.imuntanya.com\/#organization"},"image":{"@id":"http:\/\/www.imuntanya.com\/en\/blog-en\/inauguration-of-the-hanging-footbridge-in-pielagos\/#primaryimage"},"thumbnailUrl":"http:\/\/www.imuntanya.com\/wp-content\/uploads\/2018\/09\/entrada_puente_2.jpg","keywords":["Hanging walkways"],"articleSection":["Blog"],"inLanguage":"en-US","potentialAction":[{"@type":"CommentAction","name":"Comment","target":["http:\/\/www.imuntanya.com\/en\/blog-en\/inauguration-of-the-hanging-footbridge-in-pielagos\/#respond"]}]},{"@type":"WebPage","@id":"http:\/\/www.imuntanya.com\/en\/blog-en\/inauguration-of-the-hanging-footbridge-in-pielagos\/","url":"http:\/\/www.imuntanya.com\/en\/blog-en\/inauguration-of-the-hanging-footbridge-in-pielagos\/","name":"Inauguration of the hanging footbridge in Pi\u00e9lagos | imuntanya","isPartOf":{"@id":"http:\/\/www.imuntanya.com\/#website"},"primaryImageOfPage":{"@id":"http:\/\/www.imuntanya.com\/en\/blog-en\/inauguration-of-the-hanging-footbridge-in-pielagos\/#primaryimage"},"image":{"@id":"http:\/\/www.imuntanya.com\/en\/blog-en\/inauguration-of-the-hanging-footbridge-in-pielagos\/#primaryimage"},"thumbnailUrl":"http:\/\/www.imuntanya.com\/wp-content\/uploads\/2018\/09\/entrada_puente_2.jpg","datePublished":"2019-01-17T14:27:31+00:00","dateModified":"2019-01-17T14:28:46+00:00","breadcrumb":{"@id":"http:\/\/www.imuntanya.com\/en\/blog-en\/inauguration-of-the-hanging-footbridge-in-pielagos\/#breadcrumb"},"inLanguage":"en-US","potentialAction":[{"@type":"ReadAction","target":["http:\/\/www.imuntanya.com\/en\/blog-en\/inauguration-of-the-hanging-footbridge-in-pielagos\/"]}]},{"@type":"ImageObject","inLanguage":"en-US","@id":"http:\/\/www.imuntanya.com\/en\/blog-en\/inauguration-of-the-hanging-footbridge-in-pielagos\/#primaryimage","url":"http:\/\/www.imuntanya.com\/wp-content\/uploads\/2018\/09\/entrada_puente_2.jpg","contentUrl":"http:\/\/www.imuntanya.com\/wp-content\/uploads\/2018\/09\/entrada_puente_2.jpg","width":700,"height":525,"caption":"Entrada al puente de Pi\u00e9lagos, Santander, construido en acero y hormig\u00f3n en el a\u00f1o 2016."},{"@type":"BreadcrumbList","@id":"http:\/\/www.imuntanya.com\/en\/blog-en\/inauguration-of-the-hanging-footbridge-in-pielagos\/#breadcrumb","itemListElement":[{"@type":"ListItem","position":1,"name":"Inici","item":"http:\/\/www.imuntanya.com\/"},{"@type":"ListItem","position":2,"name":"Inauguration of the hanging footbridge in Pi\u00e9lagos"}]},{"@type":"WebSite","@id":"http:\/\/www.imuntanya.com\/#website","url":"http:\/\/www.imuntanya.com\/","name":"iMuntanya","description":"Infraestructures per alta muntanya i en zones de dif\u00edcil acc\u00e9s","publisher":{"@id":"http:\/\/www.imuntanya.com\/#organization"},"potentialAction":[{"@type":"SearchAction","target":{"@type":"EntryPoint","urlTemplate":"http:\/\/www.imuntanya.com\/?s={search_term_string}"},"query-input":{"@type":"PropertyValueSpecification","valueRequired":true,"valueName":"search_term_string"}}],"inLanguage":"en-US"},{"@type":"Organization","@id":"http:\/\/www.imuntanya.com\/#organization","name":"iMuntanya \u00b7 Infraestructures de Muntanya S.L.","url":"http:\/\/www.imuntanya.com\/","logo":{"@type":"ImageObject","inLanguage":"en-US","@id":"http:\/\/www.imuntanya.com\/#\/schema\/logo\/image\/","url":"http:\/\/www.imuntanya.com\/wp-content\/uploads\/2019\/07\/imu-cat-2.png","contentUrl":"http:\/\/www.imuntanya.com\/wp-content\/uploads\/2019\/07\/imu-cat-2.png","width":640,"height":83,"caption":"iMuntanya \u00b7 Infraestructures de Muntanya S.L."},"image":{"@id":"http:\/\/www.imuntanya.com\/#\/schema\/logo\/image\/"},"sameAs":["https:\/\/www.facebook.com\/imuntanya","https:\/\/x.com\/imuntanya15","https:\/\/www.instagram.com\/imuntanya\/","https:\/\/www.linkedin.com\/company\/imuntanya\/","https:\/\/www.youtube.com\/user\/imuntanyaatyoutub"]},{"@type":"Person","@id":"http:\/\/www.imuntanya.com\/#\/schema\/person\/379f5e5a53850bb56e0a50c87a42c54f","name":"adm1n1muntanya","image":{"@type":"ImageObject","inLanguage":"en-US","@id":"http:\/\/www.imuntanya.com\/#\/schema\/person\/image\/","url":"https:\/\/secure.gravatar.com\/avatar\/5acdb0ad6f3fd923216e34258e2814fe57b02f42fe7c6b4847d528101da6e9ff?s=96&d=mm&r=g","contentUrl":"https:\/\/secure.gravatar.com\/avatar\/5acdb0ad6f3fd923216e34258e2814fe57b02f42fe7c6b4847d528101da6e9ff?s=96&d=mm&r=g","caption":"adm1n1muntanya"},"url":"http:\/\/www.imuntanya.com\/en\/author\/adm1n1muntanya\/"}]}},"_links":{"self":[{"href":"http:\/\/www.imuntanya.com\/en\/wp-json\/wp\/v2\/posts\/1958","targetHints":{"allow":["GET"]}}],"collection":[{"href":"http:\/\/www.imuntanya.com\/en\/wp-json\/wp\/v2\/posts"}],"about":[{"href":"http:\/\/www.imuntanya.com\/en\/wp-json\/wp\/v2\/types\/post"}],"author":[{"embeddable":true,"href":"http:\/\/www.imuntanya.com\/en\/wp-json\/wp\/v2\/users\/1"}],"replies":[{"embeddable":true,"href":"http:\/\/www.imuntanya.com\/en\/wp-json\/wp\/v2\/comments?post=1958"}],"version-history":[{"count":3,"href":"http:\/\/www.imuntanya.com\/en\/wp-json\/wp\/v2\/posts\/1958\/revisions"}],"predecessor-version":[{"id":1961,"href":"http:\/\/www.imuntanya.com\/en\/wp-json\/wp\/v2\/posts\/1958\/revisions\/1961"}],"wp:featuredmedia":[{"embeddable":true,"href":"http:\/\/www.imuntanya.com\/en\/wp-json\/wp\/v2\/media\/331"}],"wp:attachment":[{"href":"http:\/\/www.imuntanya.com\/en\/wp-json\/wp\/v2\/media?parent=1958"}],"wp:term":[{"taxonomy":"category","embeddable":true,"href":"http:\/\/www.imuntanya.com\/en\/wp-json\/wp\/v2\/categories?post=1958"},{"taxonomy":"post_tag","embeddable":true,"href":"http:\/\/www.imuntanya.com\/en\/wp-json\/wp\/v2\/tags?post=1958"}],"curies":[{"name":"wp","href":"https:\/\/api.w.org\/{rel}","templated":true}]}}