{"id":1195,"date":"2015-05-25T11:00:45","date_gmt":"2015-05-25T09:00:45","guid":{"rendered":"http:\/\/www.imuntanya.com\/?p=1195"},"modified":"2018-11-21T12:03:59","modified_gmt":"2018-11-21T10:03:59","slug":"inaugurado-el-puente-colgante-de-palencia","status":"publish","type":"post","link":"http:\/\/www.imuntanya.com\/es\/sin-categorizar\/inaugurado-el-puente-colgante-de-palencia\/","title":{"rendered":"Inaugurado el Puente Colgante de Palencia"},"content":{"rendered":"<p>[et_pb_section bb_built=\u00bb1&#8243; _builder_version=\u00bb3.0.98&#8243; custom_margin=\u00bb0px|0px|0px|0px\u00bb custom_padding=\u00bb0px|0px|0px|0px\u00bb][et_pb_row _builder_version=\u00bb3.0.98&#8243;][et_pb_column type=\u00bb4_4&#8243;][et_pb_text _builder_version=\u00bb3.17.6&#8243;]<\/p>\n<p>La Empresa <strong>Infraestructures de Muntanya<\/strong>\u00a0finaliz\u00f3 la construcci\u00f3n del Puente Colgante de Palencia con todo \u00e9xito.<\/p>\n<p>El Puente colgante cruza el r\u00edo Pisuerga desde el punto donde el camino de sirga de la margen izquierda del Canal se encuentra con el r\u00edo, hasta el mirador existente en la zona recreativa del embarcadero, desde donde se vuelve a tomar el camino de sirga, ya al otro lado del r\u00edo. \u00a0Esta obra fue financiada por la\u00a0Diputaci\u00f3n de Palencia.<\/p>\n<p>Se trata de una estructura de acero y tarima de madera de casi 80 metros de longitud y 1,50 de anchura<\/p>\n<p>Es una pasarela\u00a0 con el menor impacto visual posible en el paisaje del entorno, con la ventaja tambi\u00e9n de que se ha construido mediante un proceso constructivo poco agresivo, sin invasi\u00f3n del cauce y respetando la mayor parte de la vegetaci\u00f3n de la ribera.\u00a0<strong>.\u00a0<\/strong><\/p>\n<p>El nuevo puente facilitara el recorrido de los ciclistas, peatones y atraer\u00e1 m\u00e1s turistas que visitan la zona, que as\u00ed y podr\u00e1n disfrutar de sus caminadas y la pr\u00e1ctica del deporte de forma m\u00e1s segura.<\/p>\n<p>El Canal de Castilla es uno de los principales atractivos tur\u00edsticos de la Provincia de Palencia y cada vez son m\u00e1s quienes se acercan para conocer esta gran obra de ingenier\u00eda su valioso patrimonio de las poblaciones y paisajes del entorno.<\/p>\n<p>Los caminos de sirga, o caminos de servicio del Canal que discurren paralelos al cauce constituyen una v\u00eda perfecta para que muchos de estos visitantes recorran el Canal, bien caminando o en bicicleta, pues sus m\u00e1s de 200 kil\u00f3metros de recorrido hacen de ellos unas de las mejores rutas ciclo turistas de Espa\u00f1a.<\/p>\n<p>[\/et_pb_text][\/et_pb_column][\/et_pb_row][\/et_pb_section]<\/p>\n","protected":false},"excerpt":{"rendered":"<p>La Empresa Infraestructures de Muntanya\u00a0finaliz\u00f3 la construcci\u00f3n del Puente Colgante de Palencia con todo \u00e9xito.El Puente colgante cruza el r\u00edo Pisuerga desde el punto donde el camino de sirga de la margen izquierda del Canal se encuentra con el r\u00edo, hasta el mirador existente en la zona recreativa del embarcadero, desde donde se vuelve a [&hellip;]<\/p>\n","protected":false},"author":2,"featured_media":0,"comment_status":"open","ping_status":"open","sticky":false,"template":"","format":"standard","meta":{"_et_pb_use_builder":"on","_et_pb_old_content":"","_et_gb_content_width":"","footnotes":""},"categories":[42],"tags":[],"class_list":["post-1195","post","type-post","status-publish","format-standard","hentry","category-sin-categorizar"],"yoast_head":"<!-- This site is optimized with the Yoast SEO plugin v26.1.1 - https:\/\/yoast.com\/wordpress\/plugins\/seo\/ -->\n<title>Inaugurado el Puente Colgante de Palencia | imuntanya<\/title>\n<meta name=\"robots\" content=\"index, follow, max-snippet:-1, max-image-preview:large, max-video-preview:-1\" \/>\n<link rel=\"canonical\" href=\"http:\/\/www.imuntanya.com\/es\/sin-categorizar\/inaugurado-el-puente-colgante-de-palencia\/\" \/>\n<meta property=\"og:locale\" content=\"es_ES\" \/>\n<meta property=\"og:type\" content=\"article\" \/>\n<meta property=\"og:title\" content=\"Inaugurado el Puente Colgante de Palencia | imuntanya\" \/>\n<meta property=\"og:description\" content=\"La Empresa Infraestructures de Muntanya\u00a0finaliz\u00f3 la construcci\u00f3n del Puente Colgante de Palencia con todo \u00e9xito.El Puente colgante cruza el r\u00edo Pisuerga desde el punto donde el camino de sirga de la margen izquierda del Canal se encuentra con el r\u00edo, hasta el mirador existente en la zona recreativa del embarcadero, desde donde se vuelve a [&hellip;]\" \/>\n<meta property=\"og:url\" content=\"http:\/\/www.imuntanya.com\/es\/sin-categorizar\/inaugurado-el-puente-colgante-de-palencia\/\" \/>\n<meta property=\"og:site_name\" content=\"imuntanya\" \/>\n<meta property=\"article:publisher\" content=\"https:\/\/www.facebook.com\/imuntanya\" \/>\n<meta property=\"article:published_time\" content=\"2015-05-25T09:00:45+00:00\" \/>\n<meta property=\"article:modified_time\" content=\"2018-11-21T10:03:59+00:00\" \/>\n<meta name=\"author\" content=\"Merc\u00e8 Pujol\" \/>\n<meta name=\"twitter:card\" content=\"summary_large_image\" \/>\n<meta name=\"twitter:creator\" content=\"@imuntanya15\" \/>\n<meta name=\"twitter:site\" content=\"@imuntanya15\" \/>\n<meta name=\"twitter:label1\" content=\"Escrito por\" \/>\n\t<meta name=\"twitter:data1\" content=\"Merc\u00e8 Pujol\" \/>\n\t<meta name=\"twitter:label2\" content=\"Tiempo de lectura\" \/>\n\t<meta name=\"twitter:data2\" content=\"2 minutos\" \/>\n<script type=\"application\/ld+json\" class=\"yoast-schema-graph\">{\"@context\":\"https:\/\/schema.org\",\"@graph\":[{\"@type\":\"Article\",\"@id\":\"http:\/\/www.imuntanya.com\/es\/sin-categorizar\/inaugurado-el-puente-colgante-de-palencia\/#article\",\"isPartOf\":{\"@id\":\"http:\/\/www.imuntanya.com\/es\/sin-categorizar\/inaugurado-el-puente-colgante-de-palencia\/\"},\"author\":{\"name\":\"Merc\u00e8 Pujol\",\"@id\":\"http:\/\/www.imuntanya.com\/#\/schema\/person\/c144fa172ac4fbfb4767af32d5acae8e\"},\"headline\":\"Inaugurado el Puente Colgante de Palencia\",\"datePublished\":\"2015-05-25T09:00:45+00:00\",\"dateModified\":\"2018-11-21T10:03:59+00:00\",\"mainEntityOfPage\":{\"@id\":\"http:\/\/www.imuntanya.com\/es\/sin-categorizar\/inaugurado-el-puente-colgante-de-palencia\/\"},\"wordCount\":338,\"commentCount\":0,\"publisher\":{\"@id\":\"http:\/\/www.imuntanya.com\/#organization\"},\"articleSection\":[\"Sin categorizar\"],\"inLanguage\":\"es\",\"potentialAction\":[{\"@type\":\"CommentAction\",\"name\":\"Comment\",\"target\":[\"http:\/\/www.imuntanya.com\/es\/sin-categorizar\/inaugurado-el-puente-colgante-de-palencia\/#respond\"]}]},{\"@type\":\"WebPage\",\"@id\":\"http:\/\/www.imuntanya.com\/es\/sin-categorizar\/inaugurado-el-puente-colgante-de-palencia\/\",\"url\":\"http:\/\/www.imuntanya.com\/es\/sin-categorizar\/inaugurado-el-puente-colgante-de-palencia\/\",\"name\":\"Inaugurado el Puente Colgante de Palencia | imuntanya\",\"isPartOf\":{\"@id\":\"http:\/\/www.imuntanya.com\/#website\"},\"datePublished\":\"2015-05-25T09:00:45+00:00\",\"dateModified\":\"2018-11-21T10:03:59+00:00\",\"breadcrumb\":{\"@id\":\"http:\/\/www.imuntanya.com\/es\/sin-categorizar\/inaugurado-el-puente-colgante-de-palencia\/#breadcrumb\"},\"inLanguage\":\"es\",\"potentialAction\":[{\"@type\":\"ReadAction\",\"target\":[\"http:\/\/www.imuntanya.com\/es\/sin-categorizar\/inaugurado-el-puente-colgante-de-palencia\/\"]}]},{\"@type\":\"BreadcrumbList\",\"@id\":\"http:\/\/www.imuntanya.com\/es\/sin-categorizar\/inaugurado-el-puente-colgante-de-palencia\/#breadcrumb\",\"itemListElement\":[{\"@type\":\"ListItem\",\"position\":1,\"name\":\"Inici\",\"item\":\"http:\/\/www.imuntanya.com\/\"},{\"@type\":\"ListItem\",\"position\":2,\"name\":\"Inaugurado el Puente Colgante de Palencia\"}]},{\"@type\":\"WebSite\",\"@id\":\"http:\/\/www.imuntanya.com\/#website\",\"url\":\"http:\/\/www.imuntanya.com\/\",\"name\":\"iMuntanya\",\"description\":\"Infraestructures per alta muntanya i en zones de dif\u00edcil acc\u00e9s\",\"publisher\":{\"@id\":\"http:\/\/www.imuntanya.com\/#organization\"},\"potentialAction\":[{\"@type\":\"SearchAction\",\"target\":{\"@type\":\"EntryPoint\",\"urlTemplate\":\"http:\/\/www.imuntanya.com\/?s={search_term_string}\"},\"query-input\":{\"@type\":\"PropertyValueSpecification\",\"valueRequired\":true,\"valueName\":\"search_term_string\"}}],\"inLanguage\":\"es\"},{\"@type\":\"Organization\",\"@id\":\"http:\/\/www.imuntanya.com\/#organization\",\"name\":\"iMuntanya \u00b7 Infraestructures de Muntanya S.L.\",\"url\":\"http:\/\/www.imuntanya.com\/\",\"logo\":{\"@type\":\"ImageObject\",\"inLanguage\":\"es\",\"@id\":\"http:\/\/www.imuntanya.com\/#\/schema\/logo\/image\/\",\"url\":\"http:\/\/www.imuntanya.com\/wp-content\/uploads\/2019\/07\/imu-cat-2.png\",\"contentUrl\":\"http:\/\/www.imuntanya.com\/wp-content\/uploads\/2019\/07\/imu-cat-2.png\",\"width\":640,\"height\":83,\"caption\":\"iMuntanya \u00b7 Infraestructures de Muntanya S.L.\"},\"image\":{\"@id\":\"http:\/\/www.imuntanya.com\/#\/schema\/logo\/image\/\"},\"sameAs\":[\"https:\/\/www.facebook.com\/imuntanya\",\"https:\/\/x.com\/imuntanya15\",\"https:\/\/www.instagram.com\/imuntanya\/\",\"https:\/\/www.linkedin.com\/company\/imuntanya\/\",\"https:\/\/www.youtube.com\/user\/imuntanyaatyoutub\"]},{\"@type\":\"Person\",\"@id\":\"http:\/\/www.imuntanya.com\/#\/schema\/person\/c144fa172ac4fbfb4767af32d5acae8e\",\"name\":\"Merc\u00e8 Pujol\",\"image\":{\"@type\":\"ImageObject\",\"inLanguage\":\"es\",\"@id\":\"http:\/\/www.imuntanya.com\/#\/schema\/person\/image\/\",\"url\":\"https:\/\/secure.gravatar.com\/avatar\/10213c83b04e18e80603efc3add346a4f27921c505524ba24c92ebf7f86153a2?s=96&d=mm&r=g\",\"contentUrl\":\"https:\/\/secure.gravatar.com\/avatar\/10213c83b04e18e80603efc3add346a4f27921c505524ba24c92ebf7f86153a2?s=96&d=mm&r=g\",\"caption\":\"Merc\u00e8 Pujol\"},\"url\":\"http:\/\/www.imuntanya.com\/es\/author\/merce\/\"}]}<\/script>\n<!-- \/ Yoast SEO plugin. -->","yoast_head_json":{"title":"Inaugurado el Puente Colgante de Palencia | imuntanya","robots":{"index":"index","follow":"follow","max-snippet":"max-snippet:-1","max-image-preview":"max-image-preview:large","max-video-preview":"max-video-preview:-1"},"canonical":"http:\/\/www.imuntanya.com\/es\/sin-categorizar\/inaugurado-el-puente-colgante-de-palencia\/","og_locale":"es_ES","og_type":"article","og_title":"Inaugurado el Puente Colgante de Palencia | imuntanya","og_description":"La Empresa Infraestructures de Muntanya\u00a0finaliz\u00f3 la construcci\u00f3n del Puente Colgante de Palencia con todo \u00e9xito.El Puente colgante cruza el r\u00edo Pisuerga desde el punto donde el camino de sirga de la margen izquierda del Canal se encuentra con el r\u00edo, hasta el mirador existente en la zona recreativa del embarcadero, desde donde se vuelve a [&hellip;]","og_url":"http:\/\/www.imuntanya.com\/es\/sin-categorizar\/inaugurado-el-puente-colgante-de-palencia\/","og_site_name":"imuntanya","article_publisher":"https:\/\/www.facebook.com\/imuntanya","article_published_time":"2015-05-25T09:00:45+00:00","article_modified_time":"2018-11-21T10:03:59+00:00","author":"Merc\u00e8 Pujol","twitter_card":"summary_large_image","twitter_creator":"@imuntanya15","twitter_site":"@imuntanya15","twitter_misc":{"Escrito por":"Merc\u00e8 Pujol","Tiempo de lectura":"2 minutos"},"schema":{"@context":"https:\/\/schema.org","@graph":[{"@type":"Article","@id":"http:\/\/www.imuntanya.com\/es\/sin-categorizar\/inaugurado-el-puente-colgante-de-palencia\/#article","isPartOf":{"@id":"http:\/\/www.imuntanya.com\/es\/sin-categorizar\/inaugurado-el-puente-colgante-de-palencia\/"},"author":{"name":"Merc\u00e8 Pujol","@id":"http:\/\/www.imuntanya.com\/#\/schema\/person\/c144fa172ac4fbfb4767af32d5acae8e"},"headline":"Inaugurado el Puente Colgante de Palencia","datePublished":"2015-05-25T09:00:45+00:00","dateModified":"2018-11-21T10:03:59+00:00","mainEntityOfPage":{"@id":"http:\/\/www.imuntanya.com\/es\/sin-categorizar\/inaugurado-el-puente-colgante-de-palencia\/"},"wordCount":338,"commentCount":0,"publisher":{"@id":"http:\/\/www.imuntanya.com\/#organization"},"articleSection":["Sin categorizar"],"inLanguage":"es","potentialAction":[{"@type":"CommentAction","name":"Comment","target":["http:\/\/www.imuntanya.com\/es\/sin-categorizar\/inaugurado-el-puente-colgante-de-palencia\/#respond"]}]},{"@type":"WebPage","@id":"http:\/\/www.imuntanya.com\/es\/sin-categorizar\/inaugurado-el-puente-colgante-de-palencia\/","url":"http:\/\/www.imuntanya.com\/es\/sin-categorizar\/inaugurado-el-puente-colgante-de-palencia\/","name":"Inaugurado el Puente Colgante de Palencia | imuntanya","isPartOf":{"@id":"http:\/\/www.imuntanya.com\/#website"},"datePublished":"2015-05-25T09:00:45+00:00","dateModified":"2018-11-21T10:03:59+00:00","breadcrumb":{"@id":"http:\/\/www.imuntanya.com\/es\/sin-categorizar\/inaugurado-el-puente-colgante-de-palencia\/#breadcrumb"},"inLanguage":"es","potentialAction":[{"@type":"ReadAction","target":["http:\/\/www.imuntanya.com\/es\/sin-categorizar\/inaugurado-el-puente-colgante-de-palencia\/"]}]},{"@type":"BreadcrumbList","@id":"http:\/\/www.imuntanya.com\/es\/sin-categorizar\/inaugurado-el-puente-colgante-de-palencia\/#breadcrumb","itemListElement":[{"@type":"ListItem","position":1,"name":"Inici","item":"http:\/\/www.imuntanya.com\/"},{"@type":"ListItem","position":2,"name":"Inaugurado el Puente Colgante de Palencia"}]},{"@type":"WebSite","@id":"http:\/\/www.imuntanya.com\/#website","url":"http:\/\/www.imuntanya.com\/","name":"iMuntanya","description":"Infraestructures per alta muntanya i en zones de dif\u00edcil acc\u00e9s","publisher":{"@id":"http:\/\/www.imuntanya.com\/#organization"},"potentialAction":[{"@type":"SearchAction","target":{"@type":"EntryPoint","urlTemplate":"http:\/\/www.imuntanya.com\/?s={search_term_string}"},"query-input":{"@type":"PropertyValueSpecification","valueRequired":true,"valueName":"search_term_string"}}],"inLanguage":"es"},{"@type":"Organization","@id":"http:\/\/www.imuntanya.com\/#organization","name":"iMuntanya \u00b7 Infraestructures de Muntanya S.L.","url":"http:\/\/www.imuntanya.com\/","logo":{"@type":"ImageObject","inLanguage":"es","@id":"http:\/\/www.imuntanya.com\/#\/schema\/logo\/image\/","url":"http:\/\/www.imuntanya.com\/wp-content\/uploads\/2019\/07\/imu-cat-2.png","contentUrl":"http:\/\/www.imuntanya.com\/wp-content\/uploads\/2019\/07\/imu-cat-2.png","width":640,"height":83,"caption":"iMuntanya \u00b7 Infraestructures de Muntanya S.L."},"image":{"@id":"http:\/\/www.imuntanya.com\/#\/schema\/logo\/image\/"},"sameAs":["https:\/\/www.facebook.com\/imuntanya","https:\/\/x.com\/imuntanya15","https:\/\/www.instagram.com\/imuntanya\/","https:\/\/www.linkedin.com\/company\/imuntanya\/","https:\/\/www.youtube.com\/user\/imuntanyaatyoutub"]},{"@type":"Person","@id":"http:\/\/www.imuntanya.com\/#\/schema\/person\/c144fa172ac4fbfb4767af32d5acae8e","name":"Merc\u00e8 Pujol","image":{"@type":"ImageObject","inLanguage":"es","@id":"http:\/\/www.imuntanya.com\/#\/schema\/person\/image\/","url":"https:\/\/secure.gravatar.com\/avatar\/10213c83b04e18e80603efc3add346a4f27921c505524ba24c92ebf7f86153a2?s=96&d=mm&r=g","contentUrl":"https:\/\/secure.gravatar.com\/avatar\/10213c83b04e18e80603efc3add346a4f27921c505524ba24c92ebf7f86153a2?s=96&d=mm&r=g","caption":"Merc\u00e8 Pujol"},"url":"http:\/\/www.imuntanya.com\/es\/author\/merce\/"}]}},"_links":{"self":[{"href":"http:\/\/www.imuntanya.com\/es\/wp-json\/wp\/v2\/posts\/1195","targetHints":{"allow":["GET"]}}],"collection":[{"href":"http:\/\/www.imuntanya.com\/es\/wp-json\/wp\/v2\/posts"}],"about":[{"href":"http:\/\/www.imuntanya.com\/es\/wp-json\/wp\/v2\/types\/post"}],"author":[{"embeddable":true,"href":"http:\/\/www.imuntanya.com\/es\/wp-json\/wp\/v2\/users\/2"}],"replies":[{"embeddable":true,"href":"http:\/\/www.imuntanya.com\/es\/wp-json\/wp\/v2\/comments?post=1195"}],"version-history":[{"count":1,"href":"http:\/\/www.imuntanya.com\/es\/wp-json\/wp\/v2\/posts\/1195\/revisions"}],"predecessor-version":[{"id":1196,"href":"http:\/\/www.imuntanya.com\/es\/wp-json\/wp\/v2\/posts\/1195\/revisions\/1196"}],"wp:attachment":[{"href":"http:\/\/www.imuntanya.com\/es\/wp-json\/wp\/v2\/media?parent=1195"}],"wp:term":[{"taxonomy":"category","embeddable":true,"href":"http:\/\/www.imuntanya.com\/es\/wp-json\/wp\/v2\/categories?post=1195"},{"taxonomy":"post_tag","embeddable":true,"href":"http:\/\/www.imuntanya.com\/es\/wp-json\/wp\/v2\/tags?post=1195"}],"curies":[{"name":"wp","href":"https:\/\/api.w.org\/{rel}","templated":true}]}}