{"id":1990,"date":"2019-01-21T13:40:12","date_gmt":"2019-01-21T11:40:12","guid":{"rendered":"http:\/\/www.imuntanya.com\/sin-categorizar\/salardu-un-puente-colgante-preparado-para-el-invierno\/"},"modified":"2019-01-21T13:40:14","modified_gmt":"2019-01-21T11:40:14","slug":"salardu-un-puente-colgante-preparado-para-el-invierno","status":"publish","type":"post","link":"http:\/\/www.imuntanya.com\/es\/blog-es\/salardu-un-puente-colgante-preparado-para-el-invierno\/","title":{"rendered":"Salard\u00fa: un puente colgante preparado para el invierno"},"content":{"rendered":"<p>[et_pb_section bb_built=\u00bb1&#8243; _builder_version=\u00bb3.0.98&#8243; custom_margin=\u00bb0px|0px|0px|0px\u00bb custom_padding=\u00bb0px|0px|0px|0px\u00bb][et_pb_row _builder_version=\u00bb3.0.98&#8243;][et_pb_column type=\u00bb4_4&#8243;][et_pb_text _builder_version=\u00bb3.17.6&#8243;]<\/p>\n<p>Empezamos 2019 estrenando una pasarela colgante en Salard\u00fa, Valle de Ar\u00e1n. Dise\u00f1ada partiendo del Modelo Urales de iMuntanya, tiene 17 metros de largo y cruza el r\u00edo Unhola comunicando el pueblo de Salard\u00fa con el barrio de Unhola. Con este equipamiento, parte de un nuevo sendero creado en el bosque de Ribera, <img loading=\"lazy\" decoding=\"async\" class=\" wp-image-1706 alignleft\" src=\"http:\/\/www.imuntanya.com\/wp-content\/uploads\/2019\/01\/PP_2018-Salardu-2018_MUrals-15-700x470-300x201.jpg\" alt=\"\" width=\"323\" height=\"216\" srcset=\"http:\/\/www.imuntanya.com\/wp-content\/uploads\/2019\/01\/PP_2018-Salardu-2018_MUrals-15-700x470-300x201.jpg 300w, http:\/\/www.imuntanya.com\/wp-content\/uploads\/2019\/01\/PP_2018-Salardu-2018_MUrals-15-700x470.jpg 700w\" sizes=\"auto, (max-width: 323px) 100vw, 323px\" \/>\u00a0los vecinos evitar\u00e1n la carretera para ir caminando del barrio al pueblo y podr\u00e1n gozar de un paseo por la naturaleza. Adem\u00e1s, se han colocado mesas y sillas a un lado del r\u00edo Unhola creando una zona de picnic.<\/p>\n<p>A diferencia de otros puentes colgantes que hemos construido, la plataforma de este ha sido fabricada con un entramado met\u00e1lico tipo tramex pensando en las temporadas de m\u00e1s fr\u00edo. Con este tipo de tarima, la acumulaci\u00f3n de nieve es m\u00e1s complicada y permitimos el uso de la pasarela durante todo el a\u00f1o. Para integrar mejor el puente en su entorno, hemos sustituido <img loading=\"lazy\" decoding=\"async\" class=\" wp-image-1716 alignright\" src=\"http:\/\/www.imuntanya.com\/wp-content\/uploads\/2019\/01\/PP_2018-Salardu-2018_MUrals-17-700x470-300x201.jpg\" alt=\"\" width=\"322\" height=\"216\" srcset=\"http:\/\/www.imuntanya.com\/wp-content\/uploads\/2019\/01\/PP_2018-Salardu-2018_MUrals-17-700x470-300x201.jpg 300w, http:\/\/www.imuntanya.com\/wp-content\/uploads\/2019\/01\/PP_2018-Salardu-2018_MUrals-17-700x470.jpg 700w\" sizes=\"auto, (max-width: 322px) 100vw, 322px\" \/>los pilares de la margen derecha por ancorajes directos a la ladera y hemos construido muros de piedra seca extra\u00edda en la misma zona para las rampas de acceso.<\/p>\n<p>Agradecemos la colaboraci\u00f3n de TAFF en el transporte de equipos y materiales a la zona de trabajo y la confianza que ha depositado en iMuntanya el Ayuntamiento de Salard\u00fa para la realizaci\u00f3n de este proyecto.<\/p>\n<p>[\/et_pb_text][\/et_pb_column][\/et_pb_row][\/et_pb_section]<\/p>\n","protected":false},"excerpt":{"rendered":"<p>Partiendo del Modelo Urales, la pasarela tiene 17 metros de largo y comunica Salard\u00fa con Unha.<\/p>\n","protected":false},"author":2,"featured_media":1715,"comment_status":"open","ping_status":"open","sticky":false,"template":"","format":"standard","meta":{"_et_pb_use_builder":"on","_et_pb_old_content":"","_et_gb_content_width":"","footnotes":""},"categories":[91],"tags":[128],"class_list":["post-1990","post","type-post","status-publish","format-standard","has-post-thumbnail","hentry","category-blog-es","tag-puentes-colgantes"],"yoast_head":"<!-- This site is optimized with the Yoast SEO plugin v26.1.1 - https:\/\/yoast.com\/wordpress\/plugins\/seo\/ -->\n<title>Salard\u00fa: un puente colgante preparado para el invierno | imuntanya<\/title>\n<meta name=\"robots\" content=\"index, follow, max-snippet:-1, max-image-preview:large, max-video-preview:-1\" \/>\n<link rel=\"canonical\" href=\"http:\/\/www.imuntanya.com\/es\/blog-es\/salardu-un-puente-colgante-preparado-para-el-invierno\/\" \/>\n<meta property=\"og:locale\" content=\"es_ES\" \/>\n<meta property=\"og:type\" content=\"article\" \/>\n<meta property=\"og:title\" content=\"Salard\u00fa: un puente colgante preparado para el invierno | imuntanya\" \/>\n<meta property=\"og:description\" content=\"Partiendo del Modelo Urales, la pasarela tiene 17 metros de largo y comunica Salard\u00fa con Unha.\" \/>\n<meta property=\"og:url\" content=\"http:\/\/www.imuntanya.com\/es\/blog-es\/salardu-un-puente-colgante-preparado-para-el-invierno\/\" \/>\n<meta property=\"og:site_name\" content=\"imuntanya\" \/>\n<meta property=\"article:publisher\" content=\"https:\/\/www.facebook.com\/imuntanya\" \/>\n<meta property=\"article:published_time\" content=\"2019-01-21T11:40:12+00:00\" \/>\n<meta property=\"article:modified_time\" content=\"2019-01-21T11:40:14+00:00\" \/>\n<meta property=\"og:image\" content=\"http:\/\/www.imuntanya.com\/wp-content\/uploads\/2019\/01\/PP_2018-Salardu-2018_MUrals-16-700x470.jpg\" \/>\n\t<meta property=\"og:image:width\" content=\"700\" \/>\n\t<meta property=\"og:image:height\" content=\"470\" \/>\n\t<meta property=\"og:image:type\" content=\"image\/jpeg\" \/>\n<meta name=\"author\" content=\"Merc\u00e8 Pujol\" \/>\n<meta name=\"twitter:card\" content=\"summary_large_image\" \/>\n<meta name=\"twitter:creator\" content=\"@imuntanya15\" \/>\n<meta name=\"twitter:site\" content=\"@imuntanya15\" \/>\n<meta name=\"twitter:label1\" content=\"Escrito por\" \/>\n\t<meta name=\"twitter:data1\" content=\"Merc\u00e8 Pujol\" \/>\n\t<meta name=\"twitter:label2\" content=\"Tiempo de lectura\" \/>\n\t<meta name=\"twitter:data2\" content=\"1 minuto\" \/>\n<script type=\"application\/ld+json\" class=\"yoast-schema-graph\">{\"@context\":\"https:\/\/schema.org\",\"@graph\":[{\"@type\":\"Article\",\"@id\":\"http:\/\/www.imuntanya.com\/es\/blog-es\/salardu-un-puente-colgante-preparado-para-el-invierno\/#article\",\"isPartOf\":{\"@id\":\"http:\/\/www.imuntanya.com\/es\/blog-es\/salardu-un-puente-colgante-preparado-para-el-invierno\/\"},\"author\":{\"name\":\"Merc\u00e8 Pujol\",\"@id\":\"http:\/\/www.imuntanya.com\/#\/schema\/person\/c144fa172ac4fbfb4767af32d5acae8e\"},\"headline\":\"Salard\u00fa: un puente colgante preparado para el invierno\",\"datePublished\":\"2019-01-21T11:40:12+00:00\",\"dateModified\":\"2019-01-21T11:40:14+00:00\",\"mainEntityOfPage\":{\"@id\":\"http:\/\/www.imuntanya.com\/es\/blog-es\/salardu-un-puente-colgante-preparado-para-el-invierno\/\"},\"wordCount\":284,\"commentCount\":0,\"publisher\":{\"@id\":\"http:\/\/www.imuntanya.com\/#organization\"},\"image\":{\"@id\":\"http:\/\/www.imuntanya.com\/es\/blog-es\/salardu-un-puente-colgante-preparado-para-el-invierno\/#primaryimage\"},\"thumbnailUrl\":\"http:\/\/www.imuntanya.com\/wp-content\/uploads\/2019\/01\/PP_2018-Salardu-2018_MUrals-16-700x470.jpg\",\"keywords\":[\"Puentes colgantes\"],\"articleSection\":[\"Blog\"],\"inLanguage\":\"es\",\"potentialAction\":[{\"@type\":\"CommentAction\",\"name\":\"Comment\",\"target\":[\"http:\/\/www.imuntanya.com\/es\/blog-es\/salardu-un-puente-colgante-preparado-para-el-invierno\/#respond\"]}]},{\"@type\":\"WebPage\",\"@id\":\"http:\/\/www.imuntanya.com\/es\/blog-es\/salardu-un-puente-colgante-preparado-para-el-invierno\/\",\"url\":\"http:\/\/www.imuntanya.com\/es\/blog-es\/salardu-un-puente-colgante-preparado-para-el-invierno\/\",\"name\":\"Salard\u00fa: un puente colgante preparado para el invierno | imuntanya\",\"isPartOf\":{\"@id\":\"http:\/\/www.imuntanya.com\/#website\"},\"primaryImageOfPage\":{\"@id\":\"http:\/\/www.imuntanya.com\/es\/blog-es\/salardu-un-puente-colgante-preparado-para-el-invierno\/#primaryimage\"},\"image\":{\"@id\":\"http:\/\/www.imuntanya.com\/es\/blog-es\/salardu-un-puente-colgante-preparado-para-el-invierno\/#primaryimage\"},\"thumbnailUrl\":\"http:\/\/www.imuntanya.com\/wp-content\/uploads\/2019\/01\/PP_2018-Salardu-2018_MUrals-16-700x470.jpg\",\"datePublished\":\"2019-01-21T11:40:12+00:00\",\"dateModified\":\"2019-01-21T11:40:14+00:00\",\"breadcrumb\":{\"@id\":\"http:\/\/www.imuntanya.com\/es\/blog-es\/salardu-un-puente-colgante-preparado-para-el-invierno\/#breadcrumb\"},\"inLanguage\":\"es\",\"potentialAction\":[{\"@type\":\"ReadAction\",\"target\":[\"http:\/\/www.imuntanya.com\/es\/blog-es\/salardu-un-puente-colgante-preparado-para-el-invierno\/\"]}]},{\"@type\":\"ImageObject\",\"inLanguage\":\"es\",\"@id\":\"http:\/\/www.imuntanya.com\/es\/blog-es\/salardu-un-puente-colgante-preparado-para-el-invierno\/#primaryimage\",\"url\":\"http:\/\/www.imuntanya.com\/wp-content\/uploads\/2019\/01\/PP_2018-Salardu-2018_MUrals-16-700x470.jpg\",\"contentUrl\":\"http:\/\/www.imuntanya.com\/wp-content\/uploads\/2019\/01\/PP_2018-Salardu-2018_MUrals-16-700x470.jpg\",\"width\":700,\"height\":470,\"caption\":\"Pont Penjant del Model Urals de iMuntanya construit l'any 2018 a Salard\u00fa, Vall d'Ar\u00e1n. Est\u00e1 preparat per la neu amb una passarel\u00b7la d'acer galvanitzat.\"},{\"@type\":\"BreadcrumbList\",\"@id\":\"http:\/\/www.imuntanya.com\/es\/blog-es\/salardu-un-puente-colgante-preparado-para-el-invierno\/#breadcrumb\",\"itemListElement\":[{\"@type\":\"ListItem\",\"position\":1,\"name\":\"Inici\",\"item\":\"http:\/\/www.imuntanya.com\/\"},{\"@type\":\"ListItem\",\"position\":2,\"name\":\"Salard\u00fa: un puente colgante preparado para el invierno\"}]},{\"@type\":\"WebSite\",\"@id\":\"http:\/\/www.imuntanya.com\/#website\",\"url\":\"http:\/\/www.imuntanya.com\/\",\"name\":\"iMuntanya\",\"description\":\"Infraestructures per alta muntanya i en zones de dif\u00edcil acc\u00e9s\",\"publisher\":{\"@id\":\"http:\/\/www.imuntanya.com\/#organization\"},\"potentialAction\":[{\"@type\":\"SearchAction\",\"target\":{\"@type\":\"EntryPoint\",\"urlTemplate\":\"http:\/\/www.imuntanya.com\/?s={search_term_string}\"},\"query-input\":{\"@type\":\"PropertyValueSpecification\",\"valueRequired\":true,\"valueName\":\"search_term_string\"}}],\"inLanguage\":\"es\"},{\"@type\":\"Organization\",\"@id\":\"http:\/\/www.imuntanya.com\/#organization\",\"name\":\"iMuntanya \u00b7 Infraestructures de Muntanya S.L.\",\"url\":\"http:\/\/www.imuntanya.com\/\",\"logo\":{\"@type\":\"ImageObject\",\"inLanguage\":\"es\",\"@id\":\"http:\/\/www.imuntanya.com\/#\/schema\/logo\/image\/\",\"url\":\"http:\/\/www.imuntanya.com\/wp-content\/uploads\/2019\/07\/imu-cat-2.png\",\"contentUrl\":\"http:\/\/www.imuntanya.com\/wp-content\/uploads\/2019\/07\/imu-cat-2.png\",\"width\":640,\"height\":83,\"caption\":\"iMuntanya \u00b7 Infraestructures de Muntanya S.L.\"},\"image\":{\"@id\":\"http:\/\/www.imuntanya.com\/#\/schema\/logo\/image\/\"},\"sameAs\":[\"https:\/\/www.facebook.com\/imuntanya\",\"https:\/\/x.com\/imuntanya15\",\"https:\/\/www.instagram.com\/imuntanya\/\",\"https:\/\/www.linkedin.com\/company\/imuntanya\/\",\"https:\/\/www.youtube.com\/user\/imuntanyaatyoutub\"]},{\"@type\":\"Person\",\"@id\":\"http:\/\/www.imuntanya.com\/#\/schema\/person\/c144fa172ac4fbfb4767af32d5acae8e\",\"name\":\"Merc\u00e8 Pujol\",\"image\":{\"@type\":\"ImageObject\",\"inLanguage\":\"es\",\"@id\":\"http:\/\/www.imuntanya.com\/#\/schema\/person\/image\/\",\"url\":\"https:\/\/secure.gravatar.com\/avatar\/10213c83b04e18e80603efc3add346a4f27921c505524ba24c92ebf7f86153a2?s=96&d=mm&r=g\",\"contentUrl\":\"https:\/\/secure.gravatar.com\/avatar\/10213c83b04e18e80603efc3add346a4f27921c505524ba24c92ebf7f86153a2?s=96&d=mm&r=g\",\"caption\":\"Merc\u00e8 Pujol\"},\"url\":\"http:\/\/www.imuntanya.com\/es\/author\/merce\/\"}]}<\/script>\n<!-- \/ Yoast SEO plugin. -->","yoast_head_json":{"title":"Salard\u00fa: un puente colgante preparado para el invierno | imuntanya","robots":{"index":"index","follow":"follow","max-snippet":"max-snippet:-1","max-image-preview":"max-image-preview:large","max-video-preview":"max-video-preview:-1"},"canonical":"http:\/\/www.imuntanya.com\/es\/blog-es\/salardu-un-puente-colgante-preparado-para-el-invierno\/","og_locale":"es_ES","og_type":"article","og_title":"Salard\u00fa: un puente colgante preparado para el invierno | imuntanya","og_description":"Partiendo del Modelo Urales, la pasarela tiene 17 metros de largo y comunica Salard\u00fa con Unha.","og_url":"http:\/\/www.imuntanya.com\/es\/blog-es\/salardu-un-puente-colgante-preparado-para-el-invierno\/","og_site_name":"imuntanya","article_publisher":"https:\/\/www.facebook.com\/imuntanya","article_published_time":"2019-01-21T11:40:12+00:00","article_modified_time":"2019-01-21T11:40:14+00:00","og_image":[{"width":700,"height":470,"url":"http:\/\/www.imuntanya.com\/wp-content\/uploads\/2019\/01\/PP_2018-Salardu-2018_MUrals-16-700x470.jpg","type":"image\/jpeg"}],"author":"Merc\u00e8 Pujol","twitter_card":"summary_large_image","twitter_creator":"@imuntanya15","twitter_site":"@imuntanya15","twitter_misc":{"Escrito por":"Merc\u00e8 Pujol","Tiempo de lectura":"1 minuto"},"schema":{"@context":"https:\/\/schema.org","@graph":[{"@type":"Article","@id":"http:\/\/www.imuntanya.com\/es\/blog-es\/salardu-un-puente-colgante-preparado-para-el-invierno\/#article","isPartOf":{"@id":"http:\/\/www.imuntanya.com\/es\/blog-es\/salardu-un-puente-colgante-preparado-para-el-invierno\/"},"author":{"name":"Merc\u00e8 Pujol","@id":"http:\/\/www.imuntanya.com\/#\/schema\/person\/c144fa172ac4fbfb4767af32d5acae8e"},"headline":"Salard\u00fa: un puente colgante preparado para el invierno","datePublished":"2019-01-21T11:40:12+00:00","dateModified":"2019-01-21T11:40:14+00:00","mainEntityOfPage":{"@id":"http:\/\/www.imuntanya.com\/es\/blog-es\/salardu-un-puente-colgante-preparado-para-el-invierno\/"},"wordCount":284,"commentCount":0,"publisher":{"@id":"http:\/\/www.imuntanya.com\/#organization"},"image":{"@id":"http:\/\/www.imuntanya.com\/es\/blog-es\/salardu-un-puente-colgante-preparado-para-el-invierno\/#primaryimage"},"thumbnailUrl":"http:\/\/www.imuntanya.com\/wp-content\/uploads\/2019\/01\/PP_2018-Salardu-2018_MUrals-16-700x470.jpg","keywords":["Puentes colgantes"],"articleSection":["Blog"],"inLanguage":"es","potentialAction":[{"@type":"CommentAction","name":"Comment","target":["http:\/\/www.imuntanya.com\/es\/blog-es\/salardu-un-puente-colgante-preparado-para-el-invierno\/#respond"]}]},{"@type":"WebPage","@id":"http:\/\/www.imuntanya.com\/es\/blog-es\/salardu-un-puente-colgante-preparado-para-el-invierno\/","url":"http:\/\/www.imuntanya.com\/es\/blog-es\/salardu-un-puente-colgante-preparado-para-el-invierno\/","name":"Salard\u00fa: un puente colgante preparado para el invierno | imuntanya","isPartOf":{"@id":"http:\/\/www.imuntanya.com\/#website"},"primaryImageOfPage":{"@id":"http:\/\/www.imuntanya.com\/es\/blog-es\/salardu-un-puente-colgante-preparado-para-el-invierno\/#primaryimage"},"image":{"@id":"http:\/\/www.imuntanya.com\/es\/blog-es\/salardu-un-puente-colgante-preparado-para-el-invierno\/#primaryimage"},"thumbnailUrl":"http:\/\/www.imuntanya.com\/wp-content\/uploads\/2019\/01\/PP_2018-Salardu-2018_MUrals-16-700x470.jpg","datePublished":"2019-01-21T11:40:12+00:00","dateModified":"2019-01-21T11:40:14+00:00","breadcrumb":{"@id":"http:\/\/www.imuntanya.com\/es\/blog-es\/salardu-un-puente-colgante-preparado-para-el-invierno\/#breadcrumb"},"inLanguage":"es","potentialAction":[{"@type":"ReadAction","target":["http:\/\/www.imuntanya.com\/es\/blog-es\/salardu-un-puente-colgante-preparado-para-el-invierno\/"]}]},{"@type":"ImageObject","inLanguage":"es","@id":"http:\/\/www.imuntanya.com\/es\/blog-es\/salardu-un-puente-colgante-preparado-para-el-invierno\/#primaryimage","url":"http:\/\/www.imuntanya.com\/wp-content\/uploads\/2019\/01\/PP_2018-Salardu-2018_MUrals-16-700x470.jpg","contentUrl":"http:\/\/www.imuntanya.com\/wp-content\/uploads\/2019\/01\/PP_2018-Salardu-2018_MUrals-16-700x470.jpg","width":700,"height":470,"caption":"Pont Penjant del Model Urals de iMuntanya construit l'any 2018 a Salard\u00fa, Vall d'Ar\u00e1n. Est\u00e1 preparat per la neu amb una passarel\u00b7la d'acer galvanitzat."},{"@type":"BreadcrumbList","@id":"http:\/\/www.imuntanya.com\/es\/blog-es\/salardu-un-puente-colgante-preparado-para-el-invierno\/#breadcrumb","itemListElement":[{"@type":"ListItem","position":1,"name":"Inici","item":"http:\/\/www.imuntanya.com\/"},{"@type":"ListItem","position":2,"name":"Salard\u00fa: un puente colgante preparado para el invierno"}]},{"@type":"WebSite","@id":"http:\/\/www.imuntanya.com\/#website","url":"http:\/\/www.imuntanya.com\/","name":"iMuntanya","description":"Infraestructures per alta muntanya i en zones de dif\u00edcil acc\u00e9s","publisher":{"@id":"http:\/\/www.imuntanya.com\/#organization"},"potentialAction":[{"@type":"SearchAction","target":{"@type":"EntryPoint","urlTemplate":"http:\/\/www.imuntanya.com\/?s={search_term_string}"},"query-input":{"@type":"PropertyValueSpecification","valueRequired":true,"valueName":"search_term_string"}}],"inLanguage":"es"},{"@type":"Organization","@id":"http:\/\/www.imuntanya.com\/#organization","name":"iMuntanya \u00b7 Infraestructures de Muntanya S.L.","url":"http:\/\/www.imuntanya.com\/","logo":{"@type":"ImageObject","inLanguage":"es","@id":"http:\/\/www.imuntanya.com\/#\/schema\/logo\/image\/","url":"http:\/\/www.imuntanya.com\/wp-content\/uploads\/2019\/07\/imu-cat-2.png","contentUrl":"http:\/\/www.imuntanya.com\/wp-content\/uploads\/2019\/07\/imu-cat-2.png","width":640,"height":83,"caption":"iMuntanya \u00b7 Infraestructures de Muntanya S.L."},"image":{"@id":"http:\/\/www.imuntanya.com\/#\/schema\/logo\/image\/"},"sameAs":["https:\/\/www.facebook.com\/imuntanya","https:\/\/x.com\/imuntanya15","https:\/\/www.instagram.com\/imuntanya\/","https:\/\/www.linkedin.com\/company\/imuntanya\/","https:\/\/www.youtube.com\/user\/imuntanyaatyoutub"]},{"@type":"Person","@id":"http:\/\/www.imuntanya.com\/#\/schema\/person\/c144fa172ac4fbfb4767af32d5acae8e","name":"Merc\u00e8 Pujol","image":{"@type":"ImageObject","inLanguage":"es","@id":"http:\/\/www.imuntanya.com\/#\/schema\/person\/image\/","url":"https:\/\/secure.gravatar.com\/avatar\/10213c83b04e18e80603efc3add346a4f27921c505524ba24c92ebf7f86153a2?s=96&d=mm&r=g","contentUrl":"https:\/\/secure.gravatar.com\/avatar\/10213c83b04e18e80603efc3add346a4f27921c505524ba24c92ebf7f86153a2?s=96&d=mm&r=g","caption":"Merc\u00e8 Pujol"},"url":"http:\/\/www.imuntanya.com\/es\/author\/merce\/"}]}},"_links":{"self":[{"href":"http:\/\/www.imuntanya.com\/es\/wp-json\/wp\/v2\/posts\/1990","targetHints":{"allow":["GET"]}}],"collection":[{"href":"http:\/\/www.imuntanya.com\/es\/wp-json\/wp\/v2\/posts"}],"about":[{"href":"http:\/\/www.imuntanya.com\/es\/wp-json\/wp\/v2\/types\/post"}],"author":[{"embeddable":true,"href":"http:\/\/www.imuntanya.com\/es\/wp-json\/wp\/v2\/users\/2"}],"replies":[{"embeddable":true,"href":"http:\/\/www.imuntanya.com\/es\/wp-json\/wp\/v2\/comments?post=1990"}],"version-history":[{"count":1,"href":"http:\/\/www.imuntanya.com\/es\/wp-json\/wp\/v2\/posts\/1990\/revisions"}],"predecessor-version":[{"id":1991,"href":"http:\/\/www.imuntanya.com\/es\/wp-json\/wp\/v2\/posts\/1990\/revisions\/1991"}],"wp:featuredmedia":[{"embeddable":true,"href":"http:\/\/www.imuntanya.com\/es\/wp-json\/wp\/v2\/media\/1715"}],"wp:attachment":[{"href":"http:\/\/www.imuntanya.com\/es\/wp-json\/wp\/v2\/media?parent=1990"}],"wp:term":[{"taxonomy":"category","embeddable":true,"href":"http:\/\/www.imuntanya.com\/es\/wp-json\/wp\/v2\/categories?post=1990"},{"taxonomy":"post_tag","embeddable":true,"href":"http:\/\/www.imuntanya.com\/es\/wp-json\/wp\/v2\/tags?post=1990"}],"curies":[{"name":"wp","href":"https:\/\/api.w.org\/{rel}","templated":true}]}}