{"id":2528,"date":"2019-12-03T03:29:43","date_gmt":"2019-12-03T01:29:43","guid":{"rendered":"http:\/\/www.imuntanya.com\/?p=2528"},"modified":"2019-12-03T03:32:24","modified_gmt":"2019-12-03T01:32:24","slug":"chulilla-un-referente-del-turismo-de-interior","status":"publish","type":"post","link":"http:\/\/www.imuntanya.com\/es\/blog-es\/chulilla-un-referente-del-turismo-de-interior\/","title":{"rendered":"Chulilla, un referente del Turismo de Interior"},"content":{"rendered":"<p>[et_pb_section bb_built=\u00bb1&#8243; _builder_version=\u00bb3.0.98&#8243; custom_margin=\u00bb0px|0px|0px|0px\u00bb custom_padding=\u00bb0px|0px|0px|0px\u00bb inner_width=\u00bbauto\u00bb inner_max_width=\u00bb1366px\u00bb][et_pb_row _builder_version=\u00bb3.0.98&#8243; width=\u00bb80%\u00bb max_width=\u00bb1366px\u00bb][et_pb_column type=\u00bb4_4&#8243; custom_padding__hover=\u00bb|||\u00bb custom_padding=\u00bb|||\u00bb][et_pb_text _builder_version=\u00bb3.25.4&#8243; width=\u00bb80%\u00bb width_phone=\u00bb50px\u00bb max_width=\u00bb1366px\u00bb max_width_tablet=\u00bb100px\u00bb max_width_phone=\u00bb50px\u00bb text_text_shadow_horizontal_length=\u00bbtext_text_shadow_style,%91object Object%93&#8243; text_text_shadow_horizontal_length_tablet=\u00bb0px\u00bb text_text_shadow_vertical_length=\u00bbtext_text_shadow_style,%91object Object%93&#8243; text_text_shadow_vertical_length_tablet=\u00bb0px\u00bb text_text_shadow_blur_strength=\u00bbtext_text_shadow_style,%91object Object%93&#8243; text_text_shadow_blur_strength_tablet=\u00bb1px\u00bb link_text_shadow_horizontal_length=\u00bblink_text_shadow_style,%91object Object%93&#8243; link_text_shadow_horizontal_length_tablet=\u00bb0px\u00bb link_text_shadow_vertical_length=\u00bblink_text_shadow_style,%91object Object%93&#8243; link_text_shadow_vertical_length_tablet=\u00bb0px\u00bb link_text_shadow_blur_strength=\u00bblink_text_shadow_style,%91object Object%93&#8243; link_text_shadow_blur_strength_tablet=\u00bb1px\u00bb ul_text_shadow_horizontal_length=\u00bbul_text_shadow_style,%91object Object%93&#8243; ul_text_shadow_horizontal_length_tablet=\u00bb0px\u00bb ul_text_shadow_vertical_length=\u00bbul_text_shadow_style,%91object Object%93&#8243; ul_text_shadow_vertical_length_tablet=\u00bb0px\u00bb ul_text_shadow_blur_strength=\u00bbul_text_shadow_style,%91object Object%93&#8243; ul_text_shadow_blur_strength_tablet=\u00bb1px\u00bb ol_text_shadow_horizontal_length=\u00bbol_text_shadow_style,%91object Object%93&#8243; ol_text_shadow_horizontal_length_tablet=\u00bb0px\u00bb ol_text_shadow_vertical_length=\u00bbol_text_shadow_style,%91object Object%93&#8243; ol_text_shadow_vertical_length_tablet=\u00bb0px\u00bb ol_text_shadow_blur_strength=\u00bbol_text_shadow_style,%91object Object%93&#8243; ol_text_shadow_blur_strength_tablet=\u00bb1px\u00bb quote_text_shadow_horizontal_length=\u00bbquote_text_shadow_style,%91object Object%93&#8243; quote_text_shadow_horizontal_length_tablet=\u00bb0px\u00bb quote_text_shadow_vertical_length=\u00bbquote_text_shadow_style,%91object Object%93&#8243; quote_text_shadow_vertical_length_tablet=\u00bb0px\u00bb quote_text_shadow_blur_strength=\u00bbquote_text_shadow_style,%91object Object%93&#8243; quote_text_shadow_blur_strength_tablet=\u00bb1px\u00bb header_text_shadow_horizontal_length=\u00bbheader_text_shadow_style,%91object Object%93&#8243; header_text_shadow_horizontal_length_tablet=\u00bb0px\u00bb header_text_shadow_vertical_length=\u00bbheader_text_shadow_style,%91object Object%93&#8243; header_text_shadow_vertical_length_tablet=\u00bb0px\u00bb header_text_shadow_blur_strength=\u00bbheader_text_shadow_style,%91object Object%93&#8243; header_text_shadow_blur_strength_tablet=\u00bb1px\u00bb header_2_text_shadow_horizontal_length=\u00bbheader_2_text_shadow_style,%91object Object%93&#8243; header_2_text_shadow_horizontal_length_tablet=\u00bb0px\u00bb header_2_text_shadow_vertical_length=\u00bbheader_2_text_shadow_style,%91object Object%93&#8243; header_2_text_shadow_vertical_length_tablet=\u00bb0px\u00bb header_2_text_shadow_blur_strength=\u00bbheader_2_text_shadow_style,%91object Object%93&#8243; header_2_text_shadow_blur_strength_tablet=\u00bb1px\u00bb header_3_text_shadow_horizontal_length=\u00bbheader_3_text_shadow_style,%91object Object%93&#8243; header_3_text_shadow_horizontal_length_tablet=\u00bb0px\u00bb header_3_text_shadow_vertical_length=\u00bbheader_3_text_shadow_style,%91object Object%93&#8243; header_3_text_shadow_vertical_length_tablet=\u00bb0px\u00bb header_3_text_shadow_blur_strength=\u00bbheader_3_text_shadow_style,%91object Object%93&#8243; header_3_text_shadow_blur_strength_tablet=\u00bb1px\u00bb header_4_text_shadow_horizontal_length=\u00bbheader_4_text_shadow_style,%91object Object%93&#8243; header_4_text_shadow_horizontal_length_tablet=\u00bb0px\u00bb header_4_text_shadow_vertical_length=\u00bbheader_4_text_shadow_style,%91object Object%93&#8243; header_4_text_shadow_vertical_length_tablet=\u00bb0px\u00bb header_4_text_shadow_blur_strength=\u00bbheader_4_text_shadow_style,%91object Object%93&#8243; header_4_text_shadow_blur_strength_tablet=\u00bb1px\u00bb header_5_text_shadow_horizontal_length=\u00bbheader_5_text_shadow_style,%91object Object%93&#8243; header_5_text_shadow_horizontal_length_tablet=\u00bb0px\u00bb header_5_text_shadow_vertical_length=\u00bbheader_5_text_shadow_style,%91object Object%93&#8243; header_5_text_shadow_vertical_length_tablet=\u00bb0px\u00bb header_5_text_shadow_blur_strength=\u00bbheader_5_text_shadow_style,%91object Object%93&#8243; header_5_text_shadow_blur_strength_tablet=\u00bb1px\u00bb header_6_text_shadow_horizontal_length=\u00bbheader_6_text_shadow_style,%91object Object%93&#8243; header_6_text_shadow_horizontal_length_tablet=\u00bb0px\u00bb header_6_text_shadow_vertical_length=\u00bbheader_6_text_shadow_style,%91object Object%93&#8243; header_6_text_shadow_vertical_length_tablet=\u00bb0px\u00bb header_6_text_shadow_blur_strength=\u00bbheader_6_text_shadow_style,%91object Object%93&#8243; header_6_text_shadow_blur_strength_tablet=\u00bb1px\u00bb box_shadow_horizontal_tablet=\u00bb0px\u00bb box_shadow_vertical_tablet=\u00bb0px\u00bb box_shadow_blur_tablet=\u00bb40px\u00bb box_shadow_spread_tablet=\u00bb0px\u00bb z_index_tablet=\u00bb500&#8243;]<\/p>\n<p><img loading=\"lazy\" decoding=\"async\" class=\"alignleft wp-image-2564\" src=\"http:\/\/www.imuntanya.com\/wp-content\/uploads\/2019\/12\/Chulilla_pueblo3-300x170.jpg\" alt=\"Chulilla\" width=\"326\" height=\"185\" srcset=\"http:\/\/www.imuntanya.com\/wp-content\/uploads\/2019\/12\/Chulilla_pueblo3-300x170.jpg 300w, http:\/\/www.imuntanya.com\/wp-content\/uploads\/2019\/12\/Chulilla_pueblo3.jpg 407w\" sizes=\"auto, (max-width: 326px) 100vw, 326px\" \/><a href=\"http:\/\/www.chulilla.es\">Chulilla<\/a> es una peque\u00f1a poblaci\u00f3n del interior de la provincia de Valencia, a 64km de la capital. Este pueblo, de menos de 1000 habitantes, tiene el encanto de las calles estrechas, las paredes blanqueadas y un castillo bien conservado.\u00a0<img loading=\"lazy\" decoding=\"async\" class=\"size-medium wp-image-2529 alignright\" src=\"http:\/\/www.imuntanya.com\/wp-content\/uploads\/2019\/12\/Chulilla_CharcoAzul-300x199.jpg\" alt=\"\" width=\"300\" height=\"199\" srcset=\"http:\/\/www.imuntanya.com\/wp-content\/uploads\/2019\/12\/Chulilla_CharcoAzul-300x199.jpg 300w, http:\/\/www.imuntanya.com\/wp-content\/uploads\/2019\/12\/Chulilla_CharcoAzul.jpg 338w\" sizes=\"auto, (max-width: 300px) 100vw, 300px\" \/><\/p>\n<p>Adem\u00e1s, se encuentra en un enclave natural \u00fanico, siendo la puerta al Paraje Natural Municipal Los Calderones donde se encuentran las Hoces del R\u00edo Turia, el Charco Azul, el Barranco de Vallfiguera, zonas de escalada y senderismo y la Ruta de los Pantaneros, donde se encuentran los puentes colgantes.\u00a0<\/p>\n<p><img loading=\"lazy\" decoding=\"async\" class=\"wp-image-2549 alignleft\" src=\"http:\/\/www.imuntanya.com\/wp-content\/uploads\/2019\/12\/Chulilla_PNMLosCaldereros-300x200.jpg\" alt=\"\" width=\"371\" height=\"247\" srcset=\"http:\/\/www.imuntanya.com\/wp-content\/uploads\/2019\/12\/Chulilla_PNMLosCaldereros-300x200.jpg 300w, http:\/\/www.imuntanya.com\/wp-content\/uploads\/2019\/12\/Chulilla_PNMLosCaldereros-768x512.jpg 768w, http:\/\/www.imuntanya.com\/wp-content\/uploads\/2019\/12\/Chulilla_PNMLosCaldereros.jpg 810w\" sizes=\"auto, (max-width: 371px) 100vw, 371px\" \/>Pero en el 2012, la situaci\u00f3n de Chulilla era complicada. Tras un incendio forestal, el desfalco en la Cooperativa Agraria y las dificultades que llevaron al cierre del Balneario un a\u00f1o despu\u00e9s, la poblaci\u00f3n ve\u00eda como se perd\u00eda su imagen de destino tur\u00edstico. La apuesta del Municipio fue reconvertir sus recursos hac\u00eda la pr\u00e1ctica deportiva con la escalada y el senderismo como principales bazas.<\/p>\n<p>Para ello, se abri\u00f3 la Ruta de los Pantaneros, con dos puentes colgantes de 21 y 28 metros de longitud que fueron dise\u00f1ados e instalados por <a href=\"#\"><strong>iMuntanya<\/strong><\/a><\/p>\n<p><img loading=\"lazy\" decoding=\"async\" class=\"size-medium wp-image-2569 aligncenter\" src=\"http:\/\/www.imuntanya.com\/wp-content\/uploads\/2019\/12\/constPP_2012_Chulilla-2012_MAndes-1-300x224.jpg\" alt=\"\" width=\"300\" height=\"224\" srcset=\"http:\/\/www.imuntanya.com\/wp-content\/uploads\/2019\/12\/constPP_2012_Chulilla-2012_MAndes-1-300x224.jpg 300w, http:\/\/www.imuntanya.com\/wp-content\/uploads\/2019\/12\/constPP_2012_Chulilla-2012_MAndes-1-768x574.jpg 768w, http:\/\/www.imuntanya.com\/wp-content\/uploads\/2019\/12\/constPP_2012_Chulilla-2012_MAndes-1-1024x765.jpg 1024w, http:\/\/www.imuntanya.com\/wp-content\/uploads\/2019\/12\/constPP_2012_Chulilla-2012_MAndes-1-510x382.jpg 510w, http:\/\/www.imuntanya.com\/wp-content\/uploads\/2019\/12\/constPP_2012_Chulilla-2012_MAndes-1-1080x807.jpg 1080w\" sizes=\"auto, (max-width: 300px) 100vw, 300px\" \/><\/p>\n<p><img loading=\"lazy\" decoding=\"async\" class=\"size-medium wp-image-2579 aligncenter\" src=\"http:\/\/www.imuntanya.com\/wp-content\/uploads\/2019\/12\/constPP_2012_Chulilla-2012_MAndes-7-300x224.jpg\" alt=\"\" width=\"300\" height=\"224\" srcset=\"http:\/\/www.imuntanya.com\/wp-content\/uploads\/2019\/12\/constPP_2012_Chulilla-2012_MAndes-7-300x224.jpg 300w, http:\/\/www.imuntanya.com\/wp-content\/uploads\/2019\/12\/constPP_2012_Chulilla-2012_MAndes-7-768x574.jpg 768w, http:\/\/www.imuntanya.com\/wp-content\/uploads\/2019\/12\/constPP_2012_Chulilla-2012_MAndes-7-1024x765.jpg 1024w, http:\/\/www.imuntanya.com\/wp-content\/uploads\/2019\/12\/constPP_2012_Chulilla-2012_MAndes-7-510x382.jpg 510w, http:\/\/www.imuntanya.com\/wp-content\/uploads\/2019\/12\/constPP_2012_Chulilla-2012_MAndes-7-1080x807.jpg 1080w\" sizes=\"auto, (max-width: 300px) 100vw, 300px\" \/><\/p>\n<p>Asimismo, se crearon nuevas v\u00edas de escaladas centralizando la recepci\u00f3n de veh\u00edculos en el pueblo para evitar la aglomeraci\u00f3n de veh\u00edculos en entornos naturales y posibilitando el negocio para restaurantes y bares. \u00a0<\/p>\n<p><img loading=\"lazy\" decoding=\"async\" class=\" wp-image-2534 aligncenter\" src=\"http:\/\/www.imuntanya.com\/wp-content\/uploads\/2019\/12\/Chulilla_Escalador1-300x200.jpg\" alt=\"\" width=\"500\" height=\"333\" srcset=\"http:\/\/www.imuntanya.com\/wp-content\/uploads\/2019\/12\/Chulilla_Escalador1-300x200.jpg 300w, http:\/\/www.imuntanya.com\/wp-content\/uploads\/2019\/12\/Chulilla_Escalador1.jpg 661w\" sizes=\"auto, (max-width: 500px) 100vw, 500px\" \/><\/p>\n<p>Con la reconversi\u00f3n y la apuesta por el turismo deportivo, Chulilla se ha convertido en un destino atractivo durante todo el a\u00f1o con un notable incremento de visitantes. Adem\u00e1s de celebrar eventos deportivos, el Municipio se ha posicionado en la pr\u00e1ctica de la escalada a nivel internacional, recibiendo turistas de lugares tan dispares como Nueva Zelanda, Brasil o las Islas Caim\u00e1n. A su vez, la poblaci\u00f3n ha visto crecer el n\u00famero de alojamientos rurales, la oferta en restauraci\u00f3n y la apertura de nuevos negocios.\u00a0<\/p>\n<p>El Turismo de Interior es una oportunidad para peque\u00f1as poblaciones en entornos naturales. Seg\u00fan datos de la World Tourism Organization de las Naciones Unidas, este tipo de turismo ha aumentado del 5 al 15% del 2010 al 2018 y prev\u00e9 que lo siga haciendo en los pr\u00f3ximos a\u00f1os.<\/p>\n<p>En iMuntanya somos un buen aliado para llevar a cabo proyectos de turismo en naturaleza. Somos expertos en la <a href=\"http:\/\/www.imuntanya.com\/es\/geotecnia-vertical\/\">seguridad de taludes<\/a> en peligro de desprendimientos con la \u00a0construcci\u00f3n de barreras y el saneamiento de rocas, en <a href=\"http:\/\/www.imuntanya.com\/es\/geotecnia-vertical\/\">adecuaci\u00f3n de senderos<\/a> con la t\u00e9cnica del entorno o la creaci\u00f3n de infraestructuras como <a href=\"http:\/\/www.imuntanya.com\/es\/catalogo\/\">puentes o pasarelas colgantes<\/a>.\u00a0<\/p>\n<p><a href=\"http:\/\/www.imuntanya.com\/es\/contacto\/\">Contacta con nosotros<\/a> si quieres saber m\u00e1s!<\/p>\n<p>[\/et_pb_text][\/et_pb_column][\/et_pb_row][\/et_pb_section]<\/p>\n","protected":false},"excerpt":{"rendered":"<p>Como Chulilla se reinvent\u00f3 como destino de Turismo de Interior y nuestros puentes colgantes fueron una de las claves.<\/p>\n","protected":false},"author":2,"featured_media":2569,"comment_status":"open","ping_status":"open","sticky":false,"template":"","format":"standard","meta":{"_et_pb_use_builder":"on","_et_pb_old_content":"","_et_gb_content_width":"","footnotes":""},"categories":[91],"tags":[75,128],"class_list":["post-2528","post","type-post","status-publish","format-standard","has-post-thumbnail","hentry","category-blog-es","tag-ponts-penjants","tag-puentes-colgantes"],"yoast_head":"<!-- This site is optimized with the Yoast SEO plugin v26.1.1 - https:\/\/yoast.com\/wordpress\/plugins\/seo\/ -->\n<title>Chulilla, un referente del Turismo de Interior | imuntanya<\/title>\n<meta name=\"robots\" content=\"index, follow, max-snippet:-1, max-image-preview:large, max-video-preview:-1\" \/>\n<link rel=\"canonical\" href=\"http:\/\/www.imuntanya.com\/es\/blog-es\/chulilla-un-referente-del-turismo-de-interior\/\" \/>\n<meta property=\"og:locale\" content=\"es_ES\" \/>\n<meta property=\"og:type\" content=\"article\" \/>\n<meta property=\"og:title\" content=\"Chulilla, un referente del Turismo de Interior | imuntanya\" \/>\n<meta property=\"og:description\" content=\"Como Chulilla se reinvent\u00f3 como destino de Turismo de Interior y nuestros puentes colgantes fueron una de las claves.\" \/>\n<meta property=\"og:url\" content=\"http:\/\/www.imuntanya.com\/es\/blog-es\/chulilla-un-referente-del-turismo-de-interior\/\" \/>\n<meta property=\"og:site_name\" content=\"imuntanya\" \/>\n<meta property=\"article:publisher\" content=\"https:\/\/www.facebook.com\/imuntanya\" \/>\n<meta property=\"article:published_time\" content=\"2019-12-03T01:29:43+00:00\" \/>\n<meta property=\"article:modified_time\" content=\"2019-12-03T01:32:24+00:00\" \/>\n<meta property=\"og:image\" content=\"http:\/\/www.imuntanya.com\/wp-content\/uploads\/2019\/12\/constPP_2012_Chulilla-2012_MAndes-1-1024x765.jpg\" \/>\n\t<meta property=\"og:image:width\" content=\"1024\" \/>\n\t<meta property=\"og:image:height\" content=\"765\" \/>\n\t<meta property=\"og:image:type\" content=\"image\/jpeg\" \/>\n<meta name=\"author\" content=\"Merc\u00e8 Pujol\" \/>\n<meta name=\"twitter:card\" content=\"summary_large_image\" \/>\n<meta name=\"twitter:creator\" content=\"@imuntanya15\" \/>\n<meta name=\"twitter:site\" content=\"@imuntanya15\" \/>\n<meta name=\"twitter:label1\" content=\"Escrito por\" \/>\n\t<meta name=\"twitter:data1\" content=\"Merc\u00e8 Pujol\" \/>\n\t<meta name=\"twitter:label2\" content=\"Tiempo de lectura\" \/>\n\t<meta name=\"twitter:data2\" content=\"6 minutos\" \/>\n<script type=\"application\/ld+json\" class=\"yoast-schema-graph\">{\"@context\":\"https:\/\/schema.org\",\"@graph\":[{\"@type\":\"Article\",\"@id\":\"http:\/\/www.imuntanya.com\/es\/blog-es\/chulilla-un-referente-del-turismo-de-interior\/#article\",\"isPartOf\":{\"@id\":\"http:\/\/www.imuntanya.com\/es\/blog-es\/chulilla-un-referente-del-turismo-de-interior\/\"},\"author\":{\"name\":\"Merc\u00e8 Pujol\",\"@id\":\"http:\/\/www.imuntanya.com\/#\/schema\/person\/c144fa172ac4fbfb4767af32d5acae8e\"},\"headline\":\"Chulilla, un referente del Turismo de Interior\",\"datePublished\":\"2019-12-03T01:29:43+00:00\",\"dateModified\":\"2019-12-03T01:32:24+00:00\",\"mainEntityOfPage\":{\"@id\":\"http:\/\/www.imuntanya.com\/es\/blog-es\/chulilla-un-referente-del-turismo-de-interior\/\"},\"wordCount\":1133,\"commentCount\":0,\"publisher\":{\"@id\":\"http:\/\/www.imuntanya.com\/#organization\"},\"image\":{\"@id\":\"http:\/\/www.imuntanya.com\/es\/blog-es\/chulilla-un-referente-del-turismo-de-interior\/#primaryimage\"},\"thumbnailUrl\":\"http:\/\/www.imuntanya.com\/wp-content\/uploads\/2019\/12\/constPP_2012_Chulilla-2012_MAndes-1.jpg\",\"keywords\":[\"Ponts penjants\",\"Puentes colgantes\"],\"articleSection\":[\"Blog\"],\"inLanguage\":\"es\",\"potentialAction\":[{\"@type\":\"CommentAction\",\"name\":\"Comment\",\"target\":[\"http:\/\/www.imuntanya.com\/es\/blog-es\/chulilla-un-referente-del-turismo-de-interior\/#respond\"]}]},{\"@type\":\"WebPage\",\"@id\":\"http:\/\/www.imuntanya.com\/es\/blog-es\/chulilla-un-referente-del-turismo-de-interior\/\",\"url\":\"http:\/\/www.imuntanya.com\/es\/blog-es\/chulilla-un-referente-del-turismo-de-interior\/\",\"name\":\"Chulilla, un referente del Turismo de Interior | imuntanya\",\"isPartOf\":{\"@id\":\"http:\/\/www.imuntanya.com\/#website\"},\"primaryImageOfPage\":{\"@id\":\"http:\/\/www.imuntanya.com\/es\/blog-es\/chulilla-un-referente-del-turismo-de-interior\/#primaryimage\"},\"image\":{\"@id\":\"http:\/\/www.imuntanya.com\/es\/blog-es\/chulilla-un-referente-del-turismo-de-interior\/#primaryimage\"},\"thumbnailUrl\":\"http:\/\/www.imuntanya.com\/wp-content\/uploads\/2019\/12\/constPP_2012_Chulilla-2012_MAndes-1.jpg\",\"datePublished\":\"2019-12-03T01:29:43+00:00\",\"dateModified\":\"2019-12-03T01:32:24+00:00\",\"breadcrumb\":{\"@id\":\"http:\/\/www.imuntanya.com\/es\/blog-es\/chulilla-un-referente-del-turismo-de-interior\/#breadcrumb\"},\"inLanguage\":\"es\",\"potentialAction\":[{\"@type\":\"ReadAction\",\"target\":[\"http:\/\/www.imuntanya.com\/es\/blog-es\/chulilla-un-referente-del-turismo-de-interior\/\"]}]},{\"@type\":\"ImageObject\",\"inLanguage\":\"es\",\"@id\":\"http:\/\/www.imuntanya.com\/es\/blog-es\/chulilla-un-referente-del-turismo-de-interior\/#primaryimage\",\"url\":\"http:\/\/www.imuntanya.com\/wp-content\/uploads\/2019\/12\/constPP_2012_Chulilla-2012_MAndes-1.jpg\",\"contentUrl\":\"http:\/\/www.imuntanya.com\/wp-content\/uploads\/2019\/12\/constPP_2012_Chulilla-2012_MAndes-1.jpg\",\"width\":2592,\"height\":1936},{\"@type\":\"BreadcrumbList\",\"@id\":\"http:\/\/www.imuntanya.com\/es\/blog-es\/chulilla-un-referente-del-turismo-de-interior\/#breadcrumb\",\"itemListElement\":[{\"@type\":\"ListItem\",\"position\":1,\"name\":\"Inici\",\"item\":\"http:\/\/www.imuntanya.com\/\"},{\"@type\":\"ListItem\",\"position\":2,\"name\":\"Chulilla, un referente del Turismo de Interior\"}]},{\"@type\":\"WebSite\",\"@id\":\"http:\/\/www.imuntanya.com\/#website\",\"url\":\"http:\/\/www.imuntanya.com\/\",\"name\":\"iMuntanya\",\"description\":\"Infraestructures per alta muntanya i en zones de dif\u00edcil acc\u00e9s\",\"publisher\":{\"@id\":\"http:\/\/www.imuntanya.com\/#organization\"},\"potentialAction\":[{\"@type\":\"SearchAction\",\"target\":{\"@type\":\"EntryPoint\",\"urlTemplate\":\"http:\/\/www.imuntanya.com\/?s={search_term_string}\"},\"query-input\":{\"@type\":\"PropertyValueSpecification\",\"valueRequired\":true,\"valueName\":\"search_term_string\"}}],\"inLanguage\":\"es\"},{\"@type\":\"Organization\",\"@id\":\"http:\/\/www.imuntanya.com\/#organization\",\"name\":\"iMuntanya \u00b7 Infraestructures de Muntanya S.L.\",\"url\":\"http:\/\/www.imuntanya.com\/\",\"logo\":{\"@type\":\"ImageObject\",\"inLanguage\":\"es\",\"@id\":\"http:\/\/www.imuntanya.com\/#\/schema\/logo\/image\/\",\"url\":\"http:\/\/www.imuntanya.com\/wp-content\/uploads\/2019\/07\/imu-cat-2.png\",\"contentUrl\":\"http:\/\/www.imuntanya.com\/wp-content\/uploads\/2019\/07\/imu-cat-2.png\",\"width\":640,\"height\":83,\"caption\":\"iMuntanya \u00b7 Infraestructures de Muntanya S.L.\"},\"image\":{\"@id\":\"http:\/\/www.imuntanya.com\/#\/schema\/logo\/image\/\"},\"sameAs\":[\"https:\/\/www.facebook.com\/imuntanya\",\"https:\/\/x.com\/imuntanya15\",\"https:\/\/www.instagram.com\/imuntanya\/\",\"https:\/\/www.linkedin.com\/company\/imuntanya\/\",\"https:\/\/www.youtube.com\/user\/imuntanyaatyoutub\"]},{\"@type\":\"Person\",\"@id\":\"http:\/\/www.imuntanya.com\/#\/schema\/person\/c144fa172ac4fbfb4767af32d5acae8e\",\"name\":\"Merc\u00e8 Pujol\",\"image\":{\"@type\":\"ImageObject\",\"inLanguage\":\"es\",\"@id\":\"http:\/\/www.imuntanya.com\/#\/schema\/person\/image\/\",\"url\":\"https:\/\/secure.gravatar.com\/avatar\/10213c83b04e18e80603efc3add346a4f27921c505524ba24c92ebf7f86153a2?s=96&d=mm&r=g\",\"contentUrl\":\"https:\/\/secure.gravatar.com\/avatar\/10213c83b04e18e80603efc3add346a4f27921c505524ba24c92ebf7f86153a2?s=96&d=mm&r=g\",\"caption\":\"Merc\u00e8 Pujol\"},\"url\":\"http:\/\/www.imuntanya.com\/es\/author\/merce\/\"}]}<\/script>\n<!-- \/ Yoast SEO plugin. -->","yoast_head_json":{"title":"Chulilla, un referente del Turismo de Interior | imuntanya","robots":{"index":"index","follow":"follow","max-snippet":"max-snippet:-1","max-image-preview":"max-image-preview:large","max-video-preview":"max-video-preview:-1"},"canonical":"http:\/\/www.imuntanya.com\/es\/blog-es\/chulilla-un-referente-del-turismo-de-interior\/","og_locale":"es_ES","og_type":"article","og_title":"Chulilla, un referente del Turismo de Interior | imuntanya","og_description":"Como Chulilla se reinvent\u00f3 como destino de Turismo de Interior y nuestros puentes colgantes fueron una de las claves.","og_url":"http:\/\/www.imuntanya.com\/es\/blog-es\/chulilla-un-referente-del-turismo-de-interior\/","og_site_name":"imuntanya","article_publisher":"https:\/\/www.facebook.com\/imuntanya","article_published_time":"2019-12-03T01:29:43+00:00","article_modified_time":"2019-12-03T01:32:24+00:00","og_image":[{"width":1024,"height":765,"url":"http:\/\/www.imuntanya.com\/wp-content\/uploads\/2019\/12\/constPP_2012_Chulilla-2012_MAndes-1-1024x765.jpg","type":"image\/jpeg"}],"author":"Merc\u00e8 Pujol","twitter_card":"summary_large_image","twitter_creator":"@imuntanya15","twitter_site":"@imuntanya15","twitter_misc":{"Escrito por":"Merc\u00e8 Pujol","Tiempo de lectura":"6 minutos"},"schema":{"@context":"https:\/\/schema.org","@graph":[{"@type":"Article","@id":"http:\/\/www.imuntanya.com\/es\/blog-es\/chulilla-un-referente-del-turismo-de-interior\/#article","isPartOf":{"@id":"http:\/\/www.imuntanya.com\/es\/blog-es\/chulilla-un-referente-del-turismo-de-interior\/"},"author":{"name":"Merc\u00e8 Pujol","@id":"http:\/\/www.imuntanya.com\/#\/schema\/person\/c144fa172ac4fbfb4767af32d5acae8e"},"headline":"Chulilla, un referente del Turismo de Interior","datePublished":"2019-12-03T01:29:43+00:00","dateModified":"2019-12-03T01:32:24+00:00","mainEntityOfPage":{"@id":"http:\/\/www.imuntanya.com\/es\/blog-es\/chulilla-un-referente-del-turismo-de-interior\/"},"wordCount":1133,"commentCount":0,"publisher":{"@id":"http:\/\/www.imuntanya.com\/#organization"},"image":{"@id":"http:\/\/www.imuntanya.com\/es\/blog-es\/chulilla-un-referente-del-turismo-de-interior\/#primaryimage"},"thumbnailUrl":"http:\/\/www.imuntanya.com\/wp-content\/uploads\/2019\/12\/constPP_2012_Chulilla-2012_MAndes-1.jpg","keywords":["Ponts penjants","Puentes colgantes"],"articleSection":["Blog"],"inLanguage":"es","potentialAction":[{"@type":"CommentAction","name":"Comment","target":["http:\/\/www.imuntanya.com\/es\/blog-es\/chulilla-un-referente-del-turismo-de-interior\/#respond"]}]},{"@type":"WebPage","@id":"http:\/\/www.imuntanya.com\/es\/blog-es\/chulilla-un-referente-del-turismo-de-interior\/","url":"http:\/\/www.imuntanya.com\/es\/blog-es\/chulilla-un-referente-del-turismo-de-interior\/","name":"Chulilla, un referente del Turismo de Interior | imuntanya","isPartOf":{"@id":"http:\/\/www.imuntanya.com\/#website"},"primaryImageOfPage":{"@id":"http:\/\/www.imuntanya.com\/es\/blog-es\/chulilla-un-referente-del-turismo-de-interior\/#primaryimage"},"image":{"@id":"http:\/\/www.imuntanya.com\/es\/blog-es\/chulilla-un-referente-del-turismo-de-interior\/#primaryimage"},"thumbnailUrl":"http:\/\/www.imuntanya.com\/wp-content\/uploads\/2019\/12\/constPP_2012_Chulilla-2012_MAndes-1.jpg","datePublished":"2019-12-03T01:29:43+00:00","dateModified":"2019-12-03T01:32:24+00:00","breadcrumb":{"@id":"http:\/\/www.imuntanya.com\/es\/blog-es\/chulilla-un-referente-del-turismo-de-interior\/#breadcrumb"},"inLanguage":"es","potentialAction":[{"@type":"ReadAction","target":["http:\/\/www.imuntanya.com\/es\/blog-es\/chulilla-un-referente-del-turismo-de-interior\/"]}]},{"@type":"ImageObject","inLanguage":"es","@id":"http:\/\/www.imuntanya.com\/es\/blog-es\/chulilla-un-referente-del-turismo-de-interior\/#primaryimage","url":"http:\/\/www.imuntanya.com\/wp-content\/uploads\/2019\/12\/constPP_2012_Chulilla-2012_MAndes-1.jpg","contentUrl":"http:\/\/www.imuntanya.com\/wp-content\/uploads\/2019\/12\/constPP_2012_Chulilla-2012_MAndes-1.jpg","width":2592,"height":1936},{"@type":"BreadcrumbList","@id":"http:\/\/www.imuntanya.com\/es\/blog-es\/chulilla-un-referente-del-turismo-de-interior\/#breadcrumb","itemListElement":[{"@type":"ListItem","position":1,"name":"Inici","item":"http:\/\/www.imuntanya.com\/"},{"@type":"ListItem","position":2,"name":"Chulilla, un referente del Turismo de Interior"}]},{"@type":"WebSite","@id":"http:\/\/www.imuntanya.com\/#website","url":"http:\/\/www.imuntanya.com\/","name":"iMuntanya","description":"Infraestructures per alta muntanya i en zones de dif\u00edcil acc\u00e9s","publisher":{"@id":"http:\/\/www.imuntanya.com\/#organization"},"potentialAction":[{"@type":"SearchAction","target":{"@type":"EntryPoint","urlTemplate":"http:\/\/www.imuntanya.com\/?s={search_term_string}"},"query-input":{"@type":"PropertyValueSpecification","valueRequired":true,"valueName":"search_term_string"}}],"inLanguage":"es"},{"@type":"Organization","@id":"http:\/\/www.imuntanya.com\/#organization","name":"iMuntanya \u00b7 Infraestructures de Muntanya S.L.","url":"http:\/\/www.imuntanya.com\/","logo":{"@type":"ImageObject","inLanguage":"es","@id":"http:\/\/www.imuntanya.com\/#\/schema\/logo\/image\/","url":"http:\/\/www.imuntanya.com\/wp-content\/uploads\/2019\/07\/imu-cat-2.png","contentUrl":"http:\/\/www.imuntanya.com\/wp-content\/uploads\/2019\/07\/imu-cat-2.png","width":640,"height":83,"caption":"iMuntanya \u00b7 Infraestructures de Muntanya S.L."},"image":{"@id":"http:\/\/www.imuntanya.com\/#\/schema\/logo\/image\/"},"sameAs":["https:\/\/www.facebook.com\/imuntanya","https:\/\/x.com\/imuntanya15","https:\/\/www.instagram.com\/imuntanya\/","https:\/\/www.linkedin.com\/company\/imuntanya\/","https:\/\/www.youtube.com\/user\/imuntanyaatyoutub"]},{"@type":"Person","@id":"http:\/\/www.imuntanya.com\/#\/schema\/person\/c144fa172ac4fbfb4767af32d5acae8e","name":"Merc\u00e8 Pujol","image":{"@type":"ImageObject","inLanguage":"es","@id":"http:\/\/www.imuntanya.com\/#\/schema\/person\/image\/","url":"https:\/\/secure.gravatar.com\/avatar\/10213c83b04e18e80603efc3add346a4f27921c505524ba24c92ebf7f86153a2?s=96&d=mm&r=g","contentUrl":"https:\/\/secure.gravatar.com\/avatar\/10213c83b04e18e80603efc3add346a4f27921c505524ba24c92ebf7f86153a2?s=96&d=mm&r=g","caption":"Merc\u00e8 Pujol"},"url":"http:\/\/www.imuntanya.com\/es\/author\/merce\/"}]}},"_links":{"self":[{"href":"http:\/\/www.imuntanya.com\/es\/wp-json\/wp\/v2\/posts\/2528","targetHints":{"allow":["GET"]}}],"collection":[{"href":"http:\/\/www.imuntanya.com\/es\/wp-json\/wp\/v2\/posts"}],"about":[{"href":"http:\/\/www.imuntanya.com\/es\/wp-json\/wp\/v2\/types\/post"}],"author":[{"embeddable":true,"href":"http:\/\/www.imuntanya.com\/es\/wp-json\/wp\/v2\/users\/2"}],"replies":[{"embeddable":true,"href":"http:\/\/www.imuntanya.com\/es\/wp-json\/wp\/v2\/comments?post=2528"}],"version-history":[{"count":7,"href":"http:\/\/www.imuntanya.com\/es\/wp-json\/wp\/v2\/posts\/2528\/revisions"}],"predecessor-version":[{"id":2590,"href":"http:\/\/www.imuntanya.com\/es\/wp-json\/wp\/v2\/posts\/2528\/revisions\/2590"}],"wp:featuredmedia":[{"embeddable":true,"href":"http:\/\/www.imuntanya.com\/es\/wp-json\/wp\/v2\/media\/2569"}],"wp:attachment":[{"href":"http:\/\/www.imuntanya.com\/es\/wp-json\/wp\/v2\/media?parent=2528"}],"wp:term":[{"taxonomy":"category","embeddable":true,"href":"http:\/\/www.imuntanya.com\/es\/wp-json\/wp\/v2\/categories?post=2528"},{"taxonomy":"post_tag","embeddable":true,"href":"http:\/\/www.imuntanya.com\/es\/wp-json\/wp\/v2\/tags?post=2528"}],"curies":[{"name":"wp","href":"https:\/\/api.w.org\/{rel}","templated":true}]}}