{"id":2912,"date":"2020-05-19T02:18:32","date_gmt":"2020-05-19T00:18:32","guid":{"rendered":"http:\/\/www.imuntanya.com\/sin-categorizar\/trabajos-de-emergencia-tras-el-paso-de-la-borrasca-gloria\/"},"modified":"2020-05-19T02:18:34","modified_gmt":"2020-05-19T00:18:34","slug":"trabajos-de-emergencia-tras-el-paso-de-la-borrasca-gloria","status":"publish","type":"post","link":"http:\/\/www.imuntanya.com\/es\/blog-es\/trabajos-de-emergencia-tras-el-paso-de-la-borrasca-gloria\/","title":{"rendered":"Trabajos de emergencia tras el paso de la Borrasca Gloria"},"content":{"rendered":"<p>[et_pb_section fb_built=\u00bb1&#8243; _builder_version=\u00bb3.22&#8243; custom_margin=\u00bb0px|0px|0px|0px\u00bb custom_padding=\u00bb0px|0px|0px|0px\u00bb][et_pb_row _builder_version=\u00bb4.4.5&#8243;][et_pb_column type=\u00bb4_4&#8243; _builder_version=\u00bb4.4.5&#8243; custom_padding=\u00bb|||\u00bb custom_padding__hover=\u00bb|||\u00bb][et_pb_text content_last_edited=\u00bboff|desktop\u00bb admin_label=\u00bbText\u00bb _builder_version=\u00bb4.4.5&#8243; text_line_height=\u00bb2em\u00bb width=\u00bb%22300%22&#8243; height=\u00bb%22201%22&#8243; animation_style=\u00bbfade\u00bb]<span style=\"color: #333333;\"><b>A finales de enero, un cicl\u00f3n extra tropical originado en Norteam\u00e9rica, trajo fuertes lluvias, vientos huracanados, temporal mar\u00edtimo y nevadas intensas en el este y nordeste de la pen\u00ednsula Ib\u00e9rica. Con el nombre de borrasca Gloria, se ha considerado una de las m\u00e1s fuertes de los \u00faltimos 40 a\u00f1os y ocasion\u00f3 v\u00edctimas mortales y numerosos desperfectos. El equipo de iMuntanya respondi\u00f3 con la mayor celeridad y profesionalidad para reparar da\u00f1os y proporcionar medidas de seguridad para proteger personas, edificios e infraestructuras en riesgo por desprendimiento de rocas y tierra.<\/b><\/span><\/p>\n<p>En la peque\u00f1a y tur\u00edstica poblaci\u00f3n de Miravet, Tarragona, las lluvias ocasionaron una ca\u00edda de rocas y tierra de m\u00e1s de 6 toneladas que afect\u00f3 a numerosas viviendas en el n\u00facleo. Varios vecinos tuvieron que ser desalojados y la calle se cerr\u00f3 al tr\u00e1nsito. Tan pronto como fue posible, \u00a0<strong><span class=\"hiddenSpellError\">iMuntanya<\/span><\/strong>, con la asistencia t\u00e9cnica de <a href=\"https:\/\/geo-hazardadvisors.com\">Geo-HazardAdvisors<\/a>, la direcci\u00f3n de obra de <a href=\"https:\/\/proyectoraymar.com\">Proyecto Raymar<\/a> i materiales de <strong>Geobrugg<\/strong> (Romanshorn, Su\u00efssa), empez\u00f3 con la actuaci\u00f3n de los trabajos de emergencia con el objetivo de crear un dise\u00f1o s\u00f3lido de estabilizaci\u00f3n de taludes rocosos, utilizando la malla Spider Net combinada con anclajes profundos.<\/p>\n<table class=\" aligncenter\" style=\"height: 316px; border-color: #ffffff;\" width=\"1406\">\n<tbody>\n<tr>\n<td style=\"width: 462px;\"><img loading=\"lazy\" decoding=\"async\" class=\"wp-image-2830 aligncenter\" src=\"http:\/\/www.imuntanya.com\/wp-content\/uploads\/2020\/05\/GV_2020-Miravet_EstabTalus-1_700x470-300x201.jpg\" alt=\"\" width=\"465\" height=\"312\" \/><\/td>\n<td style=\"width: 461.015625px;\"><img loading=\"lazy\" decoding=\"async\" class=\"wp-image-2820 aligncenter\" src=\"http:\/\/www.imuntanya.com\/wp-content\/uploads\/2020\/05\/GV_2020-Miravet_EstabTalus-5_700x470-300x201.jpg\" alt=\"\" width=\"465\" height=\"312\" \/><\/td>\n<td style=\"width: 461.015625px;\"><img loading=\"lazy\" decoding=\"async\" class=\"wp-image-2840 alignnone aligncenter\" src=\"http:\/\/www.imuntanya.com\/wp-content\/uploads\/2020\/05\/GV_2020-Miravet_EstabTalus-10_700x470-300x201.jpg\" alt=\"\" width=\"465\" height=\"312\" \/><\/td>\n<\/tr>\n<\/tbody>\n<\/table>\n<p>Para conseguir los mejores resultados, la colaboraci\u00f3n con <a href=\"https:\/\/www.linkedin.com\/in\/dr-carles-ra\u00efmat-8890956a\/\">Dr. Carles Ra\u00efmat<\/a> de Geo-HazardAdvisors ha sido clave. El uso del dron permite trabajar con una fotogrametr\u00eda de alta resoluci\u00f3n como punto de partida de una modelizaci\u00f3n en 3D del desprendimiento y un estudio m\u00e1s detallado de las posibles y mejores soluciones a implementar. Esta tecnolog\u00eda puntera en el an\u00e1lisis del terreno nos permite llevar a cabo una actuaci\u00f3n m\u00e1s precisa y con m\u00e1s seguridad.<\/p>\n<p><iframe loading=\"lazy\" title=\"Rock slope stabilization MIravet\" width=\"1080\" height=\"608\" src=\"https:\/\/www.youtube.com\/embed\/UkzZsfFC6hE?feature=oembed\" frameborder=\"0\" allow=\"accelerometer; autoplay; encrypted-media; gyroscope; picture-in-picture\" allowfullscreen><\/iframe><\/p>\n<p>Considerada una <strong>situaci\u00f3n<\/strong>\u00a0<strong>esencial<\/strong>, hemos seguido trabajando durante las restricciones provocadas por la Covid-19, con las dificultades a\u00f1adidas de llevar a cabo el trabajo respetando las medidas decretadas para frenar la expansi\u00f3n del virus. Muy pronto, los vecinos de Miravet podr\u00e1n regresar a sus hogares y pasear por sus calles con la tranquilidad de saber que est\u00e1n protegidos de futuros desprendimientos de roca.<\/p>\n<p><span style=\"color: #333333;\"><strong>La noticia y nuestro trabajo en los medios de comunicaci\u00f3n<br \/>\n<\/strong><\/span><\/p>\n<p>Tras el desprendimiento a finales de Enero, varios medios de comunicaci\u00f3n han hecho hincapi\u00e9 en esta situaci\u00f3n. Los medios locales han publicado extensamente: as\u00ed lo comunicaba el 24 de enero el\u00a0<a href=\"https:\/\/www.diaridetarragona.com\/ebre\/Un-desprendimiento-de-tierra-obliga-a-desalojar-a-4-vecinos-en-Miravet-20200124-0066.html\">Diari de Tarragona<\/a>\u00a0y la radio informativa de les Terres de l&#8217;Ebre\u00a0<a href=\"https:\/\/www.imaginaradio.cat\/despreniments-i-talls-dacces-les-consequencies-del-temporal-que-encara-afecten-miravet\/\">imaginaradio.cat<\/a>. Tres d\u00edas despu\u00e9s, el alcalde sal\u00eda en\u00a0<a href=\"https:\/\/www.canal21ebre.com\/2020\/01\/27\/un-despreniment-de-roques-obliga-a-desallotjar-cinc-veins-a-miravet\/\">Canal21Ebre.<\/a>\u00a0A principios de febrero, el <a href=\"https:\/\/www.youtube.com\/watch?v=XoRC_wH4vgU\">Canal Terres de l&#8217;Ebre<\/a> hacia un peque\u00f1o reportaje y\u00a0<a href=\"https:\/\/tarragonadigital.com\/successos\/bombers-treballen-casa-miravet-afectada-temporal-gloria\">Tarragona Digital<\/a>\u00a0sacaba la noticia de los bomberos interviniendo en una de las viviendas afectas. Numerosas publicaciones han seguido informando de la situaci\u00f3n. Con las obras en curso, el alcalde de Miravet detallaba las obras que se estaban llevando a cabo\u00a0<a href=\"https:\/\/www.canal21ebre.com\/2020\/03\/05\/miravet-installa-malles-de-contencio-a-les-roques-afectades-pel-gloria\/\">con esta noticia<\/a>. Hace unos pocos d\u00edas, el Diari de Tarragona, comunicaba que Miravet los primeros pasos para <a href=\"https:\/\/www.diaridetarragona.com\/ebre\/Miravet-reobrir-un-dels-carrers-afectats-pel-despreniment-durant-el-Glria-20200324-0022.html\">reabrir las calles y permitir que los desalojados regresen a su hogar.<\/a>[\/et_pb_text][\/et_pb_column][\/et_pb_row][\/et_pb_section]<\/p>\n","protected":false},"excerpt":{"rendered":"<p>En la poblaci\u00f3n de Miravet, en Tarragona, las lluvias ocasionaron una ca\u00edda de rocas y tierra que afect\u00f3 a varias viviendas del centro.<\/p>\n","protected":false},"author":2,"featured_media":2844,"comment_status":"open","ping_status":"open","sticky":false,"template":"","format":"standard","meta":{"_et_pb_use_builder":"on","_et_pb_old_content":"","_et_gb_content_width":"","footnotes":""},"categories":[91],"tags":[92],"class_list":["post-2912","post","type-post","status-publish","format-standard","has-post-thumbnail","hentry","category-blog-es","tag-geotecnica-vertical-es"],"yoast_head":"<!-- This site is optimized with the Yoast SEO plugin v26.1.1 - https:\/\/yoast.com\/wordpress\/plugins\/seo\/ -->\n<title>Trabajos de emergencia tras el paso de la Borrasca Gloria | imuntanya<\/title>\n<meta name=\"description\" content=\"Las fuertes lluvias que acompa\u00f1aron al temporal Gloria ocasionaron una ca\u00edda de rocas y tierra de m\u00e1s de 6 toneladas que afect\u00f3 a varias viviendas de la poblaci\u00f3n de Miravet en Tarragona. Varios vecinos fueron desalojados y se cerr\u00f3 una calle en el centro. Tan pronto como fue posible, iMuntanya empez\u00f3 con los trabajos de emergencia con el objetivo de establecer un dise\u00f1o s\u00f3lido de estabilizaci\u00f3n de taludes rocosos utilizando modelos 3D creados con dron para analizar el terreno y una soluci\u00f3n de mallas de contenci\u00f3n combinadas con anclajes profundos.\" \/>\n<meta name=\"robots\" content=\"index, follow, max-snippet:-1, max-image-preview:large, max-video-preview:-1\" \/>\n<link rel=\"canonical\" href=\"http:\/\/www.imuntanya.com\/es\/blog-es\/trabajos-de-emergencia-tras-el-paso-de-la-borrasca-gloria\/\" \/>\n<meta property=\"og:locale\" content=\"es_ES\" \/>\n<meta property=\"og:type\" content=\"article\" \/>\n<meta property=\"og:title\" content=\"Trabajos de emergencia tras el paso de la Borrasca Gloria | imuntanya\" \/>\n<meta property=\"og:description\" content=\"Las fuertes lluvias que acompa\u00f1aron al temporal Gloria ocasionaron una ca\u00edda de rocas y tierra de m\u00e1s de 6 toneladas que afect\u00f3 a varias viviendas de la poblaci\u00f3n de Miravet en Tarragona. Varios vecinos fueron desalojados y se cerr\u00f3 una calle en el centro. Tan pronto como fue posible, iMuntanya empez\u00f3 con los trabajos de emergencia con el objetivo de establecer un dise\u00f1o s\u00f3lido de estabilizaci\u00f3n de taludes rocosos utilizando modelos 3D creados con dron para analizar el terreno y una soluci\u00f3n de mallas de contenci\u00f3n combinadas con anclajes profundos.\" \/>\n<meta property=\"og:url\" content=\"http:\/\/www.imuntanya.com\/es\/blog-es\/trabajos-de-emergencia-tras-el-paso-de-la-borrasca-gloria\/\" \/>\n<meta property=\"og:site_name\" content=\"imuntanya\" \/>\n<meta property=\"article:publisher\" content=\"https:\/\/www.facebook.com\/imuntanya\" \/>\n<meta property=\"article:published_time\" content=\"2020-05-19T00:18:32+00:00\" \/>\n<meta property=\"article:modified_time\" content=\"2020-05-19T00:18:34+00:00\" \/>\n<meta property=\"og:image\" content=\"http:\/\/www.imuntanya.com\/wp-content\/uploads\/2020\/05\/GV_2020-Miravet_EstabTalus-10_700x470.jpg\" \/>\n\t<meta property=\"og:image:width\" content=\"700\" \/>\n\t<meta property=\"og:image:height\" content=\"470\" \/>\n\t<meta property=\"og:image:type\" content=\"image\/jpeg\" \/>\n<meta name=\"author\" content=\"Merc\u00e8 Pujol\" \/>\n<meta name=\"twitter:card\" content=\"summary_large_image\" \/>\n<meta name=\"twitter:creator\" content=\"@imuntanya15\" \/>\n<meta name=\"twitter:site\" content=\"@imuntanya15\" \/>\n<meta name=\"twitter:label1\" content=\"Escrito por\" \/>\n\t<meta name=\"twitter:data1\" content=\"Merc\u00e8 Pujol\" \/>\n\t<meta name=\"twitter:label2\" content=\"Tiempo de lectura\" \/>\n\t<meta name=\"twitter:data2\" content=\"3 minutos\" \/>\n<script type=\"application\/ld+json\" class=\"yoast-schema-graph\">{\"@context\":\"https:\/\/schema.org\",\"@graph\":[{\"@type\":\"Article\",\"@id\":\"http:\/\/www.imuntanya.com\/es\/blog-es\/trabajos-de-emergencia-tras-el-paso-de-la-borrasca-gloria\/#article\",\"isPartOf\":{\"@id\":\"http:\/\/www.imuntanya.com\/es\/blog-es\/trabajos-de-emergencia-tras-el-paso-de-la-borrasca-gloria\/\"},\"author\":{\"name\":\"Merc\u00e8 Pujol\",\"@id\":\"http:\/\/www.imuntanya.com\/#\/schema\/person\/c144fa172ac4fbfb4767af32d5acae8e\"},\"headline\":\"Trabajos de emergencia tras el paso de la Borrasca Gloria\",\"datePublished\":\"2020-05-19T00:18:32+00:00\",\"dateModified\":\"2020-05-19T00:18:34+00:00\",\"mainEntityOfPage\":{\"@id\":\"http:\/\/www.imuntanya.com\/es\/blog-es\/trabajos-de-emergencia-tras-el-paso-de-la-borrasca-gloria\/\"},\"wordCount\":612,\"commentCount\":0,\"publisher\":{\"@id\":\"http:\/\/www.imuntanya.com\/#organization\"},\"image\":{\"@id\":\"http:\/\/www.imuntanya.com\/es\/blog-es\/trabajos-de-emergencia-tras-el-paso-de-la-borrasca-gloria\/#primaryimage\"},\"thumbnailUrl\":\"http:\/\/www.imuntanya.com\/wp-content\/uploads\/2020\/05\/GV_2020-Miravet_EstabTalus-10_700x470.jpg\",\"keywords\":[\"Geot\u00e8cnica vertical\"],\"articleSection\":[\"Blog\"],\"inLanguage\":\"es\",\"potentialAction\":[{\"@type\":\"CommentAction\",\"name\":\"Comment\",\"target\":[\"http:\/\/www.imuntanya.com\/es\/blog-es\/trabajos-de-emergencia-tras-el-paso-de-la-borrasca-gloria\/#respond\"]}]},{\"@type\":\"WebPage\",\"@id\":\"http:\/\/www.imuntanya.com\/es\/blog-es\/trabajos-de-emergencia-tras-el-paso-de-la-borrasca-gloria\/\",\"url\":\"http:\/\/www.imuntanya.com\/es\/blog-es\/trabajos-de-emergencia-tras-el-paso-de-la-borrasca-gloria\/\",\"name\":\"Trabajos de emergencia tras el paso de la Borrasca Gloria | imuntanya\",\"isPartOf\":{\"@id\":\"http:\/\/www.imuntanya.com\/#website\"},\"primaryImageOfPage\":{\"@id\":\"http:\/\/www.imuntanya.com\/es\/blog-es\/trabajos-de-emergencia-tras-el-paso-de-la-borrasca-gloria\/#primaryimage\"},\"image\":{\"@id\":\"http:\/\/www.imuntanya.com\/es\/blog-es\/trabajos-de-emergencia-tras-el-paso-de-la-borrasca-gloria\/#primaryimage\"},\"thumbnailUrl\":\"http:\/\/www.imuntanya.com\/wp-content\/uploads\/2020\/05\/GV_2020-Miravet_EstabTalus-10_700x470.jpg\",\"datePublished\":\"2020-05-19T00:18:32+00:00\",\"dateModified\":\"2020-05-19T00:18:34+00:00\",\"description\":\"Las fuertes lluvias que acompa\u00f1aron al temporal Gloria ocasionaron una ca\u00edda de rocas y tierra de m\u00e1s de 6 toneladas que afect\u00f3 a varias viviendas de la poblaci\u00f3n de Miravet en Tarragona. Varios vecinos fueron desalojados y se cerr\u00f3 una calle en el centro. Tan pronto como fue posible, iMuntanya empez\u00f3 con los trabajos de emergencia con el objetivo de establecer un dise\u00f1o s\u00f3lido de estabilizaci\u00f3n de taludes rocosos utilizando modelos 3D creados con dron para analizar el terreno y una soluci\u00f3n de mallas de contenci\u00f3n combinadas con anclajes profundos.\",\"breadcrumb\":{\"@id\":\"http:\/\/www.imuntanya.com\/es\/blog-es\/trabajos-de-emergencia-tras-el-paso-de-la-borrasca-gloria\/#breadcrumb\"},\"inLanguage\":\"es\",\"potentialAction\":[{\"@type\":\"ReadAction\",\"target\":[\"http:\/\/www.imuntanya.com\/es\/blog-es\/trabajos-de-emergencia-tras-el-paso-de-la-borrasca-gloria\/\"]}]},{\"@type\":\"ImageObject\",\"inLanguage\":\"es\",\"@id\":\"http:\/\/www.imuntanya.com\/es\/blog-es\/trabajos-de-emergencia-tras-el-paso-de-la-borrasca-gloria\/#primaryimage\",\"url\":\"http:\/\/www.imuntanya.com\/wp-content\/uploads\/2020\/05\/GV_2020-Miravet_EstabTalus-10_700x470.jpg\",\"contentUrl\":\"http:\/\/www.imuntanya.com\/wp-content\/uploads\/2020\/05\/GV_2020-Miravet_EstabTalus-10_700x470.jpg\",\"width\":700,\"height\":470},{\"@type\":\"BreadcrumbList\",\"@id\":\"http:\/\/www.imuntanya.com\/es\/blog-es\/trabajos-de-emergencia-tras-el-paso-de-la-borrasca-gloria\/#breadcrumb\",\"itemListElement\":[{\"@type\":\"ListItem\",\"position\":1,\"name\":\"Inici\",\"item\":\"http:\/\/www.imuntanya.com\/\"},{\"@type\":\"ListItem\",\"position\":2,\"name\":\"Trabajos de emergencia tras el paso de la Borrasca Gloria\"}]},{\"@type\":\"WebSite\",\"@id\":\"http:\/\/www.imuntanya.com\/#website\",\"url\":\"http:\/\/www.imuntanya.com\/\",\"name\":\"iMuntanya\",\"description\":\"Infraestructures per alta muntanya i en zones de dif\u00edcil acc\u00e9s\",\"publisher\":{\"@id\":\"http:\/\/www.imuntanya.com\/#organization\"},\"potentialAction\":[{\"@type\":\"SearchAction\",\"target\":{\"@type\":\"EntryPoint\",\"urlTemplate\":\"http:\/\/www.imuntanya.com\/?s={search_term_string}\"},\"query-input\":{\"@type\":\"PropertyValueSpecification\",\"valueRequired\":true,\"valueName\":\"search_term_string\"}}],\"inLanguage\":\"es\"},{\"@type\":\"Organization\",\"@id\":\"http:\/\/www.imuntanya.com\/#organization\",\"name\":\"iMuntanya \u00b7 Infraestructures de Muntanya S.L.\",\"url\":\"http:\/\/www.imuntanya.com\/\",\"logo\":{\"@type\":\"ImageObject\",\"inLanguage\":\"es\",\"@id\":\"http:\/\/www.imuntanya.com\/#\/schema\/logo\/image\/\",\"url\":\"http:\/\/www.imuntanya.com\/wp-content\/uploads\/2019\/07\/imu-cat-2.png\",\"contentUrl\":\"http:\/\/www.imuntanya.com\/wp-content\/uploads\/2019\/07\/imu-cat-2.png\",\"width\":640,\"height\":83,\"caption\":\"iMuntanya \u00b7 Infraestructures de Muntanya S.L.\"},\"image\":{\"@id\":\"http:\/\/www.imuntanya.com\/#\/schema\/logo\/image\/\"},\"sameAs\":[\"https:\/\/www.facebook.com\/imuntanya\",\"https:\/\/x.com\/imuntanya15\",\"https:\/\/www.instagram.com\/imuntanya\/\",\"https:\/\/www.linkedin.com\/company\/imuntanya\/\",\"https:\/\/www.youtube.com\/user\/imuntanyaatyoutub\"]},{\"@type\":\"Person\",\"@id\":\"http:\/\/www.imuntanya.com\/#\/schema\/person\/c144fa172ac4fbfb4767af32d5acae8e\",\"name\":\"Merc\u00e8 Pujol\",\"image\":{\"@type\":\"ImageObject\",\"inLanguage\":\"es\",\"@id\":\"http:\/\/www.imuntanya.com\/#\/schema\/person\/image\/\",\"url\":\"https:\/\/secure.gravatar.com\/avatar\/10213c83b04e18e80603efc3add346a4f27921c505524ba24c92ebf7f86153a2?s=96&d=mm&r=g\",\"contentUrl\":\"https:\/\/secure.gravatar.com\/avatar\/10213c83b04e18e80603efc3add346a4f27921c505524ba24c92ebf7f86153a2?s=96&d=mm&r=g\",\"caption\":\"Merc\u00e8 Pujol\"},\"url\":\"http:\/\/www.imuntanya.com\/es\/author\/merce\/\"}]}<\/script>\n<!-- \/ Yoast SEO plugin. -->","yoast_head_json":{"title":"Trabajos de emergencia tras el paso de la Borrasca Gloria | imuntanya","description":"Las fuertes lluvias que acompa\u00f1aron al temporal Gloria ocasionaron una ca\u00edda de rocas y tierra de m\u00e1s de 6 toneladas que afect\u00f3 a varias viviendas de la poblaci\u00f3n de Miravet en Tarragona. Varios vecinos fueron desalojados y se cerr\u00f3 una calle en el centro. Tan pronto como fue posible, iMuntanya empez\u00f3 con los trabajos de emergencia con el objetivo de establecer un dise\u00f1o s\u00f3lido de estabilizaci\u00f3n de taludes rocosos utilizando modelos 3D creados con dron para analizar el terreno y una soluci\u00f3n de mallas de contenci\u00f3n combinadas con anclajes profundos.","robots":{"index":"index","follow":"follow","max-snippet":"max-snippet:-1","max-image-preview":"max-image-preview:large","max-video-preview":"max-video-preview:-1"},"canonical":"http:\/\/www.imuntanya.com\/es\/blog-es\/trabajos-de-emergencia-tras-el-paso-de-la-borrasca-gloria\/","og_locale":"es_ES","og_type":"article","og_title":"Trabajos de emergencia tras el paso de la Borrasca Gloria | imuntanya","og_description":"Las fuertes lluvias que acompa\u00f1aron al temporal Gloria ocasionaron una ca\u00edda de rocas y tierra de m\u00e1s de 6 toneladas que afect\u00f3 a varias viviendas de la poblaci\u00f3n de Miravet en Tarragona. Varios vecinos fueron desalojados y se cerr\u00f3 una calle en el centro. Tan pronto como fue posible, iMuntanya empez\u00f3 con los trabajos de emergencia con el objetivo de establecer un dise\u00f1o s\u00f3lido de estabilizaci\u00f3n de taludes rocosos utilizando modelos 3D creados con dron para analizar el terreno y una soluci\u00f3n de mallas de contenci\u00f3n combinadas con anclajes profundos.","og_url":"http:\/\/www.imuntanya.com\/es\/blog-es\/trabajos-de-emergencia-tras-el-paso-de-la-borrasca-gloria\/","og_site_name":"imuntanya","article_publisher":"https:\/\/www.facebook.com\/imuntanya","article_published_time":"2020-05-19T00:18:32+00:00","article_modified_time":"2020-05-19T00:18:34+00:00","og_image":[{"width":700,"height":470,"url":"http:\/\/www.imuntanya.com\/wp-content\/uploads\/2020\/05\/GV_2020-Miravet_EstabTalus-10_700x470.jpg","type":"image\/jpeg"}],"author":"Merc\u00e8 Pujol","twitter_card":"summary_large_image","twitter_creator":"@imuntanya15","twitter_site":"@imuntanya15","twitter_misc":{"Escrito por":"Merc\u00e8 Pujol","Tiempo de lectura":"3 minutos"},"schema":{"@context":"https:\/\/schema.org","@graph":[{"@type":"Article","@id":"http:\/\/www.imuntanya.com\/es\/blog-es\/trabajos-de-emergencia-tras-el-paso-de-la-borrasca-gloria\/#article","isPartOf":{"@id":"http:\/\/www.imuntanya.com\/es\/blog-es\/trabajos-de-emergencia-tras-el-paso-de-la-borrasca-gloria\/"},"author":{"name":"Merc\u00e8 Pujol","@id":"http:\/\/www.imuntanya.com\/#\/schema\/person\/c144fa172ac4fbfb4767af32d5acae8e"},"headline":"Trabajos de emergencia tras el paso de la Borrasca Gloria","datePublished":"2020-05-19T00:18:32+00:00","dateModified":"2020-05-19T00:18:34+00:00","mainEntityOfPage":{"@id":"http:\/\/www.imuntanya.com\/es\/blog-es\/trabajos-de-emergencia-tras-el-paso-de-la-borrasca-gloria\/"},"wordCount":612,"commentCount":0,"publisher":{"@id":"http:\/\/www.imuntanya.com\/#organization"},"image":{"@id":"http:\/\/www.imuntanya.com\/es\/blog-es\/trabajos-de-emergencia-tras-el-paso-de-la-borrasca-gloria\/#primaryimage"},"thumbnailUrl":"http:\/\/www.imuntanya.com\/wp-content\/uploads\/2020\/05\/GV_2020-Miravet_EstabTalus-10_700x470.jpg","keywords":["Geot\u00e8cnica vertical"],"articleSection":["Blog"],"inLanguage":"es","potentialAction":[{"@type":"CommentAction","name":"Comment","target":["http:\/\/www.imuntanya.com\/es\/blog-es\/trabajos-de-emergencia-tras-el-paso-de-la-borrasca-gloria\/#respond"]}]},{"@type":"WebPage","@id":"http:\/\/www.imuntanya.com\/es\/blog-es\/trabajos-de-emergencia-tras-el-paso-de-la-borrasca-gloria\/","url":"http:\/\/www.imuntanya.com\/es\/blog-es\/trabajos-de-emergencia-tras-el-paso-de-la-borrasca-gloria\/","name":"Trabajos de emergencia tras el paso de la Borrasca Gloria | imuntanya","isPartOf":{"@id":"http:\/\/www.imuntanya.com\/#website"},"primaryImageOfPage":{"@id":"http:\/\/www.imuntanya.com\/es\/blog-es\/trabajos-de-emergencia-tras-el-paso-de-la-borrasca-gloria\/#primaryimage"},"image":{"@id":"http:\/\/www.imuntanya.com\/es\/blog-es\/trabajos-de-emergencia-tras-el-paso-de-la-borrasca-gloria\/#primaryimage"},"thumbnailUrl":"http:\/\/www.imuntanya.com\/wp-content\/uploads\/2020\/05\/GV_2020-Miravet_EstabTalus-10_700x470.jpg","datePublished":"2020-05-19T00:18:32+00:00","dateModified":"2020-05-19T00:18:34+00:00","description":"Las fuertes lluvias que acompa\u00f1aron al temporal Gloria ocasionaron una ca\u00edda de rocas y tierra de m\u00e1s de 6 toneladas que afect\u00f3 a varias viviendas de la poblaci\u00f3n de Miravet en Tarragona. Varios vecinos fueron desalojados y se cerr\u00f3 una calle en el centro. Tan pronto como fue posible, iMuntanya empez\u00f3 con los trabajos de emergencia con el objetivo de establecer un dise\u00f1o s\u00f3lido de estabilizaci\u00f3n de taludes rocosos utilizando modelos 3D creados con dron para analizar el terreno y una soluci\u00f3n de mallas de contenci\u00f3n combinadas con anclajes profundos.","breadcrumb":{"@id":"http:\/\/www.imuntanya.com\/es\/blog-es\/trabajos-de-emergencia-tras-el-paso-de-la-borrasca-gloria\/#breadcrumb"},"inLanguage":"es","potentialAction":[{"@type":"ReadAction","target":["http:\/\/www.imuntanya.com\/es\/blog-es\/trabajos-de-emergencia-tras-el-paso-de-la-borrasca-gloria\/"]}]},{"@type":"ImageObject","inLanguage":"es","@id":"http:\/\/www.imuntanya.com\/es\/blog-es\/trabajos-de-emergencia-tras-el-paso-de-la-borrasca-gloria\/#primaryimage","url":"http:\/\/www.imuntanya.com\/wp-content\/uploads\/2020\/05\/GV_2020-Miravet_EstabTalus-10_700x470.jpg","contentUrl":"http:\/\/www.imuntanya.com\/wp-content\/uploads\/2020\/05\/GV_2020-Miravet_EstabTalus-10_700x470.jpg","width":700,"height":470},{"@type":"BreadcrumbList","@id":"http:\/\/www.imuntanya.com\/es\/blog-es\/trabajos-de-emergencia-tras-el-paso-de-la-borrasca-gloria\/#breadcrumb","itemListElement":[{"@type":"ListItem","position":1,"name":"Inici","item":"http:\/\/www.imuntanya.com\/"},{"@type":"ListItem","position":2,"name":"Trabajos de emergencia tras el paso de la Borrasca Gloria"}]},{"@type":"WebSite","@id":"http:\/\/www.imuntanya.com\/#website","url":"http:\/\/www.imuntanya.com\/","name":"iMuntanya","description":"Infraestructures per alta muntanya i en zones de dif\u00edcil acc\u00e9s","publisher":{"@id":"http:\/\/www.imuntanya.com\/#organization"},"potentialAction":[{"@type":"SearchAction","target":{"@type":"EntryPoint","urlTemplate":"http:\/\/www.imuntanya.com\/?s={search_term_string}"},"query-input":{"@type":"PropertyValueSpecification","valueRequired":true,"valueName":"search_term_string"}}],"inLanguage":"es"},{"@type":"Organization","@id":"http:\/\/www.imuntanya.com\/#organization","name":"iMuntanya \u00b7 Infraestructures de Muntanya S.L.","url":"http:\/\/www.imuntanya.com\/","logo":{"@type":"ImageObject","inLanguage":"es","@id":"http:\/\/www.imuntanya.com\/#\/schema\/logo\/image\/","url":"http:\/\/www.imuntanya.com\/wp-content\/uploads\/2019\/07\/imu-cat-2.png","contentUrl":"http:\/\/www.imuntanya.com\/wp-content\/uploads\/2019\/07\/imu-cat-2.png","width":640,"height":83,"caption":"iMuntanya \u00b7 Infraestructures de Muntanya S.L."},"image":{"@id":"http:\/\/www.imuntanya.com\/#\/schema\/logo\/image\/"},"sameAs":["https:\/\/www.facebook.com\/imuntanya","https:\/\/x.com\/imuntanya15","https:\/\/www.instagram.com\/imuntanya\/","https:\/\/www.linkedin.com\/company\/imuntanya\/","https:\/\/www.youtube.com\/user\/imuntanyaatyoutub"]},{"@type":"Person","@id":"http:\/\/www.imuntanya.com\/#\/schema\/person\/c144fa172ac4fbfb4767af32d5acae8e","name":"Merc\u00e8 Pujol","image":{"@type":"ImageObject","inLanguage":"es","@id":"http:\/\/www.imuntanya.com\/#\/schema\/person\/image\/","url":"https:\/\/secure.gravatar.com\/avatar\/10213c83b04e18e80603efc3add346a4f27921c505524ba24c92ebf7f86153a2?s=96&d=mm&r=g","contentUrl":"https:\/\/secure.gravatar.com\/avatar\/10213c83b04e18e80603efc3add346a4f27921c505524ba24c92ebf7f86153a2?s=96&d=mm&r=g","caption":"Merc\u00e8 Pujol"},"url":"http:\/\/www.imuntanya.com\/es\/author\/merce\/"}]}},"_links":{"self":[{"href":"http:\/\/www.imuntanya.com\/es\/wp-json\/wp\/v2\/posts\/2912","targetHints":{"allow":["GET"]}}],"collection":[{"href":"http:\/\/www.imuntanya.com\/es\/wp-json\/wp\/v2\/posts"}],"about":[{"href":"http:\/\/www.imuntanya.com\/es\/wp-json\/wp\/v2\/types\/post"}],"author":[{"embeddable":true,"href":"http:\/\/www.imuntanya.com\/es\/wp-json\/wp\/v2\/users\/2"}],"replies":[{"embeddable":true,"href":"http:\/\/www.imuntanya.com\/es\/wp-json\/wp\/v2\/comments?post=2912"}],"version-history":[{"count":1,"href":"http:\/\/www.imuntanya.com\/es\/wp-json\/wp\/v2\/posts\/2912\/revisions"}],"predecessor-version":[{"id":2913,"href":"http:\/\/www.imuntanya.com\/es\/wp-json\/wp\/v2\/posts\/2912\/revisions\/2913"}],"wp:featuredmedia":[{"embeddable":true,"href":"http:\/\/www.imuntanya.com\/es\/wp-json\/wp\/v2\/media\/2844"}],"wp:attachment":[{"href":"http:\/\/www.imuntanya.com\/es\/wp-json\/wp\/v2\/media?parent=2912"}],"wp:term":[{"taxonomy":"category","embeddable":true,"href":"http:\/\/www.imuntanya.com\/es\/wp-json\/wp\/v2\/categories?post=2912"},{"taxonomy":"post_tag","embeddable":true,"href":"http:\/\/www.imuntanya.com\/es\/wp-json\/wp\/v2\/tags?post=2912"}],"curies":[{"name":"wp","href":"https:\/\/api.w.org\/{rel}","templated":true}]}}