{"id":3084,"date":"2020-06-09T06:04:54","date_gmt":"2020-06-09T04:04:54","guid":{"rendered":"http:\/\/www.imuntanya.com\/sin-categorizar\/micropilotes-profundos-un-ahorro-economico-en-la-alta-montana\/"},"modified":"2021-05-06T07:32:26","modified_gmt":"2021-05-06T05:32:26","slug":"micropilotes-profundos-un-ahorro-economico-en-la-alta-montana","status":"publish","type":"post","link":"http:\/\/www.imuntanya.com\/es\/blog\/micropilotes-profundos-un-ahorro-economico-en-la-alta-montana\/","title":{"rendered":"Micropilotes profundos, un ahorro econ\u00f3mico en la alta monta\u00f1a"},"content":{"rendered":"<p>[et_pb_section fb_built=\u00bb1&#8243; _builder_version=\u00bb3.22&#8243; custom_margin=\u00bb0px|0px|0px|0px\u00bb custom_padding=\u00bb0px|0px|0px|0px\u00bb][et_pb_row _builder_version=\u00bb3.25&#8243;][et_pb_column type=\u00bb4_4&#8243; _builder_version=\u00bb3.0.47&#8243; custom_padding=\u00bb|||\u00bb custom_padding__hover=\u00bb|||\u00bb][et_pb_text _builder_version=\u00bb4.4.5&#8243; width=\u00bb80%\u00bb width_phone=\u00bb50px\u00bb max_width=\u00bb1366px\u00bb max_width_tablet=\u00bb100px\u00bb max_width_phone=\u00bb50px\u00bb hover_enabled=\u00bb0&#8243; z_index_tablet=\u00bb500&#8243; text_text_shadow_horizontal_length_tablet=\u00bb0px\u00bb text_text_shadow_vertical_length_tablet=\u00bb0px\u00bb text_text_shadow_blur_strength_tablet=\u00bb1px\u00bb link_text_shadow_horizontal_length_tablet=\u00bb0px\u00bb link_text_shadow_vertical_length_tablet=\u00bb0px\u00bb link_text_shadow_blur_strength_tablet=\u00bb1px\u00bb ul_text_shadow_horizontal_length_tablet=\u00bb0px\u00bb ul_text_shadow_vertical_length_tablet=\u00bb0px\u00bb ul_text_shadow_blur_strength_tablet=\u00bb1px\u00bb ol_text_shadow_horizontal_length_tablet=\u00bb0px\u00bb ol_text_shadow_vertical_length_tablet=\u00bb0px\u00bb ol_text_shadow_blur_strength_tablet=\u00bb1px\u00bb quote_text_shadow_horizontal_length_tablet=\u00bb0px\u00bb quote_text_shadow_vertical_length_tablet=\u00bb0px\u00bb quote_text_shadow_blur_strength_tablet=\u00bb1px\u00bb header_text_shadow_horizontal_length_tablet=\u00bb0px\u00bb header_text_shadow_vertical_length_tablet=\u00bb0px\u00bb header_text_shadow_blur_strength_tablet=\u00bb1px\u00bb header_2_text_shadow_horizontal_length_tablet=\u00bb0px\u00bb header_2_text_shadow_vertical_length_tablet=\u00bb0px\u00bb header_2_text_shadow_blur_strength_tablet=\u00bb1px\u00bb header_3_text_shadow_horizontal_length_tablet=\u00bb0px\u00bb header_3_text_shadow_vertical_length_tablet=\u00bb0px\u00bb header_3_text_shadow_blur_strength_tablet=\u00bb1px\u00bb header_4_text_shadow_horizontal_length_tablet=\u00bb0px\u00bb header_4_text_shadow_vertical_length_tablet=\u00bb0px\u00bb header_4_text_shadow_blur_strength_tablet=\u00bb1px\u00bb header_5_text_shadow_horizontal_length_tablet=\u00bb0px\u00bb header_5_text_shadow_vertical_length_tablet=\u00bb0px\u00bb header_5_text_shadow_blur_strength_tablet=\u00bb1px\u00bb header_6_text_shadow_horizontal_length_tablet=\u00bb0px\u00bb header_6_text_shadow_vertical_length_tablet=\u00bb0px\u00bb header_6_text_shadow_blur_strength_tablet=\u00bb1px\u00bb box_shadow_horizontal_tablet=\u00bb0px\u00bb box_shadow_vertical_tablet=\u00bb0px\u00bb box_shadow_blur_tablet=\u00bb40px\u00bb box_shadow_spread_tablet=\u00bb0px\u00bb admin_label=\u00bbText\u00bb]Nos encontramos en el Valle de Nuria, en el Pirineo Catal\u00e1n. Hemos iniciado los trabajos para la construcci\u00f3n de un nuevo telesilla que unir\u00e1 las instalaciones con el albergue \u00abPic de l&#8217;\u00c0liga\u00bb, situado a 2.120 metros.<\/p>\n<p>El equipo de <a href=\"#\"><strong>iMuntanya<\/strong><\/a>\u00a0est\u00e1 realizando micropilotes para las cimentaciones de este nuevo equipamiento. Para los dos pilones de inicio y final, se ha reducido la secci\u00f3n del dado de hormig\u00f3n de los zapatos para cimentaciones profundas, suponiendo un ahorro econ\u00f3mico considerable dado que el hormig\u00f3n debe ser transportado a cotas de m\u00e1s de 2.000 metros.<\/p>\n<p>Los micropilotes tienen un di\u00e1metro de 125mm y entrar\u00e1n hasta 10 metros de profundidad con una alma met\u00e1lica de barra maciza de acero de altas caracter\u00edsticas resistentes 670\/800.<\/p>\n<p>Estas son algunas de las im\u00e1genes de estos trabajos:<\/p>\n<p style=\"text-align: center;\"><img loading=\"lazy\" decoding=\"async\" class=\"size-medium wp-image-2447 aligncenter\" src=\"http:\/\/www.imuntanya.com\/wp-content\/uploads\/2019\/07\/GV_2019-VallNuria_micropilots-telecadira-1-300x225.jpeg\" alt=\"\" width=\"300\" height=\"225\" srcset=\"http:\/\/www.imuntanya.com\/wp-content\/uploads\/2019\/07\/GV_2019-VallNuria_micropilots-telecadira-1-300x225.jpeg 300w, http:\/\/www.imuntanya.com\/wp-content\/uploads\/2019\/07\/GV_2019-VallNuria_micropilots-telecadira-1-768x576.jpeg 768w, http:\/\/www.imuntanya.com\/wp-content\/uploads\/2019\/07\/GV_2019-VallNuria_micropilots-telecadira-1-1024x768.jpeg 1024w, http:\/\/www.imuntanya.com\/wp-content\/uploads\/2019\/07\/GV_2019-VallNuria_micropilots-telecadira-1-510x382.jpeg 510w, http:\/\/www.imuntanya.com\/wp-content\/uploads\/2019\/07\/GV_2019-VallNuria_micropilots-telecadira-1-1080x810.jpeg 1080w, http:\/\/www.imuntanya.com\/wp-content\/uploads\/2019\/07\/GV_2019-VallNuria_micropilots-telecadira-1.jpeg 1600w\" sizes=\"auto, (max-width: 300px) 100vw, 300px\" \/>Subiendo la micropilotadora en el funicular de N\u00faria<\/p>\n<p style=\"text-align: center;\"><img loading=\"lazy\" decoding=\"async\" class=\"size-medium wp-image-2462 aligncenter\" src=\"http:\/\/www.imuntanya.com\/wp-content\/uploads\/2019\/07\/GV_2019-VallNuria_micropilots-telecadira-4-300x225.jpeg\" alt=\"\" width=\"300\" height=\"225\" srcset=\"http:\/\/www.imuntanya.com\/wp-content\/uploads\/2019\/07\/GV_2019-VallNuria_micropilots-telecadira-4-300x225.jpeg 300w, http:\/\/www.imuntanya.com\/wp-content\/uploads\/2019\/07\/GV_2019-VallNuria_micropilots-telecadira-4-768x576.jpeg 768w, http:\/\/www.imuntanya.com\/wp-content\/uploads\/2019\/07\/GV_2019-VallNuria_micropilots-telecadira-4-1024x768.jpeg 1024w, http:\/\/www.imuntanya.com\/wp-content\/uploads\/2019\/07\/GV_2019-VallNuria_micropilots-telecadira-4-510x382.jpeg 510w, http:\/\/www.imuntanya.com\/wp-content\/uploads\/2019\/07\/GV_2019-VallNuria_micropilots-telecadira-4-1080x810.jpeg 1080w, http:\/\/www.imuntanya.com\/wp-content\/uploads\/2019\/07\/GV_2019-VallNuria_micropilots-telecadira-4.jpeg 1600w\" sizes=\"auto, (max-width: 300px) 100vw, 300px\" \/>El telesilla unir\u00e1 las instalaciones de N\u00faria con el albergue<\/p>\n<p style=\"text-align: center;\"><img loading=\"lazy\" decoding=\"async\" class=\"size-medium wp-image-2467 aligncenter\" src=\"http:\/\/www.imuntanya.com\/wp-content\/uploads\/2019\/07\/GV_2019-VallNuria_micropilots-telecadira-5-300x225.jpeg\" alt=\"\" width=\"300\" height=\"225\" srcset=\"http:\/\/www.imuntanya.com\/wp-content\/uploads\/2019\/07\/GV_2019-VallNuria_micropilots-telecadira-5-300x225.jpeg 300w, http:\/\/www.imuntanya.com\/wp-content\/uploads\/2019\/07\/GV_2019-VallNuria_micropilots-telecadira-5-768x576.jpeg 768w, http:\/\/www.imuntanya.com\/wp-content\/uploads\/2019\/07\/GV_2019-VallNuria_micropilots-telecadira-5-1024x768.jpeg 1024w, http:\/\/www.imuntanya.com\/wp-content\/uploads\/2019\/07\/GV_2019-VallNuria_micropilots-telecadira-5-510x382.jpeg 510w, http:\/\/www.imuntanya.com\/wp-content\/uploads\/2019\/07\/GV_2019-VallNuria_micropilots-telecadira-5-1080x810.jpeg 1080w, http:\/\/www.imuntanya.com\/wp-content\/uploads\/2019\/07\/GV_2019-VallNuria_micropilots-telecadira-5.jpeg 1600w\" sizes=\"auto, (max-width: 300px) 100vw, 300px\" \/>Se han iniciado los trabajos de microcimentaci\u00f3n con unas vistas espectaculares<\/p>\n<p>Informaci\u00f3n en los Medios de Comunicaci\u00f3n acerca de las obras del nuevo telecabina de la Vall de N\u00faria:<\/p>\n<p>Inauguraci\u00f3n:<br \/>\n10 de Marzo de 2020: <a href=\"https:\/\/www.ccma.cat\/tv3\/alacarta\/telenoticies-comarques\/la-vall-de-nuria-recupera-el-teleferic-de-la-coma-del-clot\/video\/6034453\/\">Inauguraci\u00f3 del nou servei de telef\u00e8ric<\/a>\u00a0(TV3)<br \/>\n23 de Febrero de 2020: <a href=\"https:\/\/el9nou.cat\/osona-ripolles\/actualitat\/nuria-estrena-telecabina-a-la-coma-del-clot\/\">N\u00faria estreba telecabina a la Coma del Clot<\/a>(El9Nou.cat)<br \/>\n22 de Febrero: <a href=\"https:\/\/www.diaridegirona.cat\/comarques\/2020\/02\/21\/lestacio-vall-nuria-substitueix-telecabina\/1030575.html\">L&#8217;estaci\u00f3 de la Vall de N\u00faria substitueix el telecabina per un telef\u00e8ric amb m\u00e9s capacitat<\/a> (Diari de Girona)<br \/>\n21 de Febrero: <a href=\"https:\/\/www.naciodigital.cat\/elripolles\/noticia\/32378\/vall\/nuria\/recupera\/finalment\/telecabina\/amb\/doble\/capacitat\">Vall de N\u00faria recupera finalment el telecabina amb el doble de capacitat<\/a> (Naci\u00f3 Ripoll\u00e8s)<\/p>\n<p>Inicio de las obras:<br \/>\n8 de Junio 2019: <a href=\"https:\/\/www.diaridelaneu.cat\/noticia\/8932\/vall-de-nuria-comenca-dilluns-les-obres-per-renovar-el-telecabina\">FGC renova el telecabina Conma del Clot de la Vall de N\u00faria<\/a> (Naci\u00f3Digital)<br \/>\n9 de Junio 2019: <a href=\"https:\/\/www.diaridelaneu.cat\/noticia\/8932\/vall-de-nuria-comenca-dilluns-les-obres-per-renovar-el-telecabina\">Vall de N\u00fari comen\u00e7a dilluns les obres per renovar el telecabina<\/a> (Diari de la neu)<br \/>\n[\/et_pb_text][\/et_pb_column][\/et_pb_row][\/et_pb_section]<\/p>\n","protected":false},"excerpt":{"rendered":"<p>Iniciamos los trabajos de micropilotaje en la Vall de N\u00faria.<\/p>\n","protected":false},"author":2,"featured_media":2471,"comment_status":"open","ping_status":"open","sticky":false,"template":"","format":"standard","meta":{"_et_pb_use_builder":"on","_et_pb_old_content":"","_et_gb_content_width":"","footnotes":""},"categories":[68],"tags":[92],"class_list":["post-3084","post","type-post","status-publish","format-standard","has-post-thumbnail","hentry","category-blog","tag-geotecnica-vertical-es"],"yoast_head":"<!-- This site is optimized with the Yoast SEO plugin v26.1.1 - https:\/\/yoast.com\/wordpress\/plugins\/seo\/ -->\n<title>Micropilotes profundos, un ahorro econ\u00f3mico en la alta monta\u00f1a | imuntanya<\/title>\n<meta name=\"robots\" content=\"index, follow, max-snippet:-1, max-image-preview:large, max-video-preview:-1\" \/>\n<link rel=\"canonical\" href=\"http:\/\/www.imuntanya.com\/es\/blog-es\/micropilotes-profundos-un-ahorro-economico-en-la-alta-montana\/\" \/>\n<meta property=\"og:locale\" content=\"es_ES\" \/>\n<meta property=\"og:type\" content=\"article\" \/>\n<meta property=\"og:title\" content=\"Micropilotes profundos, un ahorro econ\u00f3mico en la alta monta\u00f1a | imuntanya\" \/>\n<meta property=\"og:description\" content=\"Iniciamos los trabajos de micropilotaje en la Vall de N\u00faria.\" \/>\n<meta property=\"og:url\" content=\"http:\/\/www.imuntanya.com\/es\/blog-es\/micropilotes-profundos-un-ahorro-economico-en-la-alta-montana\/\" \/>\n<meta property=\"og:site_name\" content=\"imuntanya\" \/>\n<meta property=\"article:publisher\" content=\"https:\/\/www.facebook.com\/imuntanya\" \/>\n<meta property=\"article:published_time\" content=\"2020-06-09T04:04:54+00:00\" \/>\n<meta property=\"article:modified_time\" content=\"2021-05-06T05:32:26+00:00\" \/>\n<meta property=\"og:image\" content=\"http:\/\/www.imuntanya.com\/wp-content\/uploads\/2019\/07\/GV_2019-VallNuria_micropilots-telecadira-5.jpeg\" \/>\n\t<meta property=\"og:image:width\" content=\"1600\" \/>\n\t<meta property=\"og:image:height\" content=\"1200\" \/>\n\t<meta property=\"og:image:type\" content=\"image\/jpeg\" \/>\n<meta name=\"author\" content=\"Merc\u00e8 Pujol\" \/>\n<meta name=\"twitter:card\" content=\"summary_large_image\" \/>\n<meta name=\"twitter:creator\" content=\"@imuntanya15\" \/>\n<meta name=\"twitter:site\" content=\"@imuntanya15\" \/>\n<meta name=\"twitter:label1\" content=\"Escrito por\" \/>\n\t<meta name=\"twitter:data1\" content=\"Merc\u00e8 Pujol\" \/>\n\t<meta name=\"twitter:label2\" content=\"Tiempo de lectura\" \/>\n\t<meta name=\"twitter:data2\" content=\"3 minutos\" \/>\n<script type=\"application\/ld+json\" class=\"yoast-schema-graph\">{\"@context\":\"https:\/\/schema.org\",\"@graph\":[{\"@type\":\"Article\",\"@id\":\"http:\/\/www.imuntanya.com\/es\/blog-es\/micropilotes-profundos-un-ahorro-economico-en-la-alta-montana\/#article\",\"isPartOf\":{\"@id\":\"http:\/\/www.imuntanya.com\/es\/blog-es\/micropilotes-profundos-un-ahorro-economico-en-la-alta-montana\/\"},\"author\":{\"name\":\"Merc\u00e8 Pujol\",\"@id\":\"http:\/\/www.imuntanya.com\/#\/schema\/person\/c144fa172ac4fbfb4767af32d5acae8e\"},\"headline\":\"Micropilotes profundos, un ahorro econ\u00f3mico en la alta monta\u00f1a\",\"datePublished\":\"2020-06-09T04:04:54+00:00\",\"dateModified\":\"2021-05-06T05:32:26+00:00\",\"mainEntityOfPage\":{\"@id\":\"http:\/\/www.imuntanya.com\/es\/blog-es\/micropilotes-profundos-un-ahorro-economico-en-la-alta-montana\/\"},\"wordCount\":638,\"commentCount\":0,\"publisher\":{\"@id\":\"http:\/\/www.imuntanya.com\/#organization\"},\"image\":{\"@id\":\"http:\/\/www.imuntanya.com\/es\/blog-es\/micropilotes-profundos-un-ahorro-economico-en-la-alta-montana\/#primaryimage\"},\"thumbnailUrl\":\"http:\/\/www.imuntanya.com\/wp-content\/uploads\/2019\/07\/GV_2019-VallNuria_micropilots-telecadira-5.jpeg\",\"keywords\":[\"Geot\u00e8cnica vertical\"],\"articleSection\":[\"Blog\"],\"inLanguage\":\"es\",\"potentialAction\":[{\"@type\":\"CommentAction\",\"name\":\"Comment\",\"target\":[\"http:\/\/www.imuntanya.com\/es\/blog-es\/micropilotes-profundos-un-ahorro-economico-en-la-alta-montana\/#respond\"]}]},{\"@type\":\"WebPage\",\"@id\":\"http:\/\/www.imuntanya.com\/es\/blog-es\/micropilotes-profundos-un-ahorro-economico-en-la-alta-montana\/\",\"url\":\"http:\/\/www.imuntanya.com\/es\/blog-es\/micropilotes-profundos-un-ahorro-economico-en-la-alta-montana\/\",\"name\":\"Micropilotes profundos, un ahorro econ\u00f3mico en la alta monta\u00f1a | imuntanya\",\"isPartOf\":{\"@id\":\"http:\/\/www.imuntanya.com\/#website\"},\"primaryImageOfPage\":{\"@id\":\"http:\/\/www.imuntanya.com\/es\/blog-es\/micropilotes-profundos-un-ahorro-economico-en-la-alta-montana\/#primaryimage\"},\"image\":{\"@id\":\"http:\/\/www.imuntanya.com\/es\/blog-es\/micropilotes-profundos-un-ahorro-economico-en-la-alta-montana\/#primaryimage\"},\"thumbnailUrl\":\"http:\/\/www.imuntanya.com\/wp-content\/uploads\/2019\/07\/GV_2019-VallNuria_micropilots-telecadira-5.jpeg\",\"datePublished\":\"2020-06-09T04:04:54+00:00\",\"dateModified\":\"2021-05-06T05:32:26+00:00\",\"breadcrumb\":{\"@id\":\"http:\/\/www.imuntanya.com\/es\/blog-es\/micropilotes-profundos-un-ahorro-economico-en-la-alta-montana\/#breadcrumb\"},\"inLanguage\":\"es\",\"potentialAction\":[{\"@type\":\"ReadAction\",\"target\":[\"http:\/\/www.imuntanya.com\/es\/blog-es\/micropilotes-profundos-un-ahorro-economico-en-la-alta-montana\/\"]}]},{\"@type\":\"ImageObject\",\"inLanguage\":\"es\",\"@id\":\"http:\/\/www.imuntanya.com\/es\/blog-es\/micropilotes-profundos-un-ahorro-economico-en-la-alta-montana\/#primaryimage\",\"url\":\"http:\/\/www.imuntanya.com\/wp-content\/uploads\/2019\/07\/GV_2019-VallNuria_micropilots-telecadira-5.jpeg\",\"contentUrl\":\"http:\/\/www.imuntanya.com\/wp-content\/uploads\/2019\/07\/GV_2019-VallNuria_micropilots-telecadira-5.jpeg\",\"width\":1600,\"height\":1200,\"caption\":\"Nuestra maquinaria ligera nos permite realizar obras en zonas de dif\u00edcil acceso\"},{\"@type\":\"BreadcrumbList\",\"@id\":\"http:\/\/www.imuntanya.com\/es\/blog-es\/micropilotes-profundos-un-ahorro-economico-en-la-alta-montana\/#breadcrumb\",\"itemListElement\":[{\"@type\":\"ListItem\",\"position\":1,\"name\":\"Inici\",\"item\":\"http:\/\/www.imuntanya.com\/\"},{\"@type\":\"ListItem\",\"position\":2,\"name\":\"Micropilotes profundos, un ahorro econ\u00f3mico en la alta monta\u00f1a\"}]},{\"@type\":\"WebSite\",\"@id\":\"http:\/\/www.imuntanya.com\/#website\",\"url\":\"http:\/\/www.imuntanya.com\/\",\"name\":\"iMuntanya\",\"description\":\"Infraestructures per alta muntanya i en zones de dif\u00edcil acc\u00e9s\",\"publisher\":{\"@id\":\"http:\/\/www.imuntanya.com\/#organization\"},\"potentialAction\":[{\"@type\":\"SearchAction\",\"target\":{\"@type\":\"EntryPoint\",\"urlTemplate\":\"http:\/\/www.imuntanya.com\/?s={search_term_string}\"},\"query-input\":{\"@type\":\"PropertyValueSpecification\",\"valueRequired\":true,\"valueName\":\"search_term_string\"}}],\"inLanguage\":\"es\"},{\"@type\":\"Organization\",\"@id\":\"http:\/\/www.imuntanya.com\/#organization\",\"name\":\"iMuntanya \u00b7 Infraestructures de Muntanya S.L.\",\"url\":\"http:\/\/www.imuntanya.com\/\",\"logo\":{\"@type\":\"ImageObject\",\"inLanguage\":\"es\",\"@id\":\"http:\/\/www.imuntanya.com\/#\/schema\/logo\/image\/\",\"url\":\"http:\/\/www.imuntanya.com\/wp-content\/uploads\/2019\/07\/imu-cat-2.png\",\"contentUrl\":\"http:\/\/www.imuntanya.com\/wp-content\/uploads\/2019\/07\/imu-cat-2.png\",\"width\":640,\"height\":83,\"caption\":\"iMuntanya \u00b7 Infraestructures de Muntanya S.L.\"},\"image\":{\"@id\":\"http:\/\/www.imuntanya.com\/#\/schema\/logo\/image\/\"},\"sameAs\":[\"https:\/\/www.facebook.com\/imuntanya\",\"https:\/\/x.com\/imuntanya15\",\"https:\/\/www.instagram.com\/imuntanya\/\",\"https:\/\/www.linkedin.com\/company\/imuntanya\/\",\"https:\/\/www.youtube.com\/user\/imuntanyaatyoutub\"]},{\"@type\":\"Person\",\"@id\":\"http:\/\/www.imuntanya.com\/#\/schema\/person\/c144fa172ac4fbfb4767af32d5acae8e\",\"name\":\"Merc\u00e8 Pujol\",\"image\":{\"@type\":\"ImageObject\",\"inLanguage\":\"es\",\"@id\":\"http:\/\/www.imuntanya.com\/#\/schema\/person\/image\/\",\"url\":\"https:\/\/secure.gravatar.com\/avatar\/10213c83b04e18e80603efc3add346a4f27921c505524ba24c92ebf7f86153a2?s=96&d=mm&r=g\",\"contentUrl\":\"https:\/\/secure.gravatar.com\/avatar\/10213c83b04e18e80603efc3add346a4f27921c505524ba24c92ebf7f86153a2?s=96&d=mm&r=g\",\"caption\":\"Merc\u00e8 Pujol\"},\"url\":\"http:\/\/www.imuntanya.com\/es\/author\/merce\/\"}]}<\/script>\n<!-- \/ Yoast SEO plugin. -->","yoast_head_json":{"title":"Micropilotes profundos, un ahorro econ\u00f3mico en la alta monta\u00f1a | imuntanya","robots":{"index":"index","follow":"follow","max-snippet":"max-snippet:-1","max-image-preview":"max-image-preview:large","max-video-preview":"max-video-preview:-1"},"canonical":"http:\/\/www.imuntanya.com\/es\/blog-es\/micropilotes-profundos-un-ahorro-economico-en-la-alta-montana\/","og_locale":"es_ES","og_type":"article","og_title":"Micropilotes profundos, un ahorro econ\u00f3mico en la alta monta\u00f1a | imuntanya","og_description":"Iniciamos los trabajos de micropilotaje en la Vall de N\u00faria.","og_url":"http:\/\/www.imuntanya.com\/es\/blog-es\/micropilotes-profundos-un-ahorro-economico-en-la-alta-montana\/","og_site_name":"imuntanya","article_publisher":"https:\/\/www.facebook.com\/imuntanya","article_published_time":"2020-06-09T04:04:54+00:00","article_modified_time":"2021-05-06T05:32:26+00:00","og_image":[{"width":1600,"height":1200,"url":"http:\/\/www.imuntanya.com\/wp-content\/uploads\/2019\/07\/GV_2019-VallNuria_micropilots-telecadira-5.jpeg","type":"image\/jpeg"}],"author":"Merc\u00e8 Pujol","twitter_card":"summary_large_image","twitter_creator":"@imuntanya15","twitter_site":"@imuntanya15","twitter_misc":{"Escrito por":"Merc\u00e8 Pujol","Tiempo de lectura":"3 minutos"},"schema":{"@context":"https:\/\/schema.org","@graph":[{"@type":"Article","@id":"http:\/\/www.imuntanya.com\/es\/blog-es\/micropilotes-profundos-un-ahorro-economico-en-la-alta-montana\/#article","isPartOf":{"@id":"http:\/\/www.imuntanya.com\/es\/blog-es\/micropilotes-profundos-un-ahorro-economico-en-la-alta-montana\/"},"author":{"name":"Merc\u00e8 Pujol","@id":"http:\/\/www.imuntanya.com\/#\/schema\/person\/c144fa172ac4fbfb4767af32d5acae8e"},"headline":"Micropilotes profundos, un ahorro econ\u00f3mico en la alta monta\u00f1a","datePublished":"2020-06-09T04:04:54+00:00","dateModified":"2021-05-06T05:32:26+00:00","mainEntityOfPage":{"@id":"http:\/\/www.imuntanya.com\/es\/blog-es\/micropilotes-profundos-un-ahorro-economico-en-la-alta-montana\/"},"wordCount":638,"commentCount":0,"publisher":{"@id":"http:\/\/www.imuntanya.com\/#organization"},"image":{"@id":"http:\/\/www.imuntanya.com\/es\/blog-es\/micropilotes-profundos-un-ahorro-economico-en-la-alta-montana\/#primaryimage"},"thumbnailUrl":"http:\/\/www.imuntanya.com\/wp-content\/uploads\/2019\/07\/GV_2019-VallNuria_micropilots-telecadira-5.jpeg","keywords":["Geot\u00e8cnica vertical"],"articleSection":["Blog"],"inLanguage":"es","potentialAction":[{"@type":"CommentAction","name":"Comment","target":["http:\/\/www.imuntanya.com\/es\/blog-es\/micropilotes-profundos-un-ahorro-economico-en-la-alta-montana\/#respond"]}]},{"@type":"WebPage","@id":"http:\/\/www.imuntanya.com\/es\/blog-es\/micropilotes-profundos-un-ahorro-economico-en-la-alta-montana\/","url":"http:\/\/www.imuntanya.com\/es\/blog-es\/micropilotes-profundos-un-ahorro-economico-en-la-alta-montana\/","name":"Micropilotes profundos, un ahorro econ\u00f3mico en la alta monta\u00f1a | imuntanya","isPartOf":{"@id":"http:\/\/www.imuntanya.com\/#website"},"primaryImageOfPage":{"@id":"http:\/\/www.imuntanya.com\/es\/blog-es\/micropilotes-profundos-un-ahorro-economico-en-la-alta-montana\/#primaryimage"},"image":{"@id":"http:\/\/www.imuntanya.com\/es\/blog-es\/micropilotes-profundos-un-ahorro-economico-en-la-alta-montana\/#primaryimage"},"thumbnailUrl":"http:\/\/www.imuntanya.com\/wp-content\/uploads\/2019\/07\/GV_2019-VallNuria_micropilots-telecadira-5.jpeg","datePublished":"2020-06-09T04:04:54+00:00","dateModified":"2021-05-06T05:32:26+00:00","breadcrumb":{"@id":"http:\/\/www.imuntanya.com\/es\/blog-es\/micropilotes-profundos-un-ahorro-economico-en-la-alta-montana\/#breadcrumb"},"inLanguage":"es","potentialAction":[{"@type":"ReadAction","target":["http:\/\/www.imuntanya.com\/es\/blog-es\/micropilotes-profundos-un-ahorro-economico-en-la-alta-montana\/"]}]},{"@type":"ImageObject","inLanguage":"es","@id":"http:\/\/www.imuntanya.com\/es\/blog-es\/micropilotes-profundos-un-ahorro-economico-en-la-alta-montana\/#primaryimage","url":"http:\/\/www.imuntanya.com\/wp-content\/uploads\/2019\/07\/GV_2019-VallNuria_micropilots-telecadira-5.jpeg","contentUrl":"http:\/\/www.imuntanya.com\/wp-content\/uploads\/2019\/07\/GV_2019-VallNuria_micropilots-telecadira-5.jpeg","width":1600,"height":1200,"caption":"Nuestra maquinaria ligera nos permite realizar obras en zonas de dif\u00edcil acceso"},{"@type":"BreadcrumbList","@id":"http:\/\/www.imuntanya.com\/es\/blog-es\/micropilotes-profundos-un-ahorro-economico-en-la-alta-montana\/#breadcrumb","itemListElement":[{"@type":"ListItem","position":1,"name":"Inici","item":"http:\/\/www.imuntanya.com\/"},{"@type":"ListItem","position":2,"name":"Micropilotes profundos, un ahorro econ\u00f3mico en la alta monta\u00f1a"}]},{"@type":"WebSite","@id":"http:\/\/www.imuntanya.com\/#website","url":"http:\/\/www.imuntanya.com\/","name":"iMuntanya","description":"Infraestructures per alta muntanya i en zones de dif\u00edcil acc\u00e9s","publisher":{"@id":"http:\/\/www.imuntanya.com\/#organization"},"potentialAction":[{"@type":"SearchAction","target":{"@type":"EntryPoint","urlTemplate":"http:\/\/www.imuntanya.com\/?s={search_term_string}"},"query-input":{"@type":"PropertyValueSpecification","valueRequired":true,"valueName":"search_term_string"}}],"inLanguage":"es"},{"@type":"Organization","@id":"http:\/\/www.imuntanya.com\/#organization","name":"iMuntanya \u00b7 Infraestructures de Muntanya S.L.","url":"http:\/\/www.imuntanya.com\/","logo":{"@type":"ImageObject","inLanguage":"es","@id":"http:\/\/www.imuntanya.com\/#\/schema\/logo\/image\/","url":"http:\/\/www.imuntanya.com\/wp-content\/uploads\/2019\/07\/imu-cat-2.png","contentUrl":"http:\/\/www.imuntanya.com\/wp-content\/uploads\/2019\/07\/imu-cat-2.png","width":640,"height":83,"caption":"iMuntanya \u00b7 Infraestructures de Muntanya S.L."},"image":{"@id":"http:\/\/www.imuntanya.com\/#\/schema\/logo\/image\/"},"sameAs":["https:\/\/www.facebook.com\/imuntanya","https:\/\/x.com\/imuntanya15","https:\/\/www.instagram.com\/imuntanya\/","https:\/\/www.linkedin.com\/company\/imuntanya\/","https:\/\/www.youtube.com\/user\/imuntanyaatyoutub"]},{"@type":"Person","@id":"http:\/\/www.imuntanya.com\/#\/schema\/person\/c144fa172ac4fbfb4767af32d5acae8e","name":"Merc\u00e8 Pujol","image":{"@type":"ImageObject","inLanguage":"es","@id":"http:\/\/www.imuntanya.com\/#\/schema\/person\/image\/","url":"https:\/\/secure.gravatar.com\/avatar\/10213c83b04e18e80603efc3add346a4f27921c505524ba24c92ebf7f86153a2?s=96&d=mm&r=g","contentUrl":"https:\/\/secure.gravatar.com\/avatar\/10213c83b04e18e80603efc3add346a4f27921c505524ba24c92ebf7f86153a2?s=96&d=mm&r=g","caption":"Merc\u00e8 Pujol"},"url":"http:\/\/www.imuntanya.com\/es\/author\/merce\/"}]}},"_links":{"self":[{"href":"http:\/\/www.imuntanya.com\/es\/wp-json\/wp\/v2\/posts\/3084","targetHints":{"allow":["GET"]}}],"collection":[{"href":"http:\/\/www.imuntanya.com\/es\/wp-json\/wp\/v2\/posts"}],"about":[{"href":"http:\/\/www.imuntanya.com\/es\/wp-json\/wp\/v2\/types\/post"}],"author":[{"embeddable":true,"href":"http:\/\/www.imuntanya.com\/es\/wp-json\/wp\/v2\/users\/2"}],"replies":[{"embeddable":true,"href":"http:\/\/www.imuntanya.com\/es\/wp-json\/wp\/v2\/comments?post=3084"}],"version-history":[{"count":2,"href":"http:\/\/www.imuntanya.com\/es\/wp-json\/wp\/v2\/posts\/3084\/revisions"}],"predecessor-version":[{"id":4865,"href":"http:\/\/www.imuntanya.com\/es\/wp-json\/wp\/v2\/posts\/3084\/revisions\/4865"}],"wp:featuredmedia":[{"embeddable":true,"href":"http:\/\/www.imuntanya.com\/es\/wp-json\/wp\/v2\/media\/2471"}],"wp:attachment":[{"href":"http:\/\/www.imuntanya.com\/es\/wp-json\/wp\/v2\/media?parent=3084"}],"wp:term":[{"taxonomy":"category","embeddable":true,"href":"http:\/\/www.imuntanya.com\/es\/wp-json\/wp\/v2\/categories?post=3084"},{"taxonomy":"post_tag","embeddable":true,"href":"http:\/\/www.imuntanya.com\/es\/wp-json\/wp\/v2\/tags?post=3084"}],"curies":[{"name":"wp","href":"https:\/\/api.w.org\/{rel}","templated":true}]}}