{"id":3549,"date":"2020-09-04T04:16:20","date_gmt":"2020-09-04T02:16:20","guid":{"rendered":"http:\/\/www.imuntanya.com\/sin-categorizar\/dos-grandes-proyectos-en-canarias\/"},"modified":"2021-05-06T06:48:33","modified_gmt":"2021-05-06T04:48:33","slug":"dos-grandes-proyectos-en-canarias","status":"publish","type":"post","link":"http:\/\/www.imuntanya.com\/es\/blog\/dos-grandes-proyectos-en-canarias\/","title":{"rendered":"Dos grandes proyectos en Canarias"},"content":{"rendered":"<p>[et_pb_section fb_built=\u00bb1&#8243; _builder_version=\u00bb3.22&#8243; custom_margin=\u00bb0px|0px|0px|0px\u00bb custom_padding=\u00bb0px|0px|0px|0px\u00bb][et_pb_row _builder_version=\u00bb3.25&#8243;][et_pb_column type=\u00bb4_4&#8243; _builder_version=\u00bb3.25&#8243; custom_padding=\u00bb|||\u00bb custom_padding__hover=\u00bb|||\u00bb][et_pb_text content_tablet=\u00bb\u00bb content_phone=\u00bb\u00bb content_last_edited=\u00bbon|desktop\u00bb admin_label=\u00bbText\u00bb _builder_version=\u00bb4.4.5&#8243; hover_enabled=\u00bb0&#8243;]Esta semana finalizamos una parte de las obras de m\u00e1s envergadura que ha llevado a cabo\u00a0<strong>iMuntanya<\/strong> en 17 a\u00f1os especializados en geotecnia vertical en zonas de acceso remoto y dif\u00edcil. Hemos instalado sistemas de protecci\u00f3n en una ladera de gran extensi\u00f3n situada en el Puerto de Santa Cruz de Tenerife. Expuesta al ambiente corrosivo de alta salinidad del aire y con potenciales desprendimientos de roca, en esta pendiente se hab\u00edan instalado mallas de triple torsi\u00f3n para la conducci\u00f3n de bloques de peque\u00f1as dimensiones hasta el pie de la monta\u00f1a, pero requer\u00eda de una actuaci\u00f3n mayor para aumenta la seguridad de los usuarios de las infraestructuras, de la v\u00eda de acceso al Puerto y de la carretera a las playas ubicadas en el Norte de la capital.<\/p>\n<p>Pese a ser un a\u00f1o de dificultades para llevar a cabo el proyecto por fuertes temporales, alto riesgo de incendios y la pandemia de la Covid19, el equipo de iMuntanya ha trabajado intensamente para asegurar el paso y proteger las instalaciones e infraestructuras que son titularidad de la\u00a0<a href=\"https:\/\/www.puertosdetenerife.org\">Autoridad Portuaria de Tenerife<\/a>.<\/p>\n<p>En la primera parte de la obra, situada en la zona de Paso Alto, se han colocado casi m\u00e1s de medio kil\u00f3metro de barreras din\u00e1micas de 1000 a 3000kj y malla Deltax de Geobrugg, socio de la obra, contando con la asistencia t\u00e9cnica de\u00a0<a href=\"https:\/\/www.linkedin.com\/in\/israel-hern\u00e1ndez-rodr%C3%ADguez-6887427a\/\">Israel Hern\u00e1ndez<\/a> de WARA.<\/p>\n<table class=\"aligncenter\" style=\"height: 445px; width: 760px;\" border=\"0\" cellspacing=\"5\" cellpadding=\"5\">\n<tbody>\n<tr style=\"height: 331px;\">\n<td style=\"width: 365px; height: 331px;\"><img loading=\"lazy\" decoding=\"async\" class=\"wp-image-3381 aligncenter\" src=\"http:\/\/www.imuntanya.com\/wp-content\/uploads\/2020\/08\/GV_2020-Tenerife_EstTalus-4b-300x300.jpeg\" alt=\"\" width=\"320\" height=\"320\" \/><\/td>\n<td style=\"width: 355px; height: 331px;\"><img loading=\"lazy\" decoding=\"async\" class=\"wp-image-3386 aligncenter\" src=\"http:\/\/www.imuntanya.com\/wp-content\/uploads\/2020\/08\/GV_2020-Tenerife_EstTalus-6-300x300.jpeg\" alt=\"\" width=\"320\" height=\"320\" \/><\/td>\n<\/tr>\n<tr style=\"height: 73px;\">\n<td style=\"width: 737px; height: 73px;\" colspan=\"2\"><em>Las im\u00e1genes de los operarios instalando barreras din\u00e1micas son espectaculares pero tambi\u00e9n nos muestran las dificultades del trabajo en acceso dif\u00edcil y expuestos a condiciones metereol\u00f3gicas adversas.\u00a0<\/em><\/td>\n<\/tr>\n<\/tbody>\n<\/table>\n<p>A principios de este a\u00f1o 2020, empez\u00f3 la segunda parte de las obras destinadas a proteger la canalizaci\u00f3n del drenaje que se est\u00e1 ejecutando en la misma zona as\u00ed como asegurar la carretera de acceso a las instalaciones del puerto y del pol\u00edgono industrial como son los dep\u00f3sitos de combustible. Contamos con las mallas y barreras din\u00e1micas subministradas por Geobrugg Ib\u00e9rica S.L. y la asistencia t\u00e9cnica de Israel Hern\u00e1ndez de WARA.<\/p>\n<table class=\" aligncenter\" style=\"height: 529px; width: 601px;\">\n<tbody>\n<tr style=\"height: 436px;\">\n<td style=\"width: 588px; height: 436px;\"><img loading=\"lazy\" decoding=\"async\" class=\"wp-image-3534 size-large aligncenter\" src=\"http:\/\/www.imuntanya.com\/wp-content\/uploads\/2020\/09\/IMG_8533-1024x768.jpg\" alt=\"\" width=\"1024\" height=\"768\" srcset=\"http:\/\/www.imuntanya.com\/wp-content\/uploads\/2020\/09\/IMG_8533-980x735.jpg 980w, http:\/\/www.imuntanya.com\/wp-content\/uploads\/2020\/09\/IMG_8533-480x360.jpg 480w\" sizes=\"auto, (min-width: 0px) and (max-width: 480px) 480px, (min-width: 481px) and (max-width: 980px) 980px, (min-width: 981px) 1024px, 100vw\" \/><\/td>\n<\/tr>\n<tr style=\"height: 71px;\">\n<td style=\"width: 588px; height: 71px;\"><em>La protecci\u00f3n de infraestructuras del Puerto de Tenerife es el objetivo de estas obras de protecci\u00f3n frente a desprendimientos de rocas.\u00a0<\/em><\/td>\n<\/tr>\n<\/tbody>\n<\/table>\n<p><strong>Nuestra actuaci\u00f3n en los medios de comunicaci\u00f3n<br \/>\n<\/strong>La magnitud de estas obras no ha aparecido en destacados momentos en los medios de comunicaci\u00f3n. El <a href=\"http:\/\/www.canaryports.es\/texto-diario\/mostrar\/1360849\/puertos-tenerife-invierte-millon-euros-minimizar-desprendimientos-tf-11\">anuncio de la inversi\u00f3n inicial<\/a>\u00a0en la zona de Paso Alto, el <a href=\"https:\/\/www.eldia.es\/santa-cruz-de-tenerife\/2019\/11\/24\/refuerzo-taludes-paso-alto-concluira\/1027445.html\">avance de los trabajos<\/a>\u00a0destacando la vistosa\u00a0<a href=\"http:\/\/www.canaryports.es\/texto-diario\/mostrar\/1839281\/helicoptero-trasladara-fin-semana-material-pesado-tratamiento-ladera-jurada?fbclid=IwAR2_S79uMQFwTMNKbwYTov0NSJWtWvihKNg6NnIPZEAMA0dRCb_xKbLMWL8\">entrega de materiales con helic\u00f3ptero<\/a>\u00a0y, como era previsible, la\u00a0<a href=\"https:\/\/www.eldiario.es\/canariasahora\/tenerifeahora\/norte\/ayuntamiento-realejos-recupera-encargados-socorro_1_5875664.html\">recuperaci\u00f3n de los trabajos<\/a>, en concreto los de la conocida Playa del Socorro, despu\u00e9s del confinamiento.<br \/>\n[\/et_pb_text][\/et_pb_column][\/et_pb_row][\/et_pb_section]<\/p>\n","protected":false},"excerpt":{"rendered":"<p>La actuaci\u00f3n en el Puerto de Santa Cruz de Tenerife llega a su fin tras varios meses instalando barreras din\u00e1micas y malla Deltax para proteger infraestructuras y v\u00edas de acceso.<\/p>\n","protected":false},"author":2,"featured_media":3337,"comment_status":"open","ping_status":"open","sticky":false,"template":"","format":"standard","meta":{"_et_pb_use_builder":"on","_et_pb_old_content":"","_et_gb_content_width":"","footnotes":""},"categories":[68],"tags":[92],"class_list":["post-3549","post","type-post","status-publish","format-standard","has-post-thumbnail","hentry","category-blog","tag-geotecnica-vertical-es"],"yoast_head":"<!-- This site is optimized with the Yoast SEO plugin v26.1.1 - https:\/\/yoast.com\/wordpress\/plugins\/seo\/ -->\n<title>Dos grandes proyectos en Canarias | imuntanya<\/title>\n<meta name=\"description\" content=\"La actuaci\u00f3n en el Puerto de Santa Cruz de Tenerife llega a su fin tras varios meses instalando barreras din\u00e1micas y malla Deltax para proteger infraestructuras y v\u00edas de acceso.\" \/>\n<meta name=\"robots\" content=\"index, follow, max-snippet:-1, max-image-preview:large, max-video-preview:-1\" \/>\n<link rel=\"canonical\" href=\"http:\/\/www.imuntanya.com\/es\/blog-es\/dos-grandes-proyectos-en-canarias\/\" \/>\n<meta property=\"og:locale\" content=\"es_ES\" \/>\n<meta property=\"og:type\" content=\"article\" \/>\n<meta property=\"og:title\" content=\"Dos grandes proyectos en Canarias | imuntanya\" \/>\n<meta property=\"og:description\" content=\"La actuaci\u00f3n en el Puerto de Santa Cruz de Tenerife llega a su fin tras varios meses instalando barreras din\u00e1micas y malla Deltax para proteger infraestructuras y v\u00edas de acceso.\" \/>\n<meta property=\"og:url\" content=\"http:\/\/www.imuntanya.com\/es\/blog-es\/dos-grandes-proyectos-en-canarias\/\" \/>\n<meta property=\"og:site_name\" content=\"imuntanya\" \/>\n<meta property=\"article:publisher\" content=\"https:\/\/www.facebook.com\/imuntanya\" \/>\n<meta property=\"article:published_time\" content=\"2020-09-04T02:16:20+00:00\" \/>\n<meta property=\"article:modified_time\" content=\"2021-05-06T04:48:33+00:00\" \/>\n<meta property=\"og:image\" content=\"http:\/\/www.imuntanya.com\/wp-content\/uploads\/2020\/08\/GV_2020-Tenerife_EstTalus-8b_700x470.jpeg\" \/>\n\t<meta property=\"og:image:width\" content=\"700\" \/>\n\t<meta property=\"og:image:height\" content=\"470\" \/>\n\t<meta property=\"og:image:type\" content=\"image\/jpeg\" \/>\n<meta name=\"author\" content=\"Merc\u00e8 Pujol\" \/>\n<meta name=\"twitter:card\" content=\"summary_large_image\" \/>\n<meta name=\"twitter:creator\" content=\"@imuntanya15\" \/>\n<meta name=\"twitter:site\" content=\"@imuntanya15\" \/>\n<meta name=\"twitter:label1\" content=\"Escrito por\" \/>\n\t<meta name=\"twitter:data1\" content=\"Merc\u00e8 Pujol\" \/>\n\t<meta name=\"twitter:label2\" content=\"Tiempo de lectura\" \/>\n\t<meta name=\"twitter:data2\" content=\"3 minutos\" \/>\n<script type=\"application\/ld+json\" class=\"yoast-schema-graph\">{\"@context\":\"https:\/\/schema.org\",\"@graph\":[{\"@type\":\"Article\",\"@id\":\"http:\/\/www.imuntanya.com\/es\/blog-es\/dos-grandes-proyectos-en-canarias\/#article\",\"isPartOf\":{\"@id\":\"http:\/\/www.imuntanya.com\/es\/blog-es\/dos-grandes-proyectos-en-canarias\/\"},\"author\":{\"name\":\"Merc\u00e8 Pujol\",\"@id\":\"http:\/\/www.imuntanya.com\/#\/schema\/person\/c144fa172ac4fbfb4767af32d5acae8e\"},\"headline\":\"Dos grandes proyectos en Canarias\",\"datePublished\":\"2020-09-04T02:16:20+00:00\",\"dateModified\":\"2021-05-06T04:48:33+00:00\",\"mainEntityOfPage\":{\"@id\":\"http:\/\/www.imuntanya.com\/es\/blog-es\/dos-grandes-proyectos-en-canarias\/\"},\"wordCount\":525,\"commentCount\":0,\"publisher\":{\"@id\":\"http:\/\/www.imuntanya.com\/#organization\"},\"image\":{\"@id\":\"http:\/\/www.imuntanya.com\/es\/blog-es\/dos-grandes-proyectos-en-canarias\/#primaryimage\"},\"thumbnailUrl\":\"http:\/\/www.imuntanya.com\/wp-content\/uploads\/2020\/08\/GV_2020-Tenerife_EstTalus-8b_700x470.jpeg\",\"keywords\":[\"Geot\u00e8cnica vertical\"],\"articleSection\":[\"Blog\"],\"inLanguage\":\"es\",\"potentialAction\":[{\"@type\":\"CommentAction\",\"name\":\"Comment\",\"target\":[\"http:\/\/www.imuntanya.com\/es\/blog-es\/dos-grandes-proyectos-en-canarias\/#respond\"]}]},{\"@type\":\"WebPage\",\"@id\":\"http:\/\/www.imuntanya.com\/es\/blog-es\/dos-grandes-proyectos-en-canarias\/\",\"url\":\"http:\/\/www.imuntanya.com\/es\/blog-es\/dos-grandes-proyectos-en-canarias\/\",\"name\":\"Dos grandes proyectos en Canarias | imuntanya\",\"isPartOf\":{\"@id\":\"http:\/\/www.imuntanya.com\/#website\"},\"primaryImageOfPage\":{\"@id\":\"http:\/\/www.imuntanya.com\/es\/blog-es\/dos-grandes-proyectos-en-canarias\/#primaryimage\"},\"image\":{\"@id\":\"http:\/\/www.imuntanya.com\/es\/blog-es\/dos-grandes-proyectos-en-canarias\/#primaryimage\"},\"thumbnailUrl\":\"http:\/\/www.imuntanya.com\/wp-content\/uploads\/2020\/08\/GV_2020-Tenerife_EstTalus-8b_700x470.jpeg\",\"datePublished\":\"2020-09-04T02:16:20+00:00\",\"dateModified\":\"2021-05-06T04:48:33+00:00\",\"description\":\"La actuaci\u00f3n en el Puerto de Santa Cruz de Tenerife llega a su fin tras varios meses instalando barreras din\u00e1micas y malla Deltax para proteger infraestructuras y v\u00edas de acceso.\",\"breadcrumb\":{\"@id\":\"http:\/\/www.imuntanya.com\/es\/blog-es\/dos-grandes-proyectos-en-canarias\/#breadcrumb\"},\"inLanguage\":\"es\",\"potentialAction\":[{\"@type\":\"ReadAction\",\"target\":[\"http:\/\/www.imuntanya.com\/es\/blog-es\/dos-grandes-proyectos-en-canarias\/\"]}]},{\"@type\":\"ImageObject\",\"inLanguage\":\"es\",\"@id\":\"http:\/\/www.imuntanya.com\/es\/blog-es\/dos-grandes-proyectos-en-canarias\/#primaryimage\",\"url\":\"http:\/\/www.imuntanya.com\/wp-content\/uploads\/2020\/08\/GV_2020-Tenerife_EstTalus-8b_700x470.jpeg\",\"contentUrl\":\"http:\/\/www.imuntanya.com\/wp-content\/uploads\/2020\/08\/GV_2020-Tenerife_EstTalus-8b_700x470.jpeg\",\"width\":700,\"height\":470,\"caption\":\"Proteccion del acceso y las instalaciones portuarias con barreras din\u00e1micas y malla Deltax de Geobrugg.\"},{\"@type\":\"BreadcrumbList\",\"@id\":\"http:\/\/www.imuntanya.com\/es\/blog-es\/dos-grandes-proyectos-en-canarias\/#breadcrumb\",\"itemListElement\":[{\"@type\":\"ListItem\",\"position\":1,\"name\":\"Inici\",\"item\":\"http:\/\/www.imuntanya.com\/\"},{\"@type\":\"ListItem\",\"position\":2,\"name\":\"Dos grandes proyectos en Canarias\"}]},{\"@type\":\"WebSite\",\"@id\":\"http:\/\/www.imuntanya.com\/#website\",\"url\":\"http:\/\/www.imuntanya.com\/\",\"name\":\"iMuntanya\",\"description\":\"Infraestructures per alta muntanya i en zones de dif\u00edcil acc\u00e9s\",\"publisher\":{\"@id\":\"http:\/\/www.imuntanya.com\/#organization\"},\"potentialAction\":[{\"@type\":\"SearchAction\",\"target\":{\"@type\":\"EntryPoint\",\"urlTemplate\":\"http:\/\/www.imuntanya.com\/?s={search_term_string}\"},\"query-input\":{\"@type\":\"PropertyValueSpecification\",\"valueRequired\":true,\"valueName\":\"search_term_string\"}}],\"inLanguage\":\"es\"},{\"@type\":\"Organization\",\"@id\":\"http:\/\/www.imuntanya.com\/#organization\",\"name\":\"iMuntanya \u00b7 Infraestructures de Muntanya S.L.\",\"url\":\"http:\/\/www.imuntanya.com\/\",\"logo\":{\"@type\":\"ImageObject\",\"inLanguage\":\"es\",\"@id\":\"http:\/\/www.imuntanya.com\/#\/schema\/logo\/image\/\",\"url\":\"http:\/\/www.imuntanya.com\/wp-content\/uploads\/2019\/07\/imu-cat-2.png\",\"contentUrl\":\"http:\/\/www.imuntanya.com\/wp-content\/uploads\/2019\/07\/imu-cat-2.png\",\"width\":640,\"height\":83,\"caption\":\"iMuntanya \u00b7 Infraestructures de Muntanya S.L.\"},\"image\":{\"@id\":\"http:\/\/www.imuntanya.com\/#\/schema\/logo\/image\/\"},\"sameAs\":[\"https:\/\/www.facebook.com\/imuntanya\",\"https:\/\/x.com\/imuntanya15\",\"https:\/\/www.instagram.com\/imuntanya\/\",\"https:\/\/www.linkedin.com\/company\/imuntanya\/\",\"https:\/\/www.youtube.com\/user\/imuntanyaatyoutub\"]},{\"@type\":\"Person\",\"@id\":\"http:\/\/www.imuntanya.com\/#\/schema\/person\/c144fa172ac4fbfb4767af32d5acae8e\",\"name\":\"Merc\u00e8 Pujol\",\"image\":{\"@type\":\"ImageObject\",\"inLanguage\":\"es\",\"@id\":\"http:\/\/www.imuntanya.com\/#\/schema\/person\/image\/\",\"url\":\"https:\/\/secure.gravatar.com\/avatar\/10213c83b04e18e80603efc3add346a4f27921c505524ba24c92ebf7f86153a2?s=96&d=mm&r=g\",\"contentUrl\":\"https:\/\/secure.gravatar.com\/avatar\/10213c83b04e18e80603efc3add346a4f27921c505524ba24c92ebf7f86153a2?s=96&d=mm&r=g\",\"caption\":\"Merc\u00e8 Pujol\"},\"url\":\"http:\/\/www.imuntanya.com\/es\/author\/merce\/\"}]}<\/script>\n<!-- \/ Yoast SEO plugin. -->","yoast_head_json":{"title":"Dos grandes proyectos en Canarias | imuntanya","description":"La actuaci\u00f3n en el Puerto de Santa Cruz de Tenerife llega a su fin tras varios meses instalando barreras din\u00e1micas y malla Deltax para proteger infraestructuras y v\u00edas de acceso.","robots":{"index":"index","follow":"follow","max-snippet":"max-snippet:-1","max-image-preview":"max-image-preview:large","max-video-preview":"max-video-preview:-1"},"canonical":"http:\/\/www.imuntanya.com\/es\/blog-es\/dos-grandes-proyectos-en-canarias\/","og_locale":"es_ES","og_type":"article","og_title":"Dos grandes proyectos en Canarias | imuntanya","og_description":"La actuaci\u00f3n en el Puerto de Santa Cruz de Tenerife llega a su fin tras varios meses instalando barreras din\u00e1micas y malla Deltax para proteger infraestructuras y v\u00edas de acceso.","og_url":"http:\/\/www.imuntanya.com\/es\/blog-es\/dos-grandes-proyectos-en-canarias\/","og_site_name":"imuntanya","article_publisher":"https:\/\/www.facebook.com\/imuntanya","article_published_time":"2020-09-04T02:16:20+00:00","article_modified_time":"2021-05-06T04:48:33+00:00","og_image":[{"width":700,"height":470,"url":"http:\/\/www.imuntanya.com\/wp-content\/uploads\/2020\/08\/GV_2020-Tenerife_EstTalus-8b_700x470.jpeg","type":"image\/jpeg"}],"author":"Merc\u00e8 Pujol","twitter_card":"summary_large_image","twitter_creator":"@imuntanya15","twitter_site":"@imuntanya15","twitter_misc":{"Escrito por":"Merc\u00e8 Pujol","Tiempo de lectura":"3 minutos"},"schema":{"@context":"https:\/\/schema.org","@graph":[{"@type":"Article","@id":"http:\/\/www.imuntanya.com\/es\/blog-es\/dos-grandes-proyectos-en-canarias\/#article","isPartOf":{"@id":"http:\/\/www.imuntanya.com\/es\/blog-es\/dos-grandes-proyectos-en-canarias\/"},"author":{"name":"Merc\u00e8 Pujol","@id":"http:\/\/www.imuntanya.com\/#\/schema\/person\/c144fa172ac4fbfb4767af32d5acae8e"},"headline":"Dos grandes proyectos en Canarias","datePublished":"2020-09-04T02:16:20+00:00","dateModified":"2021-05-06T04:48:33+00:00","mainEntityOfPage":{"@id":"http:\/\/www.imuntanya.com\/es\/blog-es\/dos-grandes-proyectos-en-canarias\/"},"wordCount":525,"commentCount":0,"publisher":{"@id":"http:\/\/www.imuntanya.com\/#organization"},"image":{"@id":"http:\/\/www.imuntanya.com\/es\/blog-es\/dos-grandes-proyectos-en-canarias\/#primaryimage"},"thumbnailUrl":"http:\/\/www.imuntanya.com\/wp-content\/uploads\/2020\/08\/GV_2020-Tenerife_EstTalus-8b_700x470.jpeg","keywords":["Geot\u00e8cnica vertical"],"articleSection":["Blog"],"inLanguage":"es","potentialAction":[{"@type":"CommentAction","name":"Comment","target":["http:\/\/www.imuntanya.com\/es\/blog-es\/dos-grandes-proyectos-en-canarias\/#respond"]}]},{"@type":"WebPage","@id":"http:\/\/www.imuntanya.com\/es\/blog-es\/dos-grandes-proyectos-en-canarias\/","url":"http:\/\/www.imuntanya.com\/es\/blog-es\/dos-grandes-proyectos-en-canarias\/","name":"Dos grandes proyectos en Canarias | imuntanya","isPartOf":{"@id":"http:\/\/www.imuntanya.com\/#website"},"primaryImageOfPage":{"@id":"http:\/\/www.imuntanya.com\/es\/blog-es\/dos-grandes-proyectos-en-canarias\/#primaryimage"},"image":{"@id":"http:\/\/www.imuntanya.com\/es\/blog-es\/dos-grandes-proyectos-en-canarias\/#primaryimage"},"thumbnailUrl":"http:\/\/www.imuntanya.com\/wp-content\/uploads\/2020\/08\/GV_2020-Tenerife_EstTalus-8b_700x470.jpeg","datePublished":"2020-09-04T02:16:20+00:00","dateModified":"2021-05-06T04:48:33+00:00","description":"La actuaci\u00f3n en el Puerto de Santa Cruz de Tenerife llega a su fin tras varios meses instalando barreras din\u00e1micas y malla Deltax para proteger infraestructuras y v\u00edas de acceso.","breadcrumb":{"@id":"http:\/\/www.imuntanya.com\/es\/blog-es\/dos-grandes-proyectos-en-canarias\/#breadcrumb"},"inLanguage":"es","potentialAction":[{"@type":"ReadAction","target":["http:\/\/www.imuntanya.com\/es\/blog-es\/dos-grandes-proyectos-en-canarias\/"]}]},{"@type":"ImageObject","inLanguage":"es","@id":"http:\/\/www.imuntanya.com\/es\/blog-es\/dos-grandes-proyectos-en-canarias\/#primaryimage","url":"http:\/\/www.imuntanya.com\/wp-content\/uploads\/2020\/08\/GV_2020-Tenerife_EstTalus-8b_700x470.jpeg","contentUrl":"http:\/\/www.imuntanya.com\/wp-content\/uploads\/2020\/08\/GV_2020-Tenerife_EstTalus-8b_700x470.jpeg","width":700,"height":470,"caption":"Proteccion del acceso y las instalaciones portuarias con barreras din\u00e1micas y malla Deltax de Geobrugg."},{"@type":"BreadcrumbList","@id":"http:\/\/www.imuntanya.com\/es\/blog-es\/dos-grandes-proyectos-en-canarias\/#breadcrumb","itemListElement":[{"@type":"ListItem","position":1,"name":"Inici","item":"http:\/\/www.imuntanya.com\/"},{"@type":"ListItem","position":2,"name":"Dos grandes proyectos en Canarias"}]},{"@type":"WebSite","@id":"http:\/\/www.imuntanya.com\/#website","url":"http:\/\/www.imuntanya.com\/","name":"iMuntanya","description":"Infraestructures per alta muntanya i en zones de dif\u00edcil acc\u00e9s","publisher":{"@id":"http:\/\/www.imuntanya.com\/#organization"},"potentialAction":[{"@type":"SearchAction","target":{"@type":"EntryPoint","urlTemplate":"http:\/\/www.imuntanya.com\/?s={search_term_string}"},"query-input":{"@type":"PropertyValueSpecification","valueRequired":true,"valueName":"search_term_string"}}],"inLanguage":"es"},{"@type":"Organization","@id":"http:\/\/www.imuntanya.com\/#organization","name":"iMuntanya \u00b7 Infraestructures de Muntanya S.L.","url":"http:\/\/www.imuntanya.com\/","logo":{"@type":"ImageObject","inLanguage":"es","@id":"http:\/\/www.imuntanya.com\/#\/schema\/logo\/image\/","url":"http:\/\/www.imuntanya.com\/wp-content\/uploads\/2019\/07\/imu-cat-2.png","contentUrl":"http:\/\/www.imuntanya.com\/wp-content\/uploads\/2019\/07\/imu-cat-2.png","width":640,"height":83,"caption":"iMuntanya \u00b7 Infraestructures de Muntanya S.L."},"image":{"@id":"http:\/\/www.imuntanya.com\/#\/schema\/logo\/image\/"},"sameAs":["https:\/\/www.facebook.com\/imuntanya","https:\/\/x.com\/imuntanya15","https:\/\/www.instagram.com\/imuntanya\/","https:\/\/www.linkedin.com\/company\/imuntanya\/","https:\/\/www.youtube.com\/user\/imuntanyaatyoutub"]},{"@type":"Person","@id":"http:\/\/www.imuntanya.com\/#\/schema\/person\/c144fa172ac4fbfb4767af32d5acae8e","name":"Merc\u00e8 Pujol","image":{"@type":"ImageObject","inLanguage":"es","@id":"http:\/\/www.imuntanya.com\/#\/schema\/person\/image\/","url":"https:\/\/secure.gravatar.com\/avatar\/10213c83b04e18e80603efc3add346a4f27921c505524ba24c92ebf7f86153a2?s=96&d=mm&r=g","contentUrl":"https:\/\/secure.gravatar.com\/avatar\/10213c83b04e18e80603efc3add346a4f27921c505524ba24c92ebf7f86153a2?s=96&d=mm&r=g","caption":"Merc\u00e8 Pujol"},"url":"http:\/\/www.imuntanya.com\/es\/author\/merce\/"}]}},"_links":{"self":[{"href":"http:\/\/www.imuntanya.com\/es\/wp-json\/wp\/v2\/posts\/3549","targetHints":{"allow":["GET"]}}],"collection":[{"href":"http:\/\/www.imuntanya.com\/es\/wp-json\/wp\/v2\/posts"}],"about":[{"href":"http:\/\/www.imuntanya.com\/es\/wp-json\/wp\/v2\/types\/post"}],"author":[{"embeddable":true,"href":"http:\/\/www.imuntanya.com\/es\/wp-json\/wp\/v2\/users\/2"}],"replies":[{"embeddable":true,"href":"http:\/\/www.imuntanya.com\/es\/wp-json\/wp\/v2\/comments?post=3549"}],"version-history":[{"count":1,"href":"http:\/\/www.imuntanya.com\/es\/wp-json\/wp\/v2\/posts\/3549\/revisions"}],"predecessor-version":[{"id":3550,"href":"http:\/\/www.imuntanya.com\/es\/wp-json\/wp\/v2\/posts\/3549\/revisions\/3550"}],"wp:featuredmedia":[{"embeddable":true,"href":"http:\/\/www.imuntanya.com\/es\/wp-json\/wp\/v2\/media\/3337"}],"wp:attachment":[{"href":"http:\/\/www.imuntanya.com\/es\/wp-json\/wp\/v2\/media?parent=3549"}],"wp:term":[{"taxonomy":"category","embeddable":true,"href":"http:\/\/www.imuntanya.com\/es\/wp-json\/wp\/v2\/categories?post=3549"},{"taxonomy":"post_tag","embeddable":true,"href":"http:\/\/www.imuntanya.com\/es\/wp-json\/wp\/v2\/tags?post=3549"}],"curies":[{"name":"wp","href":"https:\/\/api.w.org\/{rel}","templated":true}]}}