{"id":4188,"date":"2021-02-26T02:07:20","date_gmt":"2021-02-26T00:07:20","guid":{"rendered":"http:\/\/www.imuntanya.com\/?p=4188"},"modified":"2021-03-01T05:18:36","modified_gmt":"2021-03-01T03:18:36","slug":"retos-de-los-trabajos-en-entornos-ferroviarios","status":"publish","type":"post","link":"http:\/\/www.imuntanya.com\/es\/blog-es\/retos-de-los-trabajos-en-entornos-ferroviarios\/","title":{"rendered":"Retos de los trabajos en entornos ferroviarios"},"content":{"rendered":"<p>[et_pb_section fb_built=\u00bb1&#8243; _builder_version=\u00bb3.22&#8243; custom_margin=\u00bb0px|0px|0px|0px\u00bb custom_padding=\u00bb0px|0px|0px|0px\u00bb][et_pb_row _builder_version=\u00bb3.25&#8243;][et_pb_column type=\u00bb4_4&#8243; _builder_version=\u00bb3.25&#8243; custom_padding=\u00bb|||\u00bb custom_padding__hover=\u00bb|||\u00bb][et_pb_text admin_label=\u00bbText\u00bb _builder_version=\u00bb4.4.5&#8243;]<\/p>\n<p>Las l\u00edneas ferroviarias cuentan con diversos retos en su construcci\u00f3n y mantenimiento, particularmente sus condicionantes de trazado.\u00a0Las v\u00edas de tren permiten un desnivel de entre el 1.5% y el 3% y esto supone que, cuando dicho trazado entra en zonas o terrenos con una orograf\u00eda monta\u00f1osa, se dise\u00f1an t\u00faneles, taludes o trincheras.<\/p>\n<p>Ejemplos conocidos para salvar grandes desniveles, con un alto nivel de creatividad, son los t\u00faneles cremallera, para pendientes de hasta un 15%, o los funiculares, una soluci\u00f3n mixta entre transporte por cable y ferroviario. M\u00e1s espec\u00edficos son dise\u00f1os como el famoso\u00a0<a href=\"https:\/\/youtu.be\/tf6RSVl0gFQ\">T\u00fanel del Cargol<\/a>\u00a0en la l\u00ednea de FGC de Adif de Ripoll-Puigcerd\u00e0, un t\u00fanel helicoidal de 230\u00a0metros de radio que permite que en poco espacio el tren baje o suba una cota de 48,60 metros r\u00e1pidamente. O la forma en que el tren de PeruRail acerca a los pasajeros de Cusco al Machu Picchu con <a href=\"https:\/\/youtu.be\/4opfRVnw4Xo\">\u00abEl Zig-Zag\u00bb<\/a>, una serie de cinco curvas que permiten salvar un desnivel de 400 metros en menos de 5km.<\/p>\n<p>Pero cuando por las caracter\u00edsticas del terreno no hay posibilidad de construir t\u00faneles, una de las opciones m\u00e1s habituales es la construcci\u00f3n de trincheras, dejando a uno o ambos lados del tren un talud.\u00a0Algunas l\u00edneas, construidas a inicios o durante la primera mitad del siglo XX cuando las tecnolog\u00edas constructivas no estaban tan desarrolladas y el movimiento de tierras y las excavaciones estaban m\u00e1s limitadas, crearon un conjunto de trincheras con g\u00e1libos muy reducidos y casi sin cunetas de guarda.\u00a0En caso de desprendimientos de tierras o rocas los trenes en circulaci\u00f3n se encuentran atrapados y el peligro de accidentes graves es mayor.<\/p>\n<p><div id=\"attachment_4227\" style=\"width: 710px\" class=\"wp-caption aligncenter\"><img loading=\"lazy\" decoding=\"async\" aria-describedby=\"caption-attachment-4227\" class=\"wp-image-4227 size-full\" src=\"http:\/\/www.imuntanya.com\/wp-content\/uploads\/2021\/02\/GV_2020_FGC-Les-Planes_Est-Talus-web1_700x470.jpg\" alt=\"Instal\u00b7laci\u00f3 de malla per protegir via ferrovi\u00e0ria\" width=\"700\" height=\"471\" srcset=\"http:\/\/www.imuntanya.com\/wp-content\/uploads\/2021\/02\/GV_2020_FGC-Les-Planes_Est-Talus-web1_700x470.jpg 700w, http:\/\/www.imuntanya.com\/wp-content\/uploads\/2021\/02\/GV_2020_FGC-Les-Planes_Est-Talus-web1_700x470-480x323.jpg 480w\" sizes=\"auto, (min-width: 0px) and (max-width: 480px) 480px, (min-width: 481px) 700px, 100vw\" \/><p id=\"caption-attachment-4227\" class=\"wp-caption-text\">Instalaci\u00f3n de mallas de protecci\u00f3n y barreras contra desprendimientos superficiales de tierra, a\u00f1o 2020<\/p><\/div><div id=\"attachment_4207\" style=\"width: 710px\" class=\"wp-caption aligncenter\"><img loading=\"lazy\" decoding=\"async\" aria-describedby=\"caption-attachment-4207\" class=\"wp-image-4207 size-full\" src=\"http:\/\/www.imuntanya.com\/wp-content\/uploads\/2021\/02\/GV_Torrebonica-FGC_Est-Talus-web1_700x470.jpg\" alt=\"iMuntanya duent a terme treballs d'estabilitzaci\u00f3 de la vessant en una l\u00ednia de tren\" width=\"700\" height=\"470\" srcset=\"http:\/\/www.imuntanya.com\/wp-content\/uploads\/2021\/02\/GV_Torrebonica-FGC_Est-Talus-web1_700x470.jpg 700w, http:\/\/www.imuntanya.com\/wp-content\/uploads\/2021\/02\/GV_Torrebonica-FGC_Est-Talus-web1_700x470-480x322.jpg 480w\" sizes=\"auto, (min-width: 0px) and (max-width: 480px) 480px, (min-width: 481px) 700px, 100vw\" \/><p id=\"caption-attachment-4207\" class=\"wp-caption-text\">Estabilizaci\u00f3n de talud con malla, a\u00f1o 2021<\/p><\/div><\/p>\n<p>Para minimizar los riesgos geol\u00f3gicos, las actuaciones de protecci\u00f3n empiezan durante la construcci\u00f3n del trazado de la l\u00ednea ferroviaria. Antiguamente se utilizaban muros de mamposter\u00eda como forma de proteger la cara del talud y as\u00ed evitar la erosi\u00f3n y la meteorizaci\u00f3n de los materiales de la capa m\u00e1s superficial, pero actualmente hemos avanzado mucho en este campo. Ahora, con la ayuda de las nuevas tecnolog\u00edas, aplicamos bulonados sistem\u00e1ticos que superficialmente reparten los esfuerzos que transmite el terreno ya sea con soluciones flexibles de mallas de acero o m\u00e1s r\u00edgidas de proyecci\u00f3n de hormig\u00f3n. En los casos que los taludes o laderas sean de gran envergadura, utilizamos soluciones pasivas de intercepci\u00f3n de los desprendimientos de rocas como son las barreras din\u00e1micas.<\/p>\n<p><div id=\"attachment_4212\" style=\"width: 710px\" class=\"wp-caption aligncenter\"><img loading=\"lazy\" decoding=\"async\" aria-describedby=\"caption-attachment-4212\" class=\"wp-image-4212 size-full\" src=\"http:\/\/www.imuntanya.com\/wp-content\/uploads\/2021\/02\/GV_2020_Igualada-Vies-Ferroviaries_Est-Talus-web1_700x470.jpg\" alt=\"Treballs nocturns d'estabilitzaci\u00f3 d'un tal\u00fas en la l\u00ednia de FGC Rodalies\" width=\"700\" height=\"470\" srcset=\"http:\/\/www.imuntanya.com\/wp-content\/uploads\/2021\/02\/GV_2020_Igualada-Vies-Ferroviaries_Est-Talus-web1_700x470.jpg 700w, http:\/\/www.imuntanya.com\/wp-content\/uploads\/2021\/02\/GV_2020_Igualada-Vies-Ferroviaries_Est-Talus-web1_700x470-480x322.jpg 480w\" sizes=\"auto, (min-width: 0px) and (max-width: 480px) 480px, (min-width: 481px) 700px, 100vw\" \/><p id=\"caption-attachment-4212\" class=\"wp-caption-text\">Trabajamos en horario nocturno con menor o nulo servicio de trenes en localizaciones con g\u00e1libos muy estrechos, a\u00f1o 2020<\/p><\/div><div id=\"attachment_4217\" style=\"width: 710px\" class=\"wp-caption aligncenter\"><img loading=\"lazy\" decoding=\"async\" aria-describedby=\"caption-attachment-4217\" class=\"wp-image-4217 size-full\" src=\"http:\/\/www.imuntanya.com\/wp-content\/uploads\/2021\/02\/GV_2020_Falset-Vies-Ferroviaries_Est-Talus-web1_700x470.jpg\" alt=\"Treballs de perforaci\u00f3 per estabilitzaci\u00f3 de tal\u00fas\" width=\"700\" height=\"470\" srcset=\"http:\/\/www.imuntanya.com\/wp-content\/uploads\/2021\/02\/GV_2020_Falset-Vies-Ferroviaries_Est-Talus-web1_700x470.jpg 700w, http:\/\/www.imuntanya.com\/wp-content\/uploads\/2021\/02\/GV_2020_Falset-Vies-Ferroviaries_Est-Talus-web1_700x470-480x322.jpg 480w\" sizes=\"auto, (min-width: 0px) and (max-width: 480px) 480px, (min-width: 481px) 700px, 100vw\" \/><p id=\"caption-attachment-4217\" class=\"wp-caption-text\">Uso de maquinaria ligera y adaptada para trabajar en entornos de acceso dif\u00edcil, a\u00f1o 2020.<\/p><\/div><\/p>\n<p>Nuestra especialidad en trabajos verticales y nuestros equipos de perforaci\u00f3n adaptados a los taludes, nos permite ser muy \u00e1giles y ofrecer, en v\u00edas ferroviarias con accesibilidad muy limitada o de compleja log\u00edstica de acceso, soluciones t\u00e9cnicas flexibles y ligeras que permiten ofrecer un coste m\u00e1s reducido.<\/p>\n<p>Adem\u00e1s de la estabilizaci\u00f3n de taludes, contamos con los conocimientos y nuestro equipo est\u00e1 formado para llevar a cabo otros trabajos de geotecnia vertical en entornos de alta corrosividad como el mar\u00edtimo y de instalaci\u00f3n de infraestructuras en lugares de acceso reducido, como ser\u00edan las escaleras de emergencia o sistemas de drenaje de funiculares.<\/p>\n<p><div id=\"attachment_4222\" style=\"width: 710px\" class=\"wp-caption aligncenter\"><img loading=\"lazy\" decoding=\"async\" aria-describedby=\"caption-attachment-4222\" class=\"alignnone wp-image-4222 size-full\" src=\"http:\/\/www.imuntanya.com\/wp-content\/uploads\/2021\/02\/GV_2019_Garraf-Fals-Tunel_Bastida-reparacions_Web2-700x470-1.jpg\" alt=\"Treballs en l\u00ednies ferrovi\u00e0ries\" width=\"700\" height=\"470\" srcset=\"http:\/\/www.imuntanya.com\/wp-content\/uploads\/2021\/02\/GV_2019_Garraf-Fals-Tunel_Bastida-reparacions_Web2-700x470-1.jpg 700w, http:\/\/www.imuntanya.com\/wp-content\/uploads\/2021\/02\/GV_2019_Garraf-Fals-Tunel_Bastida-reparacions_Web2-700x470-1-480x322.jpg 480w\" sizes=\"auto, (min-width: 0px) and (max-width: 480px) 480px, (min-width: 481px) 700px, 100vw\" \/><p id=\"caption-attachment-4222\" class=\"wp-caption-text\">Instalaci\u00f3n de un andamio para reparaciones en un falso t\u00fanel en un acantilado, a\u00f1o 2020<\/p><\/div><div id=\"attachment_4232\" style=\"width: 710px\" class=\"wp-caption aligncenter\"><img loading=\"lazy\" decoding=\"async\" aria-describedby=\"caption-attachment-4232\" class=\"wp-image-4232 size-full\" src=\"http:\/\/www.imuntanya.com\/wp-content\/uploads\/2021\/02\/GV_2020_Montserrat_Funi-St-Joan-Escales-2020-web1_700x470.jpg\" alt=\"Construcci\u00f3n e instalaci\u00f3n de escaleras de emergencia del funicular de Sant Joan en Montserrat, a\u00f1o 2020\" width=\"700\" height=\"470\" srcset=\"http:\/\/www.imuntanya.com\/wp-content\/uploads\/2021\/02\/GV_2020_Montserrat_Funi-St-Joan-Escales-2020-web1_700x470.jpg 700w, http:\/\/www.imuntanya.com\/wp-content\/uploads\/2021\/02\/GV_2020_Montserrat_Funi-St-Joan-Escales-2020-web1_700x470-480x322.jpg 480w\" sizes=\"auto, (min-width: 0px) and (max-width: 480px) 480px, (min-width: 481px) 700px, 100vw\" \/><p id=\"caption-attachment-4232\" class=\"wp-caption-text\">En el a\u00f1o 2020 instalamos los 2180 pelda\u00f1os de la escalera de emergencia del funicular de St Joan en Montserrat.<\/p><\/div>[\/et_pb_text][\/et_pb_column][\/et_pb_row][\/et_pb_section]<\/p>\n","protected":false},"excerpt":{"rendered":"<p>Conocemos muy bien los retos de mantener las v\u00edas ferroviarias protegidas de desprendimientos de tierra y rocas. Estamos preparados para trabajos de estabilizaci\u00f3n de taludes con acceso reducido y contamos con maquinaria adaptada. <\/p>\n","protected":false},"author":2,"featured_media":4266,"comment_status":"open","ping_status":"open","sticky":false,"template":"","format":"standard","meta":{"_et_pb_use_builder":"on","_et_pb_old_content":"","_et_gb_content_width":"","footnotes":""},"categories":[91],"tags":[92,137],"class_list":["post-4188","post","type-post","status-publish","format-standard","has-post-thumbnail","hentry","category-blog-es","tag-geotecnica-vertical-es","tag-lineas-ferroviarias"],"yoast_head":"<!-- This site is optimized with the Yoast SEO plugin v26.1.1 - https:\/\/yoast.com\/wordpress\/plugins\/seo\/ -->\n<title>Retos de los trabajos en entornos ferroviarios | imuntanya<\/title>\n<meta name=\"description\" content=\"Proteger las v\u00edas del tren de la ca\u00edda de tierra y rocas es uno de nuestros trabajos. Evitar accidentes es nuestro objetivo.\" \/>\n<meta name=\"robots\" content=\"index, follow, max-snippet:-1, max-image-preview:large, max-video-preview:-1\" \/>\n<link rel=\"canonical\" href=\"http:\/\/www.imuntanya.com\/es\/blog-es\/retos-de-los-trabajos-en-entornos-ferroviarios\/\" \/>\n<meta property=\"og:locale\" content=\"es_ES\" \/>\n<meta property=\"og:type\" content=\"article\" \/>\n<meta property=\"og:title\" content=\"Retos de los trabajos en entornos ferroviarios | imuntanya\" \/>\n<meta property=\"og:description\" content=\"Proteger las v\u00edas del tren de la ca\u00edda de tierra y rocas es uno de nuestros trabajos. Evitar accidentes es nuestro objetivo.\" \/>\n<meta property=\"og:url\" content=\"http:\/\/www.imuntanya.com\/es\/blog-es\/retos-de-los-trabajos-en-entornos-ferroviarios\/\" \/>\n<meta property=\"og:site_name\" content=\"imuntanya\" \/>\n<meta property=\"article:publisher\" content=\"https:\/\/www.facebook.com\/imuntanya\" \/>\n<meta property=\"article:published_time\" content=\"2021-02-26T00:07:20+00:00\" \/>\n<meta property=\"article:modified_time\" content=\"2021-03-01T03:18:36+00:00\" \/>\n<meta property=\"og:image\" content=\"http:\/\/www.imuntanya.com\/wp-content\/uploads\/2021\/02\/GV_2020_Falset-Vies-Ferroviaries_Est-Talus-web2_700x470-2.jpg\" \/>\n\t<meta property=\"og:image:width\" content=\"700\" \/>\n\t<meta property=\"og:image:height\" content=\"470\" \/>\n\t<meta property=\"og:image:type\" content=\"image\/jpeg\" \/>\n<meta name=\"author\" content=\"Merc\u00e8 Pujol\" \/>\n<meta name=\"twitter:card\" content=\"summary_large_image\" \/>\n<meta name=\"twitter:creator\" content=\"@imuntanya15\" \/>\n<meta name=\"twitter:site\" content=\"@imuntanya15\" \/>\n<meta name=\"twitter:label1\" content=\"Escrito por\" \/>\n\t<meta name=\"twitter:data1\" content=\"Merc\u00e8 Pujol\" \/>\n\t<meta name=\"twitter:label2\" content=\"Tiempo de lectura\" \/>\n\t<meta name=\"twitter:data2\" content=\"4 minutos\" \/>\n<script type=\"application\/ld+json\" class=\"yoast-schema-graph\">{\"@context\":\"https:\/\/schema.org\",\"@graph\":[{\"@type\":\"Article\",\"@id\":\"http:\/\/www.imuntanya.com\/es\/blog-es\/retos-de-los-trabajos-en-entornos-ferroviarios\/#article\",\"isPartOf\":{\"@id\":\"http:\/\/www.imuntanya.com\/es\/blog-es\/retos-de-los-trabajos-en-entornos-ferroviarios\/\"},\"author\":{\"name\":\"Merc\u00e8 Pujol\",\"@id\":\"http:\/\/www.imuntanya.com\/#\/schema\/person\/c144fa172ac4fbfb4767af32d5acae8e\"},\"headline\":\"Retos de los trabajos en entornos ferroviarios\",\"datePublished\":\"2021-02-26T00:07:20+00:00\",\"dateModified\":\"2021-03-01T03:18:36+00:00\",\"mainEntityOfPage\":{\"@id\":\"http:\/\/www.imuntanya.com\/es\/blog-es\/retos-de-los-trabajos-en-entornos-ferroviarios\/\"},\"wordCount\":739,\"commentCount\":0,\"publisher\":{\"@id\":\"http:\/\/www.imuntanya.com\/#organization\"},\"image\":{\"@id\":\"http:\/\/www.imuntanya.com\/es\/blog-es\/retos-de-los-trabajos-en-entornos-ferroviarios\/#primaryimage\"},\"thumbnailUrl\":\"http:\/\/www.imuntanya.com\/wp-content\/uploads\/2021\/02\/GV_2020_Falset-Vies-Ferroviaries_Est-Talus-web2_700x470-2.jpg\",\"keywords\":[\"Geot\u00e8cnica vertical\",\"L\u00edneas ferroviarias\"],\"articleSection\":[\"Blog\"],\"inLanguage\":\"es\",\"potentialAction\":[{\"@type\":\"CommentAction\",\"name\":\"Comment\",\"target\":[\"http:\/\/www.imuntanya.com\/es\/blog-es\/retos-de-los-trabajos-en-entornos-ferroviarios\/#respond\"]}]},{\"@type\":\"WebPage\",\"@id\":\"http:\/\/www.imuntanya.com\/es\/blog-es\/retos-de-los-trabajos-en-entornos-ferroviarios\/\",\"url\":\"http:\/\/www.imuntanya.com\/es\/blog-es\/retos-de-los-trabajos-en-entornos-ferroviarios\/\",\"name\":\"Retos de los trabajos en entornos ferroviarios | imuntanya\",\"isPartOf\":{\"@id\":\"http:\/\/www.imuntanya.com\/#website\"},\"primaryImageOfPage\":{\"@id\":\"http:\/\/www.imuntanya.com\/es\/blog-es\/retos-de-los-trabajos-en-entornos-ferroviarios\/#primaryimage\"},\"image\":{\"@id\":\"http:\/\/www.imuntanya.com\/es\/blog-es\/retos-de-los-trabajos-en-entornos-ferroviarios\/#primaryimage\"},\"thumbnailUrl\":\"http:\/\/www.imuntanya.com\/wp-content\/uploads\/2021\/02\/GV_2020_Falset-Vies-Ferroviaries_Est-Talus-web2_700x470-2.jpg\",\"datePublished\":\"2021-02-26T00:07:20+00:00\",\"dateModified\":\"2021-03-01T03:18:36+00:00\",\"description\":\"Proteger las v\u00edas del tren de la ca\u00edda de tierra y rocas es uno de nuestros trabajos. Evitar accidentes es nuestro objetivo.\",\"breadcrumb\":{\"@id\":\"http:\/\/www.imuntanya.com\/es\/blog-es\/retos-de-los-trabajos-en-entornos-ferroviarios\/#breadcrumb\"},\"inLanguage\":\"es\",\"potentialAction\":[{\"@type\":\"ReadAction\",\"target\":[\"http:\/\/www.imuntanya.com\/es\/blog-es\/retos-de-los-trabajos-en-entornos-ferroviarios\/\"]}]},{\"@type\":\"ImageObject\",\"inLanguage\":\"es\",\"@id\":\"http:\/\/www.imuntanya.com\/es\/blog-es\/retos-de-los-trabajos-en-entornos-ferroviarios\/#primaryimage\",\"url\":\"http:\/\/www.imuntanya.com\/wp-content\/uploads\/2021\/02\/GV_2020_Falset-Vies-Ferroviaries_Est-Talus-web2_700x470-2.jpg\",\"contentUrl\":\"http:\/\/www.imuntanya.com\/wp-content\/uploads\/2021\/02\/GV_2020_Falset-Vies-Ferroviaries_Est-Talus-web2_700x470-2.jpg\",\"width\":700,\"height\":470,\"caption\":\"Estabilitzaci\u00f3 de talussos en entorns ferrovi\u00e0ris\"},{\"@type\":\"BreadcrumbList\",\"@id\":\"http:\/\/www.imuntanya.com\/es\/blog-es\/retos-de-los-trabajos-en-entornos-ferroviarios\/#breadcrumb\",\"itemListElement\":[{\"@type\":\"ListItem\",\"position\":1,\"name\":\"Inici\",\"item\":\"http:\/\/www.imuntanya.com\/\"},{\"@type\":\"ListItem\",\"position\":2,\"name\":\"Retos de los trabajos en entornos ferroviarios\"}]},{\"@type\":\"WebSite\",\"@id\":\"http:\/\/www.imuntanya.com\/#website\",\"url\":\"http:\/\/www.imuntanya.com\/\",\"name\":\"iMuntanya\",\"description\":\"Infraestructures per alta muntanya i en zones de dif\u00edcil acc\u00e9s\",\"publisher\":{\"@id\":\"http:\/\/www.imuntanya.com\/#organization\"},\"potentialAction\":[{\"@type\":\"SearchAction\",\"target\":{\"@type\":\"EntryPoint\",\"urlTemplate\":\"http:\/\/www.imuntanya.com\/?s={search_term_string}\"},\"query-input\":{\"@type\":\"PropertyValueSpecification\",\"valueRequired\":true,\"valueName\":\"search_term_string\"}}],\"inLanguage\":\"es\"},{\"@type\":\"Organization\",\"@id\":\"http:\/\/www.imuntanya.com\/#organization\",\"name\":\"iMuntanya \u00b7 Infraestructures de Muntanya S.L.\",\"url\":\"http:\/\/www.imuntanya.com\/\",\"logo\":{\"@type\":\"ImageObject\",\"inLanguage\":\"es\",\"@id\":\"http:\/\/www.imuntanya.com\/#\/schema\/logo\/image\/\",\"url\":\"http:\/\/www.imuntanya.com\/wp-content\/uploads\/2019\/07\/imu-cat-2.png\",\"contentUrl\":\"http:\/\/www.imuntanya.com\/wp-content\/uploads\/2019\/07\/imu-cat-2.png\",\"width\":640,\"height\":83,\"caption\":\"iMuntanya \u00b7 Infraestructures de Muntanya S.L.\"},\"image\":{\"@id\":\"http:\/\/www.imuntanya.com\/#\/schema\/logo\/image\/\"},\"sameAs\":[\"https:\/\/www.facebook.com\/imuntanya\",\"https:\/\/x.com\/imuntanya15\",\"https:\/\/www.instagram.com\/imuntanya\/\",\"https:\/\/www.linkedin.com\/company\/imuntanya\/\",\"https:\/\/www.youtube.com\/user\/imuntanyaatyoutub\"]},{\"@type\":\"Person\",\"@id\":\"http:\/\/www.imuntanya.com\/#\/schema\/person\/c144fa172ac4fbfb4767af32d5acae8e\",\"name\":\"Merc\u00e8 Pujol\",\"image\":{\"@type\":\"ImageObject\",\"inLanguage\":\"es\",\"@id\":\"http:\/\/www.imuntanya.com\/#\/schema\/person\/image\/\",\"url\":\"https:\/\/secure.gravatar.com\/avatar\/10213c83b04e18e80603efc3add346a4f27921c505524ba24c92ebf7f86153a2?s=96&d=mm&r=g\",\"contentUrl\":\"https:\/\/secure.gravatar.com\/avatar\/10213c83b04e18e80603efc3add346a4f27921c505524ba24c92ebf7f86153a2?s=96&d=mm&r=g\",\"caption\":\"Merc\u00e8 Pujol\"},\"url\":\"http:\/\/www.imuntanya.com\/es\/author\/merce\/\"}]}<\/script>\n<!-- \/ Yoast SEO plugin. -->","yoast_head_json":{"title":"Retos de los trabajos en entornos ferroviarios | imuntanya","description":"Proteger las v\u00edas del tren de la ca\u00edda de tierra y rocas es uno de nuestros trabajos. Evitar accidentes es nuestro objetivo.","robots":{"index":"index","follow":"follow","max-snippet":"max-snippet:-1","max-image-preview":"max-image-preview:large","max-video-preview":"max-video-preview:-1"},"canonical":"http:\/\/www.imuntanya.com\/es\/blog-es\/retos-de-los-trabajos-en-entornos-ferroviarios\/","og_locale":"es_ES","og_type":"article","og_title":"Retos de los trabajos en entornos ferroviarios | imuntanya","og_description":"Proteger las v\u00edas del tren de la ca\u00edda de tierra y rocas es uno de nuestros trabajos. Evitar accidentes es nuestro objetivo.","og_url":"http:\/\/www.imuntanya.com\/es\/blog-es\/retos-de-los-trabajos-en-entornos-ferroviarios\/","og_site_name":"imuntanya","article_publisher":"https:\/\/www.facebook.com\/imuntanya","article_published_time":"2021-02-26T00:07:20+00:00","article_modified_time":"2021-03-01T03:18:36+00:00","og_image":[{"width":700,"height":470,"url":"http:\/\/www.imuntanya.com\/wp-content\/uploads\/2021\/02\/GV_2020_Falset-Vies-Ferroviaries_Est-Talus-web2_700x470-2.jpg","type":"image\/jpeg"}],"author":"Merc\u00e8 Pujol","twitter_card":"summary_large_image","twitter_creator":"@imuntanya15","twitter_site":"@imuntanya15","twitter_misc":{"Escrito por":"Merc\u00e8 Pujol","Tiempo de lectura":"4 minutos"},"schema":{"@context":"https:\/\/schema.org","@graph":[{"@type":"Article","@id":"http:\/\/www.imuntanya.com\/es\/blog-es\/retos-de-los-trabajos-en-entornos-ferroviarios\/#article","isPartOf":{"@id":"http:\/\/www.imuntanya.com\/es\/blog-es\/retos-de-los-trabajos-en-entornos-ferroviarios\/"},"author":{"name":"Merc\u00e8 Pujol","@id":"http:\/\/www.imuntanya.com\/#\/schema\/person\/c144fa172ac4fbfb4767af32d5acae8e"},"headline":"Retos de los trabajos en entornos ferroviarios","datePublished":"2021-02-26T00:07:20+00:00","dateModified":"2021-03-01T03:18:36+00:00","mainEntityOfPage":{"@id":"http:\/\/www.imuntanya.com\/es\/blog-es\/retos-de-los-trabajos-en-entornos-ferroviarios\/"},"wordCount":739,"commentCount":0,"publisher":{"@id":"http:\/\/www.imuntanya.com\/#organization"},"image":{"@id":"http:\/\/www.imuntanya.com\/es\/blog-es\/retos-de-los-trabajos-en-entornos-ferroviarios\/#primaryimage"},"thumbnailUrl":"http:\/\/www.imuntanya.com\/wp-content\/uploads\/2021\/02\/GV_2020_Falset-Vies-Ferroviaries_Est-Talus-web2_700x470-2.jpg","keywords":["Geot\u00e8cnica vertical","L\u00edneas ferroviarias"],"articleSection":["Blog"],"inLanguage":"es","potentialAction":[{"@type":"CommentAction","name":"Comment","target":["http:\/\/www.imuntanya.com\/es\/blog-es\/retos-de-los-trabajos-en-entornos-ferroviarios\/#respond"]}]},{"@type":"WebPage","@id":"http:\/\/www.imuntanya.com\/es\/blog-es\/retos-de-los-trabajos-en-entornos-ferroviarios\/","url":"http:\/\/www.imuntanya.com\/es\/blog-es\/retos-de-los-trabajos-en-entornos-ferroviarios\/","name":"Retos de los trabajos en entornos ferroviarios | imuntanya","isPartOf":{"@id":"http:\/\/www.imuntanya.com\/#website"},"primaryImageOfPage":{"@id":"http:\/\/www.imuntanya.com\/es\/blog-es\/retos-de-los-trabajos-en-entornos-ferroviarios\/#primaryimage"},"image":{"@id":"http:\/\/www.imuntanya.com\/es\/blog-es\/retos-de-los-trabajos-en-entornos-ferroviarios\/#primaryimage"},"thumbnailUrl":"http:\/\/www.imuntanya.com\/wp-content\/uploads\/2021\/02\/GV_2020_Falset-Vies-Ferroviaries_Est-Talus-web2_700x470-2.jpg","datePublished":"2021-02-26T00:07:20+00:00","dateModified":"2021-03-01T03:18:36+00:00","description":"Proteger las v\u00edas del tren de la ca\u00edda de tierra y rocas es uno de nuestros trabajos. Evitar accidentes es nuestro objetivo.","breadcrumb":{"@id":"http:\/\/www.imuntanya.com\/es\/blog-es\/retos-de-los-trabajos-en-entornos-ferroviarios\/#breadcrumb"},"inLanguage":"es","potentialAction":[{"@type":"ReadAction","target":["http:\/\/www.imuntanya.com\/es\/blog-es\/retos-de-los-trabajos-en-entornos-ferroviarios\/"]}]},{"@type":"ImageObject","inLanguage":"es","@id":"http:\/\/www.imuntanya.com\/es\/blog-es\/retos-de-los-trabajos-en-entornos-ferroviarios\/#primaryimage","url":"http:\/\/www.imuntanya.com\/wp-content\/uploads\/2021\/02\/GV_2020_Falset-Vies-Ferroviaries_Est-Talus-web2_700x470-2.jpg","contentUrl":"http:\/\/www.imuntanya.com\/wp-content\/uploads\/2021\/02\/GV_2020_Falset-Vies-Ferroviaries_Est-Talus-web2_700x470-2.jpg","width":700,"height":470,"caption":"Estabilitzaci\u00f3 de talussos en entorns ferrovi\u00e0ris"},{"@type":"BreadcrumbList","@id":"http:\/\/www.imuntanya.com\/es\/blog-es\/retos-de-los-trabajos-en-entornos-ferroviarios\/#breadcrumb","itemListElement":[{"@type":"ListItem","position":1,"name":"Inici","item":"http:\/\/www.imuntanya.com\/"},{"@type":"ListItem","position":2,"name":"Retos de los trabajos en entornos ferroviarios"}]},{"@type":"WebSite","@id":"http:\/\/www.imuntanya.com\/#website","url":"http:\/\/www.imuntanya.com\/","name":"iMuntanya","description":"Infraestructures per alta muntanya i en zones de dif\u00edcil acc\u00e9s","publisher":{"@id":"http:\/\/www.imuntanya.com\/#organization"},"potentialAction":[{"@type":"SearchAction","target":{"@type":"EntryPoint","urlTemplate":"http:\/\/www.imuntanya.com\/?s={search_term_string}"},"query-input":{"@type":"PropertyValueSpecification","valueRequired":true,"valueName":"search_term_string"}}],"inLanguage":"es"},{"@type":"Organization","@id":"http:\/\/www.imuntanya.com\/#organization","name":"iMuntanya \u00b7 Infraestructures de Muntanya S.L.","url":"http:\/\/www.imuntanya.com\/","logo":{"@type":"ImageObject","inLanguage":"es","@id":"http:\/\/www.imuntanya.com\/#\/schema\/logo\/image\/","url":"http:\/\/www.imuntanya.com\/wp-content\/uploads\/2019\/07\/imu-cat-2.png","contentUrl":"http:\/\/www.imuntanya.com\/wp-content\/uploads\/2019\/07\/imu-cat-2.png","width":640,"height":83,"caption":"iMuntanya \u00b7 Infraestructures de Muntanya S.L."},"image":{"@id":"http:\/\/www.imuntanya.com\/#\/schema\/logo\/image\/"},"sameAs":["https:\/\/www.facebook.com\/imuntanya","https:\/\/x.com\/imuntanya15","https:\/\/www.instagram.com\/imuntanya\/","https:\/\/www.linkedin.com\/company\/imuntanya\/","https:\/\/www.youtube.com\/user\/imuntanyaatyoutub"]},{"@type":"Person","@id":"http:\/\/www.imuntanya.com\/#\/schema\/person\/c144fa172ac4fbfb4767af32d5acae8e","name":"Merc\u00e8 Pujol","image":{"@type":"ImageObject","inLanguage":"es","@id":"http:\/\/www.imuntanya.com\/#\/schema\/person\/image\/","url":"https:\/\/secure.gravatar.com\/avatar\/10213c83b04e18e80603efc3add346a4f27921c505524ba24c92ebf7f86153a2?s=96&d=mm&r=g","contentUrl":"https:\/\/secure.gravatar.com\/avatar\/10213c83b04e18e80603efc3add346a4f27921c505524ba24c92ebf7f86153a2?s=96&d=mm&r=g","caption":"Merc\u00e8 Pujol"},"url":"http:\/\/www.imuntanya.com\/es\/author\/merce\/"}]}},"_links":{"self":[{"href":"http:\/\/www.imuntanya.com\/es\/wp-json\/wp\/v2\/posts\/4188","targetHints":{"allow":["GET"]}}],"collection":[{"href":"http:\/\/www.imuntanya.com\/es\/wp-json\/wp\/v2\/posts"}],"about":[{"href":"http:\/\/www.imuntanya.com\/es\/wp-json\/wp\/v2\/types\/post"}],"author":[{"embeddable":true,"href":"http:\/\/www.imuntanya.com\/es\/wp-json\/wp\/v2\/users\/2"}],"replies":[{"embeddable":true,"href":"http:\/\/www.imuntanya.com\/es\/wp-json\/wp\/v2\/comments?post=4188"}],"version-history":[{"count":14,"href":"http:\/\/www.imuntanya.com\/es\/wp-json\/wp\/v2\/posts\/4188\/revisions"}],"predecessor-version":[{"id":4279,"href":"http:\/\/www.imuntanya.com\/es\/wp-json\/wp\/v2\/posts\/4188\/revisions\/4279"}],"wp:featuredmedia":[{"embeddable":true,"href":"http:\/\/www.imuntanya.com\/es\/wp-json\/wp\/v2\/media\/4266"}],"wp:attachment":[{"href":"http:\/\/www.imuntanya.com\/es\/wp-json\/wp\/v2\/media?parent=4188"}],"wp:term":[{"taxonomy":"category","embeddable":true,"href":"http:\/\/www.imuntanya.com\/es\/wp-json\/wp\/v2\/categories?post=4188"},{"taxonomy":"post_tag","embeddable":true,"href":"http:\/\/www.imuntanya.com\/es\/wp-json\/wp\/v2\/tags?post=4188"}],"curies":[{"name":"wp","href":"https:\/\/api.w.org\/{rel}","templated":true}]}}