{"id":4689,"date":"2021-04-12T06:24:46","date_gmt":"2021-04-12T04:24:46","guid":{"rendered":"http:\/\/www.imuntanya.com\/sin-categorizar\/obra-de-emergencia-en-el-desprendimiento-que-ocasiono-el-descarrilamiento-de-un-tren\/"},"modified":"2021-04-12T06:34:09","modified_gmt":"2021-04-12T04:34:09","slug":"obra-de-emergencia-en-el-desprendimiento-que-ocasiono-el-descarrilamiento-de-un-tren","status":"publish","type":"post","link":"http:\/\/www.imuntanya.com\/es\/blog\/obra-de-emergencia-en-el-desprendimiento-que-ocasiono-el-descarrilamiento-de-un-tren\/","title":{"rendered":"Obra de emergencia en el desprendimiento que ocasion\u00f3 el descarrilamiento de un tren"},"content":{"rendered":"<p>[et_pb_section fb_built=\u00bb1&#8243; _builder_version=\u00bb3.22&#8243; custom_margin=\u00bb0px|0px|0px|0px\u00bb custom_padding=\u00bb0px|0px|0px|0px\u00bb][et_pb_row _builder_version=\u00bb3.25&#8243;][et_pb_column type=\u00bb4_4&#8243; _builder_version=\u00bb3.25&#8243; custom_padding=\u00bb|||\u00bb custom_padding__hover=\u00bb|||\u00bb][et_pb_text admin_label=\u00bbText\u00bb _builder_version=\u00bb4.4.5&#8243;]Una ca\u00edda inesperada de rocas en la v\u00eda ferroviaria caus\u00f3, el pasado viernes 12 de marzo, el <a href=\"https:\/\/elpais.com\/espana\/catalunya\/2021-03-12\/descarrila-un-tren-de-la-linea-lleida-la-pobla-de-segur-sin-causar-heridos.html\">descarrilamiento de un tren<\/a> de FGC de la linea Lleida-La Pobla de Segur entre las poblaciones de \u00c0ger y Santa Liny\u00e0. Afortunadamente, el accidente no provoc\u00f3 v\u00edctimas ni heridos pero s\u00ed importantes da\u00f1os al convoy y a las v\u00edas del tren. El equipo de\u00a0<a href=\"#\"><strong>iMuntanya<\/strong><\/a>\u00a0particip\u00f3 en las tareas de emergencia para retirar rocas y actuar en la prevenci\u00f3n de futuros desprendimientos.<\/p>\n<p>El primer trabajo fue proteger el convoy accidentado hasta su retirada y evaluar la situaci\u00f3n de riesgo de nuevos desprendimientos. Para no causar m\u00e1s da\u00f1os al tren y en previsi\u00f3n de la necesaria protecci\u00f3n de la v\u00eda ferroviaria, se prepararon protecciones con neum\u00e1ticos y malla que fueron transportados por helic\u00f3ptero debido a la dificultad de acceso al emplazamiento del accidente.<\/p>\n<div id=\"attachment_4659\" style=\"width: 540px\" class=\"wp-caption aligncenter\"><img loading=\"lazy\" decoding=\"async\" aria-describedby=\"caption-attachment-4659\" class=\"wp-image-4655\" src=\"http:\/\/www.imuntanya.com\/wp-content\/uploads\/2021\/03\/GV_2021-Santa-Linya_-Emergencia-Tren_Est-Talus_web2-700x886-copy.jpg\" alt=\"Transport per helic\u00f2pter de la protecci\u00f3 de comboi i vies ferrovi\u00e0ries\" width=\"530\" height=\"671\" srcset=\"http:\/\/www.imuntanya.com\/wp-content\/uploads\/2021\/03\/GV_2021-Santa-Linya_-Emergencia-Tren_Est-Talus_web2-700x886-copy.jpg 530w, http:\/\/www.imuntanya.com\/wp-content\/uploads\/2021\/03\/GV_2021-Santa-Linya_-Emergencia-Tren_Est-Talus_web2-700x886-copy-480x608.jpg 480w\" sizes=\"auto, (min-width: 0px) and (max-width: 480px) 480px, (min-width: 481px) 530px, 100vw\" \/><p id=\"caption-attachment-4659\" class=\"wp-caption-text\">Debido a la dificultad de acceso al lugar afectado por el desprendimiento, la protecci\u00f3n preparada para la ocasi\u00f3n debe ser transportada por helic\u00f3ptero.<\/p><\/div>\n<p>Una vez realizado el estudio del talud y la zona afectada, se estableci\u00f3 que era necesario llevar a cabo un saneamiento de bloques inestables previo a la revisi\u00f3n y mejora de los sistemas de protecci\u00f3n como mallas o barreras din\u00e1micas. Una vez retirado el convoy, empezaron los trabajos de ca\u00edda controlada de rocas en peligro de desprendimiento.<\/p>\n<div id=\"attachment_4647\" style=\"width: 710px\" class=\"wp-caption aligncenter\"><img loading=\"lazy\" decoding=\"async\" aria-describedby=\"caption-attachment-4647\" class=\"wp-image-4643 size-full aligncenter\" src=\"http:\/\/www.imuntanya.com\/wp-content\/uploads\/2021\/03\/GV_2021-Santa-Linya_-Emergencia-Tren_Est-Talus_web1-700x470-.jpg\" alt=\"Neum\u00e1ticos y malla para proteger la v\u00eda del tren\" width=\"700\" height=\"470\" srcset=\"http:\/\/www.imuntanya.com\/wp-content\/uploads\/2021\/03\/GV_2021-Santa-Linya_-Emergencia-Tren_Est-Talus_web1-700x470-.jpg 700w, http:\/\/www.imuntanya.com\/wp-content\/uploads\/2021\/03\/GV_2021-Santa-Linya_-Emergencia-Tren_Est-Talus_web1-700x470--480x322.jpg 480w\" sizes=\"auto, (min-width: 0px) and (max-width: 480px) 480px, (min-width: 481px) 700px, 100vw\" \/><p id=\"caption-attachment-4647\" class=\"wp-caption-text\">Im\u00e1genes de antes y despu\u00e9s de la ca\u00edda controlada de rocas en la v\u00eda ferroviaria<\/p><\/div>\n<p>Para el saneamiento de la zona,\u00a0<a href=\"#\"><strong>iMuntanya<\/strong><\/a> ha utilizado sacos neum\u00e1ticos que nos permiten agilizar el trabajo de llevar a cabo la retirada de rocas de grandes dimensiones y avanzar r\u00e1pidamente en la obra con el objetivo de recuperar la normalidad en el menor tiempo posible. Estos son algunos de los v\u00eddeos del uso de esta t\u00e9cnica de la cu\u00e1l somos pioneros en Espa\u00f1a:<\/p>\n<!--[if lt IE 9]><script>document.createElement('video');<\/script><![endif]-->\n\t<div class=\"wp-playlist wp-video-playlist wp-playlist-light\">\n\t\t<video controls=\"controls\" preload=\"none\" width=\"1058\"\n\t\t height=\"595\"\t><\/video>\n\t<div class=\"wp-playlist-next\"><\/div>\n\t<div class=\"wp-playlist-prev\"><\/div>\n\t<noscript>\n\t<ol>\n\t\t<li><a href='http:\/\/www.imuntanya.com\/wp-content\/uploads\/2021\/03\/iMu_VideoSanejamentRoca-Santa-Linya_2.mp4' rel=\"lightbox[gallery-0]\">Saneamiento de bloques en peligro de desprendimiento<\/a><\/li><li><a href='http:\/\/www.imuntanya.com\/wp-content\/uploads\/2021\/03\/iMu_VideoSanejamentRoca-Santa-Linya_504p.mp4' rel=\"lightbox[gallery-0]\">Sacos neum\u00e1ticos utilizados en el saneamiento de bloques inestables<\/a><\/li>\t<\/ol>\n\t<\/noscript>\n\t<script type=\"application\/json\" class=\"wp-playlist-script\">{\"type\":\"video\",\"tracklist\":true,\"tracknumbers\":true,\"images\":true,\"artists\":true,\"tracks\":[{\"src\":\"http:\\\/\\\/www.imuntanya.com\\\/wp-content\\\/uploads\\\/2021\\\/03\\\/iMu_VideoSanejamentRoca-Santa-Linya_2.mp4\",\"type\":\"video\\\/mp4\",\"title\":\"Saneamiento de bloques en peligro de desprendimiento\",\"caption\":\"Els sacs pneum\\u00e0tics s\\u00f3n una innovaci\\u00f3 en les tasques de sanejament de rocas inestables en perill d'esllavissada en vessants i talussos.  \",\"description\":\"Els sacs pneum\\u00e0tics s\\u00f3n una innovaci\\u00f3 en les tasques de sanejament de rocas inestables en perill d'esllavissada en vessants i talussos.  \",\"meta\":{\"length_formatted\":\"0:14\"},\"dimensions\":{\"original\":{\"width\":960,\"height\":540},\"resized\":{\"width\":1058,\"height\":595}},\"image\":{\"src\":\"http:\\\/\\\/www.imuntanya.com\\\/wp-includes\\\/images\\\/media\\\/video.svg\",\"width\":48,\"height\":64},\"thumb\":{\"src\":\"http:\\\/\\\/www.imuntanya.com\\\/wp-includes\\\/images\\\/media\\\/video.svg\",\"width\":48,\"height\":64}},{\"src\":\"http:\\\/\\\/www.imuntanya.com\\\/wp-content\\\/uploads\\\/2021\\\/03\\\/iMu_VideoSanejamentRoca-Santa-Linya_504p.mp4\",\"type\":\"video\\\/mp4\",\"title\":\"Sacos neum\\u00e1ticos utilizados en el saneamiento de bloques inestables\",\"caption\":\"La retirada de bloques inestables en peligro de desprendimento es la primera medida para evitar futuros accidentes.\",\"description\":\"La retirada de bloques inestables en peligro de desprendimento es la primera medida para evitar futuros accidentes.\",\"meta\":{\"length_formatted\":\"0:32\"},\"dimensions\":{\"original\":{\"width\":960,\"height\":540},\"resized\":{\"width\":1058,\"height\":595}},\"image\":{\"src\":\"http:\\\/\\\/www.imuntanya.com\\\/wp-includes\\\/images\\\/media\\\/video.svg\",\"width\":48,\"height\":64},\"thumb\":{\"src\":\"http:\\\/\\\/www.imuntanya.com\\\/wp-includes\\\/images\\\/media\\\/video.svg\",\"width\":48,\"height\":64}}]}<\/script>\n<\/div>\n\t\n<p>Como curiosidad, debemos tener en cuenta que esta zona de la comarca de La Noguera cuenta con una notable historia geol\u00f3gica. Un ejemplo es el pueblo de <a href=\"https:\/\/www.serradelmontsec.com\/montclus-santa-linya-montsec\/\">El Montcl\u00fas<\/a>, desaparecido en su mayor parte despu\u00e9s de que un terremoto ocasionara el derrumbamiento de gran parte de sus casas dejando \u00fanicamente en pie una peque\u00f1a iglesia en un monolito. Ahora el paisaje lo forman monolitos y depresiones profundas y se ha convertido en un lugar con espectaculares rutas de senderismo. Tambi\u00e9n encontramos ah\u00ed<a href=\"https:\/\/www.serradelmontsec.com\/cova-gran-santa-linya-montsec\/\">\u00a0La Cova Gran de Santa Linya<\/a>, una cueva de gran tama\u00f1o y de importancia creciente en el estudio de distintas etapas de la prehistoria y que, a su vez, es una zona de escalada de m\u00e1s dificultad a nivel mundial.[\/et_pb_text][\/et_pb_column][\/et_pb_row][\/et_pb_section]<\/p>\n","protected":false},"excerpt":{"rendered":"<p>Despu\u00e9s del descarrilamiento de un tren provocado por una ca\u00edda de rocas, llevamos a cabo un saneamiento de bloques inestables utilizando sacos neum\u00e1ticos. <\/p>\n","protected":false},"author":2,"featured_media":4678,"comment_status":"open","ping_status":"open","sticky":false,"template":"","format":"standard","meta":{"_et_pb_use_builder":"on","_et_pb_old_content":"","_et_gb_content_width":"","footnotes":""},"categories":[68],"tags":[92,137],"class_list":["post-4689","post","type-post","status-publish","format-standard","has-post-thumbnail","hentry","category-blog","tag-geotecnica-vertical-es","tag-lineas-ferroviarias"],"yoast_head":"<!-- This site is optimized with the Yoast SEO plugin v26.1.1 - https:\/\/yoast.com\/wordpress\/plugins\/seo\/ -->\n<title>Obra de emergencia en el desprendimiento que ocasion\u00f3 el descarrilamiento de un tren | imuntanya<\/title>\n<meta name=\"description\" content=\"Despu\u00e9s del descarrilamiento de un tren provocado por una ca\u00edda de rocas, llevamos a cabo un saneamiento de bloques inestables utilizando sacos neum\u00e1ticos.\" \/>\n<meta name=\"robots\" content=\"index, follow, max-snippet:-1, max-image-preview:large, max-video-preview:-1\" \/>\n<link rel=\"canonical\" href=\"http:\/\/www.imuntanya.com\/es\/blog-es\/obra-de-emergencia-en-el-desprendimiento-que-ocasiono-el-descarrilamiento-de-un-tren\/\" \/>\n<meta property=\"og:locale\" content=\"es_ES\" \/>\n<meta property=\"og:type\" content=\"article\" \/>\n<meta property=\"og:title\" content=\"Obra de emergencia en el desprendimiento que ocasion\u00f3 el descarrilamiento de un tren | imuntanya\" \/>\n<meta property=\"og:description\" content=\"Despu\u00e9s del descarrilamiento de un tren provocado por una ca\u00edda de rocas, llevamos a cabo un saneamiento de bloques inestables utilizando sacos neum\u00e1ticos.\" \/>\n<meta property=\"og:url\" content=\"http:\/\/www.imuntanya.com\/es\/blog-es\/obra-de-emergencia-en-el-desprendimiento-que-ocasiono-el-descarrilamiento-de-un-tren\/\" \/>\n<meta property=\"og:site_name\" content=\"imuntanya\" \/>\n<meta property=\"article:publisher\" content=\"https:\/\/www.facebook.com\/imuntanya\" \/>\n<meta property=\"article:published_time\" content=\"2021-04-12T04:24:46+00:00\" \/>\n<meta property=\"article:modified_time\" content=\"2021-04-12T04:34:09+00:00\" \/>\n<meta property=\"og:image\" content=\"http:\/\/www.imuntanya.com\/wp-content\/uploads\/2021\/03\/GV_2021-Santa-Linya_-Emergencia-Tren_Est-Talus_web3-700x470-1.jpg\" \/>\n\t<meta property=\"og:image:width\" content=\"700\" \/>\n\t<meta property=\"og:image:height\" content=\"470\" \/>\n\t<meta property=\"og:image:type\" content=\"image\/jpeg\" \/>\n<meta name=\"author\" content=\"Merc\u00e8 Pujol\" \/>\n<meta name=\"twitter:card\" content=\"summary_large_image\" \/>\n<meta name=\"twitter:creator\" content=\"@imuntanya15\" \/>\n<meta name=\"twitter:site\" content=\"@imuntanya15\" \/>\n<meta name=\"twitter:label1\" content=\"Escrito por\" \/>\n\t<meta name=\"twitter:data1\" content=\"Merc\u00e8 Pujol\" \/>\n\t<meta name=\"twitter:label2\" content=\"Tiempo de lectura\" \/>\n\t<meta name=\"twitter:data2\" content=\"3 minutos\" \/>\n<script type=\"application\/ld+json\" class=\"yoast-schema-graph\">{\"@context\":\"https:\/\/schema.org\",\"@graph\":[{\"@type\":\"Article\",\"@id\":\"http:\/\/www.imuntanya.com\/es\/blog-es\/obra-de-emergencia-en-el-desprendimiento-que-ocasiono-el-descarrilamiento-de-un-tren\/#article\",\"isPartOf\":{\"@id\":\"http:\/\/www.imuntanya.com\/es\/blog-es\/obra-de-emergencia-en-el-desprendimiento-que-ocasiono-el-descarrilamiento-de-un-tren\/\"},\"author\":{\"name\":\"Merc\u00e8 Pujol\",\"@id\":\"http:\/\/www.imuntanya.com\/#\/schema\/person\/c144fa172ac4fbfb4767af32d5acae8e\"},\"headline\":\"Obra de emergencia en el desprendimiento que ocasion\u00f3 el descarrilamiento de un tren\",\"datePublished\":\"2021-04-12T04:24:46+00:00\",\"dateModified\":\"2021-04-12T04:34:09+00:00\",\"mainEntityOfPage\":{\"@id\":\"http:\/\/www.imuntanya.com\/es\/blog-es\/obra-de-emergencia-en-el-desprendimiento-que-ocasiono-el-descarrilamiento-de-un-tren\/\"},\"wordCount\":543,\"commentCount\":0,\"publisher\":{\"@id\":\"http:\/\/www.imuntanya.com\/#organization\"},\"image\":{\"@id\":\"http:\/\/www.imuntanya.com\/es\/blog-es\/obra-de-emergencia-en-el-desprendimiento-que-ocasiono-el-descarrilamiento-de-un-tren\/#primaryimage\"},\"thumbnailUrl\":\"http:\/\/www.imuntanya.com\/wp-content\/uploads\/2021\/03\/GV_2021-Santa-Linya_-Emergencia-Tren_Est-Talus_web3-700x470-1.jpg\",\"keywords\":[\"Geot\u00e8cnica vertical\",\"L\u00edneas ferroviarias\"],\"articleSection\":[\"Blog\"],\"inLanguage\":\"es\",\"potentialAction\":[{\"@type\":\"CommentAction\",\"name\":\"Comment\",\"target\":[\"http:\/\/www.imuntanya.com\/es\/blog-es\/obra-de-emergencia-en-el-desprendimiento-que-ocasiono-el-descarrilamiento-de-un-tren\/#respond\"]}]},{\"@type\":\"WebPage\",\"@id\":\"http:\/\/www.imuntanya.com\/es\/blog-es\/obra-de-emergencia-en-el-desprendimiento-que-ocasiono-el-descarrilamiento-de-un-tren\/\",\"url\":\"http:\/\/www.imuntanya.com\/es\/blog-es\/obra-de-emergencia-en-el-desprendimiento-que-ocasiono-el-descarrilamiento-de-un-tren\/\",\"name\":\"Obra de emergencia en el desprendimiento que ocasion\u00f3 el descarrilamiento de un tren | imuntanya\",\"isPartOf\":{\"@id\":\"http:\/\/www.imuntanya.com\/#website\"},\"primaryImageOfPage\":{\"@id\":\"http:\/\/www.imuntanya.com\/es\/blog-es\/obra-de-emergencia-en-el-desprendimiento-que-ocasiono-el-descarrilamiento-de-un-tren\/#primaryimage\"},\"image\":{\"@id\":\"http:\/\/www.imuntanya.com\/es\/blog-es\/obra-de-emergencia-en-el-desprendimiento-que-ocasiono-el-descarrilamiento-de-un-tren\/#primaryimage\"},\"thumbnailUrl\":\"http:\/\/www.imuntanya.com\/wp-content\/uploads\/2021\/03\/GV_2021-Santa-Linya_-Emergencia-Tren_Est-Talus_web3-700x470-1.jpg\",\"datePublished\":\"2021-04-12T04:24:46+00:00\",\"dateModified\":\"2021-04-12T04:34:09+00:00\",\"description\":\"Despu\u00e9s del descarrilamiento de un tren provocado por una ca\u00edda de rocas, llevamos a cabo un saneamiento de bloques inestables utilizando sacos neum\u00e1ticos.\",\"breadcrumb\":{\"@id\":\"http:\/\/www.imuntanya.com\/es\/blog-es\/obra-de-emergencia-en-el-desprendimiento-que-ocasiono-el-descarrilamiento-de-un-tren\/#breadcrumb\"},\"inLanguage\":\"es\",\"potentialAction\":[{\"@type\":\"ReadAction\",\"target\":[\"http:\/\/www.imuntanya.com\/es\/blog-es\/obra-de-emergencia-en-el-desprendimiento-que-ocasiono-el-descarrilamiento-de-un-tren\/\"]}]},{\"@type\":\"ImageObject\",\"inLanguage\":\"es\",\"@id\":\"http:\/\/www.imuntanya.com\/es\/blog-es\/obra-de-emergencia-en-el-desprendimiento-que-ocasiono-el-descarrilamiento-de-un-tren\/#primaryimage\",\"url\":\"http:\/\/www.imuntanya.com\/wp-content\/uploads\/2021\/03\/GV_2021-Santa-Linya_-Emergencia-Tren_Est-Talus_web3-700x470-1.jpg\",\"contentUrl\":\"http:\/\/www.imuntanya.com\/wp-content\/uploads\/2021\/03\/GV_2021-Santa-Linya_-Emergencia-Tren_Est-Talus_web3-700x470-1.jpg\",\"width\":700,\"height\":470,\"caption\":\"El equipo de iMuntanya, especialista en trabajos de altura, realizando tareas de saneamiento de bloques inestables en el talud de la linea de ferrocarril Lleida-La Pobla en su paso per Santa Liny\u00e0.\"},{\"@type\":\"BreadcrumbList\",\"@id\":\"http:\/\/www.imuntanya.com\/es\/blog-es\/obra-de-emergencia-en-el-desprendimiento-que-ocasiono-el-descarrilamiento-de-un-tren\/#breadcrumb\",\"itemListElement\":[{\"@type\":\"ListItem\",\"position\":1,\"name\":\"Inici\",\"item\":\"http:\/\/www.imuntanya.com\/\"},{\"@type\":\"ListItem\",\"position\":2,\"name\":\"Obra de emergencia en el desprendimiento que ocasion\u00f3 el descarrilamiento de un tren\"}]},{\"@type\":\"WebSite\",\"@id\":\"http:\/\/www.imuntanya.com\/#website\",\"url\":\"http:\/\/www.imuntanya.com\/\",\"name\":\"iMuntanya\",\"description\":\"Infraestructures per alta muntanya i en zones de dif\u00edcil acc\u00e9s\",\"publisher\":{\"@id\":\"http:\/\/www.imuntanya.com\/#organization\"},\"potentialAction\":[{\"@type\":\"SearchAction\",\"target\":{\"@type\":\"EntryPoint\",\"urlTemplate\":\"http:\/\/www.imuntanya.com\/?s={search_term_string}\"},\"query-input\":{\"@type\":\"PropertyValueSpecification\",\"valueRequired\":true,\"valueName\":\"search_term_string\"}}],\"inLanguage\":\"es\"},{\"@type\":\"Organization\",\"@id\":\"http:\/\/www.imuntanya.com\/#organization\",\"name\":\"iMuntanya \u00b7 Infraestructures de Muntanya S.L.\",\"url\":\"http:\/\/www.imuntanya.com\/\",\"logo\":{\"@type\":\"ImageObject\",\"inLanguage\":\"es\",\"@id\":\"http:\/\/www.imuntanya.com\/#\/schema\/logo\/image\/\",\"url\":\"http:\/\/www.imuntanya.com\/wp-content\/uploads\/2019\/07\/imu-cat-2.png\",\"contentUrl\":\"http:\/\/www.imuntanya.com\/wp-content\/uploads\/2019\/07\/imu-cat-2.png\",\"width\":640,\"height\":83,\"caption\":\"iMuntanya \u00b7 Infraestructures de Muntanya S.L.\"},\"image\":{\"@id\":\"http:\/\/www.imuntanya.com\/#\/schema\/logo\/image\/\"},\"sameAs\":[\"https:\/\/www.facebook.com\/imuntanya\",\"https:\/\/x.com\/imuntanya15\",\"https:\/\/www.instagram.com\/imuntanya\/\",\"https:\/\/www.linkedin.com\/company\/imuntanya\/\",\"https:\/\/www.youtube.com\/user\/imuntanyaatyoutub\"]},{\"@type\":\"Person\",\"@id\":\"http:\/\/www.imuntanya.com\/#\/schema\/person\/c144fa172ac4fbfb4767af32d5acae8e\",\"name\":\"Merc\u00e8 Pujol\",\"image\":{\"@type\":\"ImageObject\",\"inLanguage\":\"es\",\"@id\":\"http:\/\/www.imuntanya.com\/#\/schema\/person\/image\/\",\"url\":\"https:\/\/secure.gravatar.com\/avatar\/10213c83b04e18e80603efc3add346a4f27921c505524ba24c92ebf7f86153a2?s=96&d=mm&r=g\",\"contentUrl\":\"https:\/\/secure.gravatar.com\/avatar\/10213c83b04e18e80603efc3add346a4f27921c505524ba24c92ebf7f86153a2?s=96&d=mm&r=g\",\"caption\":\"Merc\u00e8 Pujol\"},\"url\":\"http:\/\/www.imuntanya.com\/es\/author\/merce\/\"}]}<\/script>\n<!-- \/ Yoast SEO plugin. -->","yoast_head_json":{"title":"Obra de emergencia en el desprendimiento que ocasion\u00f3 el descarrilamiento de un tren | imuntanya","description":"Despu\u00e9s del descarrilamiento de un tren provocado por una ca\u00edda de rocas, llevamos a cabo un saneamiento de bloques inestables utilizando sacos neum\u00e1ticos.","robots":{"index":"index","follow":"follow","max-snippet":"max-snippet:-1","max-image-preview":"max-image-preview:large","max-video-preview":"max-video-preview:-1"},"canonical":"http:\/\/www.imuntanya.com\/es\/blog-es\/obra-de-emergencia-en-el-desprendimiento-que-ocasiono-el-descarrilamiento-de-un-tren\/","og_locale":"es_ES","og_type":"article","og_title":"Obra de emergencia en el desprendimiento que ocasion\u00f3 el descarrilamiento de un tren | imuntanya","og_description":"Despu\u00e9s del descarrilamiento de un tren provocado por una ca\u00edda de rocas, llevamos a cabo un saneamiento de bloques inestables utilizando sacos neum\u00e1ticos.","og_url":"http:\/\/www.imuntanya.com\/es\/blog-es\/obra-de-emergencia-en-el-desprendimiento-que-ocasiono-el-descarrilamiento-de-un-tren\/","og_site_name":"imuntanya","article_publisher":"https:\/\/www.facebook.com\/imuntanya","article_published_time":"2021-04-12T04:24:46+00:00","article_modified_time":"2021-04-12T04:34:09+00:00","og_image":[{"width":700,"height":470,"url":"http:\/\/www.imuntanya.com\/wp-content\/uploads\/2021\/03\/GV_2021-Santa-Linya_-Emergencia-Tren_Est-Talus_web3-700x470-1.jpg","type":"image\/jpeg"}],"author":"Merc\u00e8 Pujol","twitter_card":"summary_large_image","twitter_creator":"@imuntanya15","twitter_site":"@imuntanya15","twitter_misc":{"Escrito por":"Merc\u00e8 Pujol","Tiempo de lectura":"3 minutos"},"schema":{"@context":"https:\/\/schema.org","@graph":[{"@type":"Article","@id":"http:\/\/www.imuntanya.com\/es\/blog-es\/obra-de-emergencia-en-el-desprendimiento-que-ocasiono-el-descarrilamiento-de-un-tren\/#article","isPartOf":{"@id":"http:\/\/www.imuntanya.com\/es\/blog-es\/obra-de-emergencia-en-el-desprendimiento-que-ocasiono-el-descarrilamiento-de-un-tren\/"},"author":{"name":"Merc\u00e8 Pujol","@id":"http:\/\/www.imuntanya.com\/#\/schema\/person\/c144fa172ac4fbfb4767af32d5acae8e"},"headline":"Obra de emergencia en el desprendimiento que ocasion\u00f3 el descarrilamiento de un tren","datePublished":"2021-04-12T04:24:46+00:00","dateModified":"2021-04-12T04:34:09+00:00","mainEntityOfPage":{"@id":"http:\/\/www.imuntanya.com\/es\/blog-es\/obra-de-emergencia-en-el-desprendimiento-que-ocasiono-el-descarrilamiento-de-un-tren\/"},"wordCount":543,"commentCount":0,"publisher":{"@id":"http:\/\/www.imuntanya.com\/#organization"},"image":{"@id":"http:\/\/www.imuntanya.com\/es\/blog-es\/obra-de-emergencia-en-el-desprendimiento-que-ocasiono-el-descarrilamiento-de-un-tren\/#primaryimage"},"thumbnailUrl":"http:\/\/www.imuntanya.com\/wp-content\/uploads\/2021\/03\/GV_2021-Santa-Linya_-Emergencia-Tren_Est-Talus_web3-700x470-1.jpg","keywords":["Geot\u00e8cnica vertical","L\u00edneas ferroviarias"],"articleSection":["Blog"],"inLanguage":"es","potentialAction":[{"@type":"CommentAction","name":"Comment","target":["http:\/\/www.imuntanya.com\/es\/blog-es\/obra-de-emergencia-en-el-desprendimiento-que-ocasiono-el-descarrilamiento-de-un-tren\/#respond"]}]},{"@type":"WebPage","@id":"http:\/\/www.imuntanya.com\/es\/blog-es\/obra-de-emergencia-en-el-desprendimiento-que-ocasiono-el-descarrilamiento-de-un-tren\/","url":"http:\/\/www.imuntanya.com\/es\/blog-es\/obra-de-emergencia-en-el-desprendimiento-que-ocasiono-el-descarrilamiento-de-un-tren\/","name":"Obra de emergencia en el desprendimiento que ocasion\u00f3 el descarrilamiento de un tren | imuntanya","isPartOf":{"@id":"http:\/\/www.imuntanya.com\/#website"},"primaryImageOfPage":{"@id":"http:\/\/www.imuntanya.com\/es\/blog-es\/obra-de-emergencia-en-el-desprendimiento-que-ocasiono-el-descarrilamiento-de-un-tren\/#primaryimage"},"image":{"@id":"http:\/\/www.imuntanya.com\/es\/blog-es\/obra-de-emergencia-en-el-desprendimiento-que-ocasiono-el-descarrilamiento-de-un-tren\/#primaryimage"},"thumbnailUrl":"http:\/\/www.imuntanya.com\/wp-content\/uploads\/2021\/03\/GV_2021-Santa-Linya_-Emergencia-Tren_Est-Talus_web3-700x470-1.jpg","datePublished":"2021-04-12T04:24:46+00:00","dateModified":"2021-04-12T04:34:09+00:00","description":"Despu\u00e9s del descarrilamiento de un tren provocado por una ca\u00edda de rocas, llevamos a cabo un saneamiento de bloques inestables utilizando sacos neum\u00e1ticos.","breadcrumb":{"@id":"http:\/\/www.imuntanya.com\/es\/blog-es\/obra-de-emergencia-en-el-desprendimiento-que-ocasiono-el-descarrilamiento-de-un-tren\/#breadcrumb"},"inLanguage":"es","potentialAction":[{"@type":"ReadAction","target":["http:\/\/www.imuntanya.com\/es\/blog-es\/obra-de-emergencia-en-el-desprendimiento-que-ocasiono-el-descarrilamiento-de-un-tren\/"]}]},{"@type":"ImageObject","inLanguage":"es","@id":"http:\/\/www.imuntanya.com\/es\/blog-es\/obra-de-emergencia-en-el-desprendimiento-que-ocasiono-el-descarrilamiento-de-un-tren\/#primaryimage","url":"http:\/\/www.imuntanya.com\/wp-content\/uploads\/2021\/03\/GV_2021-Santa-Linya_-Emergencia-Tren_Est-Talus_web3-700x470-1.jpg","contentUrl":"http:\/\/www.imuntanya.com\/wp-content\/uploads\/2021\/03\/GV_2021-Santa-Linya_-Emergencia-Tren_Est-Talus_web3-700x470-1.jpg","width":700,"height":470,"caption":"El equipo de iMuntanya, especialista en trabajos de altura, realizando tareas de saneamiento de bloques inestables en el talud de la linea de ferrocarril Lleida-La Pobla en su paso per Santa Liny\u00e0."},{"@type":"BreadcrumbList","@id":"http:\/\/www.imuntanya.com\/es\/blog-es\/obra-de-emergencia-en-el-desprendimiento-que-ocasiono-el-descarrilamiento-de-un-tren\/#breadcrumb","itemListElement":[{"@type":"ListItem","position":1,"name":"Inici","item":"http:\/\/www.imuntanya.com\/"},{"@type":"ListItem","position":2,"name":"Obra de emergencia en el desprendimiento que ocasion\u00f3 el descarrilamiento de un tren"}]},{"@type":"WebSite","@id":"http:\/\/www.imuntanya.com\/#website","url":"http:\/\/www.imuntanya.com\/","name":"iMuntanya","description":"Infraestructures per alta muntanya i en zones de dif\u00edcil acc\u00e9s","publisher":{"@id":"http:\/\/www.imuntanya.com\/#organization"},"potentialAction":[{"@type":"SearchAction","target":{"@type":"EntryPoint","urlTemplate":"http:\/\/www.imuntanya.com\/?s={search_term_string}"},"query-input":{"@type":"PropertyValueSpecification","valueRequired":true,"valueName":"search_term_string"}}],"inLanguage":"es"},{"@type":"Organization","@id":"http:\/\/www.imuntanya.com\/#organization","name":"iMuntanya \u00b7 Infraestructures de Muntanya S.L.","url":"http:\/\/www.imuntanya.com\/","logo":{"@type":"ImageObject","inLanguage":"es","@id":"http:\/\/www.imuntanya.com\/#\/schema\/logo\/image\/","url":"http:\/\/www.imuntanya.com\/wp-content\/uploads\/2019\/07\/imu-cat-2.png","contentUrl":"http:\/\/www.imuntanya.com\/wp-content\/uploads\/2019\/07\/imu-cat-2.png","width":640,"height":83,"caption":"iMuntanya \u00b7 Infraestructures de Muntanya S.L."},"image":{"@id":"http:\/\/www.imuntanya.com\/#\/schema\/logo\/image\/"},"sameAs":["https:\/\/www.facebook.com\/imuntanya","https:\/\/x.com\/imuntanya15","https:\/\/www.instagram.com\/imuntanya\/","https:\/\/www.linkedin.com\/company\/imuntanya\/","https:\/\/www.youtube.com\/user\/imuntanyaatyoutub"]},{"@type":"Person","@id":"http:\/\/www.imuntanya.com\/#\/schema\/person\/c144fa172ac4fbfb4767af32d5acae8e","name":"Merc\u00e8 Pujol","image":{"@type":"ImageObject","inLanguage":"es","@id":"http:\/\/www.imuntanya.com\/#\/schema\/person\/image\/","url":"https:\/\/secure.gravatar.com\/avatar\/10213c83b04e18e80603efc3add346a4f27921c505524ba24c92ebf7f86153a2?s=96&d=mm&r=g","contentUrl":"https:\/\/secure.gravatar.com\/avatar\/10213c83b04e18e80603efc3add346a4f27921c505524ba24c92ebf7f86153a2?s=96&d=mm&r=g","caption":"Merc\u00e8 Pujol"},"url":"http:\/\/www.imuntanya.com\/es\/author\/merce\/"}]}},"_links":{"self":[{"href":"http:\/\/www.imuntanya.com\/es\/wp-json\/wp\/v2\/posts\/4689","targetHints":{"allow":["GET"]}}],"collection":[{"href":"http:\/\/www.imuntanya.com\/es\/wp-json\/wp\/v2\/posts"}],"about":[{"href":"http:\/\/www.imuntanya.com\/es\/wp-json\/wp\/v2\/types\/post"}],"author":[{"embeddable":true,"href":"http:\/\/www.imuntanya.com\/es\/wp-json\/wp\/v2\/users\/2"}],"replies":[{"embeddable":true,"href":"http:\/\/www.imuntanya.com\/es\/wp-json\/wp\/v2\/comments?post=4689"}],"version-history":[{"count":2,"href":"http:\/\/www.imuntanya.com\/es\/wp-json\/wp\/v2\/posts\/4689\/revisions"}],"predecessor-version":[{"id":4695,"href":"http:\/\/www.imuntanya.com\/es\/wp-json\/wp\/v2\/posts\/4689\/revisions\/4695"}],"wp:featuredmedia":[{"embeddable":true,"href":"http:\/\/www.imuntanya.com\/es\/wp-json\/wp\/v2\/media\/4678"}],"wp:attachment":[{"href":"http:\/\/www.imuntanya.com\/es\/wp-json\/wp\/v2\/media?parent=4689"}],"wp:term":[{"taxonomy":"category","embeddable":true,"href":"http:\/\/www.imuntanya.com\/es\/wp-json\/wp\/v2\/categories?post=4689"},{"taxonomy":"post_tag","embeddable":true,"href":"http:\/\/www.imuntanya.com\/es\/wp-json\/wp\/v2\/tags?post=4689"}],"curies":[{"name":"wp","href":"https:\/\/api.w.org\/{rel}","templated":true}]}}