{"id":5004,"date":"2021-06-17T03:25:21","date_gmt":"2021-06-17T01:25:21","guid":{"rendered":"http:\/\/www.imuntanya.com\/sin-categorizar\/la-pasarela-de-roses-nos-acerca-al-patrimonio-geologico\/"},"modified":"2021-06-17T03:25:22","modified_gmt":"2021-06-17T01:25:22","slug":"la-pasarela-de-roses-nos-acerca-al-patrimonio-geologico","status":"publish","type":"post","link":"http:\/\/www.imuntanya.com\/es\/blog-es\/la-pasarela-de-roses-nos-acerca-al-patrimonio-geologico\/","title":{"rendered":"La pasarela de Roses nos acerca al patrimonio geol\u00f3gico"},"content":{"rendered":"<p>[et_pb_section fb_built=\u00bb1&#8243; _builder_version=\u00bb3.22&#8243; custom_margin=\u00bb0px|0px|0px|0px\u00bb custom_padding=\u00bb0px|0px|0px|0px\u00bb][et_pb_row _builder_version=\u00bb3.25&#8243;][et_pb_column type=\u00bb4_4&#8243; _builder_version=\u00bb3.25&#8243; custom_padding=\u00bb|||\u00bb custom_padding__hover=\u00bb|||\u00bb][et_pb_text admin_label=\u00bbText\u00bb _builder_version=\u00bb4.4.5&#8243; hover_enabled=\u00bb0&#8243;]<a href=\"#\"><strong>iMuntanya<\/strong><\/a> iMuntanya finaliza el proyecto de la pasarela anclada de Roses. Dise\u00f1ada como un mirador, tiene por objetivo hacer m\u00e1s accesible y visible el patrimonio geol\u00f3gico de la cizalla del Faro de Roses, incluido en el <a href=\"http:\/\/mediambient.gencat.cat\/es\/05_ambits_dactuacio\/patrimoni_natural\/sistemes_dinformacio\/inventari_despais_dinteres_geologic\/index.html\">inventario de espacios de inter\u00e9s geol\u00f3gico de Catalu\u00f1a (IEIGC)<\/a>, est\u00e1 formado por rocas granodioritas de gran valor en la comprensi\u00f3n de los procesos tect\u00f3nicos ocurridos hace millones de a\u00f1os.<\/p>\n<div id=\"attachment_4926\" style=\"width: 710px\" class=\"wp-caption aligncenter\"><img loading=\"lazy\" decoding=\"async\" aria-describedby=\"caption-attachment-4926\" class=\"wp-image-4922 size-full\" src=\"http:\/\/www.imuntanya.com\/wp-content\/uploads\/2021\/06\/PV_2021_Roses-MiradorCisalla_web1-700x470-1.jpg\" alt=\"Pasarela de Roses \u00b7 Mirador Cizalla\" width=\"700\" height=\"470\" srcset=\"http:\/\/www.imuntanya.com\/wp-content\/uploads\/2021\/06\/PV_2021_Roses-MiradorCisalla_web1-700x470-1.jpg 700w, http:\/\/www.imuntanya.com\/wp-content\/uploads\/2021\/06\/PV_2021_Roses-MiradorCisalla_web1-700x470-1-480x322.jpg 480w\" sizes=\"auto, (min-width: 0px) and (max-width: 480px) 480px, (min-width: 481px) 700px, 100vw\" \/><p id=\"caption-attachment-4926\" class=\"wp-caption-text\">Esta pasarela nos acerca a la zona de cizalla del Faro de Roses, patrimonio geol\u00f3gico.<\/p><\/div>\n<p>Se trata de una pasarela en la zona mar\u00edtima-terrestre que establece, con un recorrido f\u00edsico, el valor de este patrimonio en la zona de los alrededores del faro de Roses. El \u00e1mbito de actuaci\u00f3n se limita al \u00e1rea definida entre la carretera de Canyelles y el mar, desde la Punta de la Bater\u00eda, pasando por el encuentro con el camino de ronda hasta el faro.<\/p>\n<div id=\"attachment_4931\" style=\"width: 710px\" class=\"wp-caption aligncenter\"><img loading=\"lazy\" decoding=\"async\" aria-describedby=\"caption-attachment-4931\" class=\"wp-image-4927 size-full\" src=\"http:\/\/www.imuntanya.com\/wp-content\/uploads\/2021\/06\/PV_2021_Roses-MiradorCisalla_web2-700x470-1.jpg\" alt=\"Construcci\u00f3n de la pasarela de Roses\" width=\"700\" height=\"470\" srcset=\"http:\/\/www.imuntanya.com\/wp-content\/uploads\/2021\/06\/PV_2021_Roses-MiradorCisalla_web2-700x470-1.jpg 700w, http:\/\/www.imuntanya.com\/wp-content\/uploads\/2021\/06\/PV_2021_Roses-MiradorCisalla_web2-700x470-1-480x322.jpg 480w\" sizes=\"auto, (min-width: 0px) and (max-width: 480px) 480px, (min-width: 481px) 700px, 100vw\" \/><p id=\"caption-attachment-4931\" class=\"wp-caption-text\">La passera \u00e9s accessible des del cam\u00ed de ronda al seu pas per Roses.<\/p><\/div>\n<p>Para su construcci\u00f3n, se ha realizado una estructura met\u00e1lica por la pasarela y la escalera, revestida de madera con vigas formadas por pieza simple y en perfiles laminados, trabajado en taller con soldadura y galvanizado, colocado en el obra con tornillos.<\/p>\n<p>La parte superior de la escalera se ancla a un nuevo muro de hormig\u00f3n armado que deja el hormig\u00f3n visto. La estructura met\u00e1lica tiene su cimentaci\u00f3n formada por pernos de acero a modo de micropilotes buscando la roca para transmitir las cargas al terreno, al tiempo que queda anclado minimizando as\u00ed la acci\u00f3n del oleaje de la Cala de Roses. Las barandillas de protecci\u00f3n son de malla tipo X-Tend de acero, formando paneles entre elementos verticales de soporte met\u00e1licos, con cable de acero en las cuatro caras de cada panel.<\/p>\n<div id=\"attachment_4936\" style=\"width: 710px\" class=\"wp-caption aligncenter\"><img loading=\"lazy\" decoding=\"async\" aria-describedby=\"caption-attachment-4936\" class=\"wp-image-4932 size-full\" src=\"http:\/\/www.imuntanya.com\/wp-content\/uploads\/2021\/06\/PV_2021_Roses-MiradorCisalla_web3-700x470-1.jpg\" alt=\"Construcci\u00f3n de la pasarela - mirador de Roses.\" width=\"700\" height=\"470\" srcset=\"http:\/\/www.imuntanya.com\/wp-content\/uploads\/2021\/06\/PV_2021_Roses-MiradorCisalla_web3-700x470-1.jpg 700w, http:\/\/www.imuntanya.com\/wp-content\/uploads\/2021\/06\/PV_2021_Roses-MiradorCisalla_web3-700x470-1-480x322.jpg 480w\" sizes=\"auto, (min-width: 0px) and (max-width: 480px) 480px, (min-width: 481px) 700px, 100vw\" \/><p id=\"caption-attachment-4936\" class=\"wp-caption-text\">Construcci\u00f3n de la pasarela &#8211; mirador de Roses.<\/p><\/div>\n<p>Ficha de la pasarela anclada\u00a0<a href=\"http:\/\/www.imuntanya.com\/es\/pont-penjant\/passera-ancorada-roses-girona\/\">aqu\u00ed<\/a>.<br \/>\n[\/et_pb_text][\/et_pb_column][\/et_pb_row][\/et_pb_section]<\/p>\n","protected":false},"excerpt":{"rendered":"<p>La pasarela permite acercarse al patrimonio geol\u00f3gico de la cizalla de Roses.<\/p>\n","protected":false},"author":2,"featured_media":4965,"comment_status":"open","ping_status":"open","sticky":false,"template":"","format":"standard","meta":{"_et_pb_use_builder":"on","_et_pb_old_content":"","_et_gb_content_width":"","footnotes":""},"categories":[91],"tags":[149],"class_list":["post-5004","post","type-post","status-publish","format-standard","has-post-thumbnail","hentry","category-blog-es","tag-pasarela-anclada"],"yoast_head":"<!-- This site is optimized with the Yoast SEO plugin v26.1.1 - https:\/\/yoast.com\/wordpress\/plugins\/seo\/ -->\n<title>La pasarela de Roses nos acerca al patrimonio geol\u00f3gico | imuntanya<\/title>\n<meta name=\"description\" content=\"Como un mirador, se observan las rocas granodioritas formadas hace millones de a\u00f1os que s\u00f3n ahora patrimonio geol\u00f3gico de inter\u00e9s mundial.\" \/>\n<meta name=\"robots\" content=\"index, follow, max-snippet:-1, max-image-preview:large, max-video-preview:-1\" \/>\n<link rel=\"canonical\" href=\"http:\/\/www.imuntanya.com\/es\/blog-es\/la-pasarela-de-roses-nos-acerca-al-patrimonio-geologico\/\" \/>\n<meta property=\"og:locale\" content=\"es_ES\" \/>\n<meta property=\"og:type\" content=\"article\" \/>\n<meta property=\"og:title\" content=\"La pasarela de Roses nos acerca al patrimonio geol\u00f3gico | imuntanya\" \/>\n<meta property=\"og:description\" content=\"Como un mirador, se observan las rocas granodioritas formadas hace millones de a\u00f1os que s\u00f3n ahora patrimonio geol\u00f3gico de inter\u00e9s mundial.\" \/>\n<meta property=\"og:url\" content=\"http:\/\/www.imuntanya.com\/es\/blog-es\/la-pasarela-de-roses-nos-acerca-al-patrimonio-geologico\/\" \/>\n<meta property=\"og:site_name\" content=\"imuntanya\" \/>\n<meta property=\"article:publisher\" content=\"https:\/\/www.facebook.com\/imuntanya\" \/>\n<meta property=\"article:published_time\" content=\"2021-06-17T01:25:21+00:00\" \/>\n<meta property=\"article:modified_time\" content=\"2021-06-17T01:25:22+00:00\" \/>\n<meta property=\"og:image\" content=\"http:\/\/www.imuntanya.com\/wp-content\/uploads\/2021\/06\/PV_2021_Roses-MiradorCisalla_web2-700x470nologo.jpg\" \/>\n\t<meta property=\"og:image:width\" content=\"700\" \/>\n\t<meta property=\"og:image:height\" content=\"470\" \/>\n\t<meta property=\"og:image:type\" content=\"image\/jpeg\" \/>\n<meta name=\"author\" content=\"Merc\u00e8 Pujol\" \/>\n<meta name=\"twitter:card\" content=\"summary_large_image\" \/>\n<meta name=\"twitter:creator\" content=\"@imuntanya15\" \/>\n<meta name=\"twitter:site\" content=\"@imuntanya15\" \/>\n<meta name=\"twitter:label1\" content=\"Escrito por\" \/>\n\t<meta name=\"twitter:data1\" content=\"Merc\u00e8 Pujol\" \/>\n\t<meta name=\"twitter:label2\" content=\"Tiempo de lectura\" \/>\n\t<meta name=\"twitter:data2\" content=\"2 minutos\" \/>\n<script type=\"application\/ld+json\" class=\"yoast-schema-graph\">{\"@context\":\"https:\/\/schema.org\",\"@graph\":[{\"@type\":\"Article\",\"@id\":\"http:\/\/www.imuntanya.com\/es\/blog-es\/la-pasarela-de-roses-nos-acerca-al-patrimonio-geologico\/#article\",\"isPartOf\":{\"@id\":\"http:\/\/www.imuntanya.com\/es\/blog-es\/la-pasarela-de-roses-nos-acerca-al-patrimonio-geologico\/\"},\"author\":{\"name\":\"Merc\u00e8 Pujol\",\"@id\":\"http:\/\/www.imuntanya.com\/#\/schema\/person\/c144fa172ac4fbfb4767af32d5acae8e\"},\"headline\":\"La pasarela de Roses nos acerca al patrimonio geol\u00f3gico\",\"datePublished\":\"2021-06-17T01:25:21+00:00\",\"dateModified\":\"2021-06-17T01:25:22+00:00\",\"mainEntityOfPage\":{\"@id\":\"http:\/\/www.imuntanya.com\/es\/blog-es\/la-pasarela-de-roses-nos-acerca-al-patrimonio-geologico\/\"},\"wordCount\":416,\"commentCount\":0,\"publisher\":{\"@id\":\"http:\/\/www.imuntanya.com\/#organization\"},\"image\":{\"@id\":\"http:\/\/www.imuntanya.com\/es\/blog-es\/la-pasarela-de-roses-nos-acerca-al-patrimonio-geologico\/#primaryimage\"},\"thumbnailUrl\":\"http:\/\/www.imuntanya.com\/wp-content\/uploads\/2021\/06\/PV_2021_Roses-MiradorCisalla_web2-700x470nologo.jpg\",\"keywords\":[\"Pasarela anclada\"],\"articleSection\":[\"Blog\"],\"inLanguage\":\"es\",\"potentialAction\":[{\"@type\":\"CommentAction\",\"name\":\"Comment\",\"target\":[\"http:\/\/www.imuntanya.com\/es\/blog-es\/la-pasarela-de-roses-nos-acerca-al-patrimonio-geologico\/#respond\"]}]},{\"@type\":\"WebPage\",\"@id\":\"http:\/\/www.imuntanya.com\/es\/blog-es\/la-pasarela-de-roses-nos-acerca-al-patrimonio-geologico\/\",\"url\":\"http:\/\/www.imuntanya.com\/es\/blog-es\/la-pasarela-de-roses-nos-acerca-al-patrimonio-geologico\/\",\"name\":\"La pasarela de Roses nos acerca al patrimonio geol\u00f3gico | imuntanya\",\"isPartOf\":{\"@id\":\"http:\/\/www.imuntanya.com\/#website\"},\"primaryImageOfPage\":{\"@id\":\"http:\/\/www.imuntanya.com\/es\/blog-es\/la-pasarela-de-roses-nos-acerca-al-patrimonio-geologico\/#primaryimage\"},\"image\":{\"@id\":\"http:\/\/www.imuntanya.com\/es\/blog-es\/la-pasarela-de-roses-nos-acerca-al-patrimonio-geologico\/#primaryimage\"},\"thumbnailUrl\":\"http:\/\/www.imuntanya.com\/wp-content\/uploads\/2021\/06\/PV_2021_Roses-MiradorCisalla_web2-700x470nologo.jpg\",\"datePublished\":\"2021-06-17T01:25:21+00:00\",\"dateModified\":\"2021-06-17T01:25:22+00:00\",\"description\":\"Como un mirador, se observan las rocas granodioritas formadas hace millones de a\u00f1os que s\u00f3n ahora patrimonio geol\u00f3gico de inter\u00e9s mundial.\",\"breadcrumb\":{\"@id\":\"http:\/\/www.imuntanya.com\/es\/blog-es\/la-pasarela-de-roses-nos-acerca-al-patrimonio-geologico\/#breadcrumb\"},\"inLanguage\":\"es\",\"potentialAction\":[{\"@type\":\"ReadAction\",\"target\":[\"http:\/\/www.imuntanya.com\/es\/blog-es\/la-pasarela-de-roses-nos-acerca-al-patrimonio-geologico\/\"]}]},{\"@type\":\"ImageObject\",\"inLanguage\":\"es\",\"@id\":\"http:\/\/www.imuntanya.com\/es\/blog-es\/la-pasarela-de-roses-nos-acerca-al-patrimonio-geologico\/#primaryimage\",\"url\":\"http:\/\/www.imuntanya.com\/wp-content\/uploads\/2021\/06\/PV_2021_Roses-MiradorCisalla_web2-700x470nologo.jpg\",\"contentUrl\":\"http:\/\/www.imuntanya.com\/wp-content\/uploads\/2021\/06\/PV_2021_Roses-MiradorCisalla_web2-700x470nologo.jpg\",\"width\":700,\"height\":470,\"caption\":\"Esta pasarela nos acerca a la zona de cizalla del Faro de Roses, patrimonio geol\u00f3gico.\"},{\"@type\":\"BreadcrumbList\",\"@id\":\"http:\/\/www.imuntanya.com\/es\/blog-es\/la-pasarela-de-roses-nos-acerca-al-patrimonio-geologico\/#breadcrumb\",\"itemListElement\":[{\"@type\":\"ListItem\",\"position\":1,\"name\":\"Inici\",\"item\":\"http:\/\/www.imuntanya.com\/\"},{\"@type\":\"ListItem\",\"position\":2,\"name\":\"La pasarela de Roses nos acerca al patrimonio geol\u00f3gico\"}]},{\"@type\":\"WebSite\",\"@id\":\"http:\/\/www.imuntanya.com\/#website\",\"url\":\"http:\/\/www.imuntanya.com\/\",\"name\":\"iMuntanya\",\"description\":\"Infraestructures per alta muntanya i en zones de dif\u00edcil acc\u00e9s\",\"publisher\":{\"@id\":\"http:\/\/www.imuntanya.com\/#organization\"},\"potentialAction\":[{\"@type\":\"SearchAction\",\"target\":{\"@type\":\"EntryPoint\",\"urlTemplate\":\"http:\/\/www.imuntanya.com\/?s={search_term_string}\"},\"query-input\":{\"@type\":\"PropertyValueSpecification\",\"valueRequired\":true,\"valueName\":\"search_term_string\"}}],\"inLanguage\":\"es\"},{\"@type\":\"Organization\",\"@id\":\"http:\/\/www.imuntanya.com\/#organization\",\"name\":\"iMuntanya \u00b7 Infraestructures de Muntanya S.L.\",\"url\":\"http:\/\/www.imuntanya.com\/\",\"logo\":{\"@type\":\"ImageObject\",\"inLanguage\":\"es\",\"@id\":\"http:\/\/www.imuntanya.com\/#\/schema\/logo\/image\/\",\"url\":\"http:\/\/www.imuntanya.com\/wp-content\/uploads\/2019\/07\/imu-cat-2.png\",\"contentUrl\":\"http:\/\/www.imuntanya.com\/wp-content\/uploads\/2019\/07\/imu-cat-2.png\",\"width\":640,\"height\":83,\"caption\":\"iMuntanya \u00b7 Infraestructures de Muntanya S.L.\"},\"image\":{\"@id\":\"http:\/\/www.imuntanya.com\/#\/schema\/logo\/image\/\"},\"sameAs\":[\"https:\/\/www.facebook.com\/imuntanya\",\"https:\/\/x.com\/imuntanya15\",\"https:\/\/www.instagram.com\/imuntanya\/\",\"https:\/\/www.linkedin.com\/company\/imuntanya\/\",\"https:\/\/www.youtube.com\/user\/imuntanyaatyoutub\"]},{\"@type\":\"Person\",\"@id\":\"http:\/\/www.imuntanya.com\/#\/schema\/person\/c144fa172ac4fbfb4767af32d5acae8e\",\"name\":\"Merc\u00e8 Pujol\",\"image\":{\"@type\":\"ImageObject\",\"inLanguage\":\"es\",\"@id\":\"http:\/\/www.imuntanya.com\/#\/schema\/person\/image\/\",\"url\":\"https:\/\/secure.gravatar.com\/avatar\/10213c83b04e18e80603efc3add346a4f27921c505524ba24c92ebf7f86153a2?s=96&d=mm&r=g\",\"contentUrl\":\"https:\/\/secure.gravatar.com\/avatar\/10213c83b04e18e80603efc3add346a4f27921c505524ba24c92ebf7f86153a2?s=96&d=mm&r=g\",\"caption\":\"Merc\u00e8 Pujol\"},\"url\":\"http:\/\/www.imuntanya.com\/es\/author\/merce\/\"}]}<\/script>\n<!-- \/ Yoast SEO plugin. -->","yoast_head_json":{"title":"La pasarela de Roses nos acerca al patrimonio geol\u00f3gico | imuntanya","description":"Como un mirador, se observan las rocas granodioritas formadas hace millones de a\u00f1os que s\u00f3n ahora patrimonio geol\u00f3gico de inter\u00e9s mundial.","robots":{"index":"index","follow":"follow","max-snippet":"max-snippet:-1","max-image-preview":"max-image-preview:large","max-video-preview":"max-video-preview:-1"},"canonical":"http:\/\/www.imuntanya.com\/es\/blog-es\/la-pasarela-de-roses-nos-acerca-al-patrimonio-geologico\/","og_locale":"es_ES","og_type":"article","og_title":"La pasarela de Roses nos acerca al patrimonio geol\u00f3gico | imuntanya","og_description":"Como un mirador, se observan las rocas granodioritas formadas hace millones de a\u00f1os que s\u00f3n ahora patrimonio geol\u00f3gico de inter\u00e9s mundial.","og_url":"http:\/\/www.imuntanya.com\/es\/blog-es\/la-pasarela-de-roses-nos-acerca-al-patrimonio-geologico\/","og_site_name":"imuntanya","article_publisher":"https:\/\/www.facebook.com\/imuntanya","article_published_time":"2021-06-17T01:25:21+00:00","article_modified_time":"2021-06-17T01:25:22+00:00","og_image":[{"width":700,"height":470,"url":"http:\/\/www.imuntanya.com\/wp-content\/uploads\/2021\/06\/PV_2021_Roses-MiradorCisalla_web2-700x470nologo.jpg","type":"image\/jpeg"}],"author":"Merc\u00e8 Pujol","twitter_card":"summary_large_image","twitter_creator":"@imuntanya15","twitter_site":"@imuntanya15","twitter_misc":{"Escrito por":"Merc\u00e8 Pujol","Tiempo de lectura":"2 minutos"},"schema":{"@context":"https:\/\/schema.org","@graph":[{"@type":"Article","@id":"http:\/\/www.imuntanya.com\/es\/blog-es\/la-pasarela-de-roses-nos-acerca-al-patrimonio-geologico\/#article","isPartOf":{"@id":"http:\/\/www.imuntanya.com\/es\/blog-es\/la-pasarela-de-roses-nos-acerca-al-patrimonio-geologico\/"},"author":{"name":"Merc\u00e8 Pujol","@id":"http:\/\/www.imuntanya.com\/#\/schema\/person\/c144fa172ac4fbfb4767af32d5acae8e"},"headline":"La pasarela de Roses nos acerca al patrimonio geol\u00f3gico","datePublished":"2021-06-17T01:25:21+00:00","dateModified":"2021-06-17T01:25:22+00:00","mainEntityOfPage":{"@id":"http:\/\/www.imuntanya.com\/es\/blog-es\/la-pasarela-de-roses-nos-acerca-al-patrimonio-geologico\/"},"wordCount":416,"commentCount":0,"publisher":{"@id":"http:\/\/www.imuntanya.com\/#organization"},"image":{"@id":"http:\/\/www.imuntanya.com\/es\/blog-es\/la-pasarela-de-roses-nos-acerca-al-patrimonio-geologico\/#primaryimage"},"thumbnailUrl":"http:\/\/www.imuntanya.com\/wp-content\/uploads\/2021\/06\/PV_2021_Roses-MiradorCisalla_web2-700x470nologo.jpg","keywords":["Pasarela anclada"],"articleSection":["Blog"],"inLanguage":"es","potentialAction":[{"@type":"CommentAction","name":"Comment","target":["http:\/\/www.imuntanya.com\/es\/blog-es\/la-pasarela-de-roses-nos-acerca-al-patrimonio-geologico\/#respond"]}]},{"@type":"WebPage","@id":"http:\/\/www.imuntanya.com\/es\/blog-es\/la-pasarela-de-roses-nos-acerca-al-patrimonio-geologico\/","url":"http:\/\/www.imuntanya.com\/es\/blog-es\/la-pasarela-de-roses-nos-acerca-al-patrimonio-geologico\/","name":"La pasarela de Roses nos acerca al patrimonio geol\u00f3gico | imuntanya","isPartOf":{"@id":"http:\/\/www.imuntanya.com\/#website"},"primaryImageOfPage":{"@id":"http:\/\/www.imuntanya.com\/es\/blog-es\/la-pasarela-de-roses-nos-acerca-al-patrimonio-geologico\/#primaryimage"},"image":{"@id":"http:\/\/www.imuntanya.com\/es\/blog-es\/la-pasarela-de-roses-nos-acerca-al-patrimonio-geologico\/#primaryimage"},"thumbnailUrl":"http:\/\/www.imuntanya.com\/wp-content\/uploads\/2021\/06\/PV_2021_Roses-MiradorCisalla_web2-700x470nologo.jpg","datePublished":"2021-06-17T01:25:21+00:00","dateModified":"2021-06-17T01:25:22+00:00","description":"Como un mirador, se observan las rocas granodioritas formadas hace millones de a\u00f1os que s\u00f3n ahora patrimonio geol\u00f3gico de inter\u00e9s mundial.","breadcrumb":{"@id":"http:\/\/www.imuntanya.com\/es\/blog-es\/la-pasarela-de-roses-nos-acerca-al-patrimonio-geologico\/#breadcrumb"},"inLanguage":"es","potentialAction":[{"@type":"ReadAction","target":["http:\/\/www.imuntanya.com\/es\/blog-es\/la-pasarela-de-roses-nos-acerca-al-patrimonio-geologico\/"]}]},{"@type":"ImageObject","inLanguage":"es","@id":"http:\/\/www.imuntanya.com\/es\/blog-es\/la-pasarela-de-roses-nos-acerca-al-patrimonio-geologico\/#primaryimage","url":"http:\/\/www.imuntanya.com\/wp-content\/uploads\/2021\/06\/PV_2021_Roses-MiradorCisalla_web2-700x470nologo.jpg","contentUrl":"http:\/\/www.imuntanya.com\/wp-content\/uploads\/2021\/06\/PV_2021_Roses-MiradorCisalla_web2-700x470nologo.jpg","width":700,"height":470,"caption":"Esta pasarela nos acerca a la zona de cizalla del Faro de Roses, patrimonio geol\u00f3gico."},{"@type":"BreadcrumbList","@id":"http:\/\/www.imuntanya.com\/es\/blog-es\/la-pasarela-de-roses-nos-acerca-al-patrimonio-geologico\/#breadcrumb","itemListElement":[{"@type":"ListItem","position":1,"name":"Inici","item":"http:\/\/www.imuntanya.com\/"},{"@type":"ListItem","position":2,"name":"La pasarela de Roses nos acerca al patrimonio geol\u00f3gico"}]},{"@type":"WebSite","@id":"http:\/\/www.imuntanya.com\/#website","url":"http:\/\/www.imuntanya.com\/","name":"iMuntanya","description":"Infraestructures per alta muntanya i en zones de dif\u00edcil acc\u00e9s","publisher":{"@id":"http:\/\/www.imuntanya.com\/#organization"},"potentialAction":[{"@type":"SearchAction","target":{"@type":"EntryPoint","urlTemplate":"http:\/\/www.imuntanya.com\/?s={search_term_string}"},"query-input":{"@type":"PropertyValueSpecification","valueRequired":true,"valueName":"search_term_string"}}],"inLanguage":"es"},{"@type":"Organization","@id":"http:\/\/www.imuntanya.com\/#organization","name":"iMuntanya \u00b7 Infraestructures de Muntanya S.L.","url":"http:\/\/www.imuntanya.com\/","logo":{"@type":"ImageObject","inLanguage":"es","@id":"http:\/\/www.imuntanya.com\/#\/schema\/logo\/image\/","url":"http:\/\/www.imuntanya.com\/wp-content\/uploads\/2019\/07\/imu-cat-2.png","contentUrl":"http:\/\/www.imuntanya.com\/wp-content\/uploads\/2019\/07\/imu-cat-2.png","width":640,"height":83,"caption":"iMuntanya \u00b7 Infraestructures de Muntanya S.L."},"image":{"@id":"http:\/\/www.imuntanya.com\/#\/schema\/logo\/image\/"},"sameAs":["https:\/\/www.facebook.com\/imuntanya","https:\/\/x.com\/imuntanya15","https:\/\/www.instagram.com\/imuntanya\/","https:\/\/www.linkedin.com\/company\/imuntanya\/","https:\/\/www.youtube.com\/user\/imuntanyaatyoutub"]},{"@type":"Person","@id":"http:\/\/www.imuntanya.com\/#\/schema\/person\/c144fa172ac4fbfb4767af32d5acae8e","name":"Merc\u00e8 Pujol","image":{"@type":"ImageObject","inLanguage":"es","@id":"http:\/\/www.imuntanya.com\/#\/schema\/person\/image\/","url":"https:\/\/secure.gravatar.com\/avatar\/10213c83b04e18e80603efc3add346a4f27921c505524ba24c92ebf7f86153a2?s=96&d=mm&r=g","contentUrl":"https:\/\/secure.gravatar.com\/avatar\/10213c83b04e18e80603efc3add346a4f27921c505524ba24c92ebf7f86153a2?s=96&d=mm&r=g","caption":"Merc\u00e8 Pujol"},"url":"http:\/\/www.imuntanya.com\/es\/author\/merce\/"}]}},"_links":{"self":[{"href":"http:\/\/www.imuntanya.com\/es\/wp-json\/wp\/v2\/posts\/5004","targetHints":{"allow":["GET"]}}],"collection":[{"href":"http:\/\/www.imuntanya.com\/es\/wp-json\/wp\/v2\/posts"}],"about":[{"href":"http:\/\/www.imuntanya.com\/es\/wp-json\/wp\/v2\/types\/post"}],"author":[{"embeddable":true,"href":"http:\/\/www.imuntanya.com\/es\/wp-json\/wp\/v2\/users\/2"}],"replies":[{"embeddable":true,"href":"http:\/\/www.imuntanya.com\/es\/wp-json\/wp\/v2\/comments?post=5004"}],"version-history":[{"count":1,"href":"http:\/\/www.imuntanya.com\/es\/wp-json\/wp\/v2\/posts\/5004\/revisions"}],"predecessor-version":[{"id":5005,"href":"http:\/\/www.imuntanya.com\/es\/wp-json\/wp\/v2\/posts\/5004\/revisions\/5005"}],"wp:featuredmedia":[{"embeddable":true,"href":"http:\/\/www.imuntanya.com\/es\/wp-json\/wp\/v2\/media\/4965"}],"wp:attachment":[{"href":"http:\/\/www.imuntanya.com\/es\/wp-json\/wp\/v2\/media?parent=5004"}],"wp:term":[{"taxonomy":"category","embeddable":true,"href":"http:\/\/www.imuntanya.com\/es\/wp-json\/wp\/v2\/categories?post=5004"},{"taxonomy":"post_tag","embeddable":true,"href":"http:\/\/www.imuntanya.com\/es\/wp-json\/wp\/v2\/tags?post=5004"}],"curies":[{"name":"wp","href":"https:\/\/api.w.org\/{rel}","templated":true}]}}