{"id":5957,"date":"2022-05-05T02:22:37","date_gmt":"2022-05-05T00:22:37","guid":{"rendered":"http:\/\/www.imuntanya.com\/sin-categorizar\/puentes-peatonales-tres-modelos-imuntanya-adaptados-al-proyecto\/"},"modified":"2022-05-20T02:28:28","modified_gmt":"2022-05-20T00:28:28","slug":"puentes-peatonales-tres-modelos-imuntanya-adaptados-al-proyecto","status":"publish","type":"post","link":"http:\/\/www.imuntanya.com\/es\/blog\/puentes-peatonales-tres-modelos-imuntanya-adaptados-al-proyecto\/","title":{"rendered":"Puentes peatonales, tres modelos iMuntanya adaptados al proyecto"},"content":{"rendered":"<p>[et_pb_section fb_built=\u00bb1&#8243; _builder_version=\u00bb3.22&#8243; custom_margin=\u00bb0px|0px|0px|0px\u00bb custom_padding=\u00bb0px|0px|0px|0px\u00bb][et_pb_row _builder_version=\u00bb3.25&#8243;][et_pb_column type=\u00bb4_4&#8243; _builder_version=\u00bb3.25&#8243; custom_padding=\u00bb|||\u00bb custom_padding__hover=\u00bb|||\u00bb][et_pb_text admin_label=\u00bbText\u00bb _builder_version=\u00bb4.4.5&#8243; hover_enabled=\u00bb0&#8243;]<strong>Las pasarelas o puentes peatonales se construyen, por ejemplo, para ofrecer nuevas rutas para los senderistas conectando espacios separados por un barranco o r\u00edo, o para evitar el paso de los peatones y ciclistas por carreteras. Las razones para un puente son \u00fanicas en cada proyecto, pero con frecuencia tienen elementos en com\u00fan. En iMuntanya ofrecemos un punto de partida, nuestros <a href=\"http:\/\/www.imuntanya.com\/es\/puentes-colgantes\/\">Modelos<\/a>, y realizamos un trabajo detallado para responder a las necesidades de la infraestructura con la soluci\u00f3n m\u00e1s adecuada al entorno, uso y presupuesto.<\/strong><\/p>\n<p>En el inicio de 2022 hemos entregado tres pasarelas. Cada una parte de un Modelo de iMuntanya diferente, y responde a unas necesidades, entorno y uso diferente. Pero todas se convertir\u00e1n en un elemento arquitect\u00f3nico de valor patrimonial y tur\u00edstico, siendo un destino en s\u00ed mismo el cruzar un puente, detenerse a mirar c\u00f3mo transcurre el agua o disfrutar de observar el paisaje desde una mirada privilegiada.<\/p>\n<p>En el caso del puente de <strong>Barber\u00e0 del Vall\u00e8s<\/strong>, \u00e9ste forma parte de la apuesta del <a href=\"https:\/\/www.amb.cat\/s\/es\/home.html\">\u00c0rea Metropolitana de Barcelona<\/a> para mejorar la conectividad de la <a href=\"https:\/\/urbanisme.amb.cat\/es\/pdu-metropolita\/reptes-oportunitats\/infraestructura-verda\">infraestructura verda metropolitana.<\/a>\u00a0Adem\u00e1s, este paso para cruzar el r\u00edo Ripoll ha estado muy reclamando por los vecinos y el Ayuntamiento de Barber\u00e0 del Vall\u00e8s. Une el n\u00facleo urbano y el Mol\u00ed Vermell con el Castell de Barber\u00e0, ofreciendo a los ciudadanos una conexi\u00f3n con el espacio natural. Este puente parte del Modelo Atlas de iMuntanya y tiene una longitud de 84 metros y una plataforma de 1,5 metros de ancho. Con una plataforma de acero y madera, consta de anclajes en el terreno y micropilotes de 6, 8 y 12 metros de longitud. M\u00e1s informaci\u00f3n en nuestra <a href=\"http:\/\/www.imuntanya.com\/es\/pont-penjant\/5855\/\">ficha t\u00e9cnica<\/a>.<\/p>\n<div id=\"attachment_5953\" style=\"width: 710px\" class=\"wp-caption aligncenter\"><a href=\"http:\/\/www.imuntanya.com\/wp-content\/uploads\/2022\/05\/PP_2022_AMB-Barbera_web-1-700x470-1.jpg\" rel=\"lightbox-0\"><img loading=\"lazy\" decoding=\"async\" aria-describedby=\"caption-attachment-5953\" class=\"wp-image-5953 size-full\" src=\"http:\/\/www.imuntanya.com\/wp-content\/uploads\/2022\/05\/PP_2022_AMB-Barbera_web-1-700x470-1.jpg\" alt=\"Puente colgante peatonal, Barber\u00e0 del Vall\u00e8s\" width=\"700\" height=\"470\" srcset=\"http:\/\/www.imuntanya.com\/wp-content\/uploads\/2022\/05\/PP_2022_AMB-Barbera_web-1-700x470-1.jpg 700w, http:\/\/www.imuntanya.com\/wp-content\/uploads\/2022\/05\/PP_2022_AMB-Barbera_web-1-700x470-1-480x322.jpg 480w\" sizes=\"auto, (min-width: 0px) and (max-width: 480px) 480px, (min-width: 481px) 700px, 100vw\" \/><\/a><p id=\"caption-attachment-5953\" class=\"wp-caption-text\">Puente peatonal en los Humedales del Mol\u00ed Vermell, Barber\u00e0 del Vall\u00e8s<\/p><\/div>\n<p>En el v\u00eddeo un recorrido a esta pasarela:<\/p>\n<p><iframe loading=\"lazy\" title=\"iMuntanya \u00b7 Pont per a vianants i ciclistes sobre el riu Ripoll \/ Puente peatonal Barber\u00e0 del Vall\u00e8s\" width=\"1080\" height=\"608\" src=\"https:\/\/www.youtube.com\/embed\/-fq0Ni1OtHM?feature=oembed\" frameborder=\"0\" allow=\"accelerometer; autoplay; clipboard-write; encrypted-media; gyroscope; picture-in-picture\" allowfullscreen><\/iframe><\/p>\n<p>En la localidad de <strong>Saint Paul de Fenouillet<\/strong>, en los Pirineos Orientales franceses, la nueva pasarela de iMuntanya sustituye a un antiguo paso que fue destruido en crecida del r\u00edo Agly. Ofrece un pasaje seguro desde el pueblo al conocido emplazamiento tur\u00edstico de Las Gargantas de Galam\u00fas y es un proyecto promovido por el <a href=\"https:\/\/www.ledepartement66.fr\/\">Conseil D\u00e9partamental des Pyr\u00e9n\u00e9es-Orientales<\/a> i el <a href=\"http:\/\/www.st-paul66.com\">Ayuntamiento de Saint Paul de Fenouillet<\/a>. Tiene 30 metros de largo, 2 metros de ancho y la plataforma es de acero. Es un Modelo Carpat, con p\u00e9ndulas r\u00edgidas y anclajes de 8 metros.\u00a0M\u00e1s informaci\u00f3n en nuestra <a href=\"http:\/\/www.imuntanya.com\/es\/pont-penjant\/saint-paul-de-fenouillet-francia\/\">ficha t\u00e9cnica<\/a>.<\/p>\n<div id=\"attachment_5921\" style=\"width: 710px\" class=\"wp-caption aligncenter\"><a href=\"http:\/\/www.imuntanya.com\/wp-content\/uploads\/2022\/05\/PP_2022-SPaulFenouillet_pontpenjant_web4-700x470-2.jpg\" rel=\"lightbox-1\"><img loading=\"lazy\" decoding=\"async\" aria-describedby=\"caption-attachment-5921\" class=\"wp-image-5921 size-full\" src=\"http:\/\/www.imuntanya.com\/wp-content\/uploads\/2022\/05\/PP_2022-SPaulFenouillet_pontpenjant_web4-700x470-2.jpg\" alt=\"Pasarela peatonal en Saint Paul de Fenouillet, Francia\" width=\"700\" height=\"470\" srcset=\"http:\/\/www.imuntanya.com\/wp-content\/uploads\/2022\/05\/PP_2022-SPaulFenouillet_pontpenjant_web4-700x470-2.jpg 700w, http:\/\/www.imuntanya.com\/wp-content\/uploads\/2022\/05\/PP_2022-SPaulFenouillet_pontpenjant_web4-700x470-2-480x322.jpg 480w\" sizes=\"auto, (min-width: 0px) and (max-width: 480px) 480px, (min-width: 481px) 700px, 100vw\" \/><\/a><p id=\"caption-attachment-5921\" class=\"wp-caption-text\">La pasarela conecta el pueblo con las Gargantas de Galam\u00fas<\/p><\/div>\n<p>En <strong>Santa Mar\u00eda de Palautordera<\/strong>, Barcelona, la crecida del r\u00edo Tordera durante la Tormenta Gl\u00f2ria a inicios del a\u00f1o 2020 se llev\u00f3 el puente existente. Con la subvenci\u00f3n\u00a0<a href=\"https:\/\/www.diba.cat\/es\/\">Diputaci\u00f3n de Barcelona<\/a> y el apoyo del <a href=\"https:\/\/www.smpalautordera.cat\">Ayuntamiento de Santa Maria de Palautordera<\/a>, los habitantes y visitantes del pueblo recuperan un camino muy popular y disfrutan ya de esta nueva pasarela que une diferentes zonas de la poblaci\u00f3n. Con\u00a030 metros de largo y 1,5 metros de ancho, este puente Modelo Pirineos de iMuntanya tiene una plataforma de madera con p\u00e9ndulas flexibles y anclajes en el terreno de hasta 8 metros. M\u00e1s informaci\u00f3n en nuestra <a href=\"http:\/\/www.imuntanya.com\/es\/pont-penjant\/santa-maria-de-palautordera\/\">ficha t\u00e9cnica<\/a>.<\/p>\n<div class=\"B6fmyf\"><\/div>\n<div id=\"attachment_5792\" style=\"width: 710px\" class=\"wp-caption aligncenter\"><a href=\"http:\/\/www.imuntanya.com\/wp-content\/uploads\/2022\/03\/PP_2022-StaMariaPalautordera_pontpenjant_fitxa1-700x500-1.jpg\" rel=\"lightbox-2\"><img loading=\"lazy\" decoding=\"async\" aria-describedby=\"caption-attachment-5792\" class=\"wp-image-5792 size-full\" src=\"http:\/\/www.imuntanya.com\/wp-content\/uploads\/2022\/03\/PP_2022-StaMariaPalautordera_pontpenjant_fitxa1-700x500-1.jpg\" alt=\"Pont pi\u00e9tonnier de Santa Maria de Palautordera\" width=\"700\" height=\"470\" srcset=\"http:\/\/www.imuntanya.com\/wp-content\/uploads\/2022\/03\/PP_2022-StaMariaPalautordera_pontpenjant_fitxa1-700x500-1.jpg 700w, http:\/\/www.imuntanya.com\/wp-content\/uploads\/2022\/03\/PP_2022-StaMariaPalautordera_pontpenjant_fitxa1-700x500-1-480x322.jpg 480w\" sizes=\"auto, (min-width: 0px) and (max-width: 480px) 480px, (min-width: 481px) 700px, 100vw\" \/><\/a><p id=\"caption-attachment-5792\" class=\"wp-caption-text\">Pont suspendu de Santa Maria de Palautordera<\/p><\/div>\n<p>La pasarela de Barber\u00e0 del Vall\u00e8s en los medios de comunicaci\u00f3n:<\/p>\n<ul>\n<li>https:\/\/www.bdv.cat\/es\/noticies\/el-amb-comienza-la-construccion-de-la-primera-pasarela-colgante-para-peatones-sobre-el-rio<\/li>\n<li>https:\/\/www.elperiodico.cat\/ca\/barcelona\/20220301\/amb-inaugura-passarella-penjant-vianants-13307306<\/li>\n<li>https:\/\/www.elperiodico.com\/es\/barcelona\/20220301\/amb-inaugura-pasarela-colgante-peatones-13307306<\/li>\n<li>https:\/\/www.puntvalles.com\/noticies\/barbera-del-valles\/en-funcionament-la-primera-pasarella-penjant-sobre-el-riu-ripoll<\/li>\n<li>https:\/\/www.ccma.cat\/324\/el-riu-ripoll-estrena-la-seva-primera-passarella-penjant\/noticia\/3149209\/<\/li>\n<li>https:\/\/www.diaridesabadell.com\/2022\/03\/01\/el-riu-ripoll-estrena-la-seva-primera-passarella-penjant\/<\/li>\n<li>https:\/\/www.eltriangle.eu\/2022\/03\/04\/sinaugura-la-primera-passarella-penjant-per-a-vianants-sobre-el-riu-ripoll-a-barbera-del-valles\/<\/li>\n<\/ul>\n<p>[\/et_pb_text][\/et_pb_column][\/et_pb_row][\/et_pb_section]<\/p>\n","protected":false},"excerpt":{"rendered":"<p>Los Modelos de pasarelas peatonales y para ciclistas de iMuntanya son el punto de partida desde donde nos adaptamos a las necesidades de la infraestructura seg\u00fan el entorno, el uso y el presupuesto.<\/p>\n","protected":false},"author":2,"featured_media":5974,"comment_status":"open","ping_status":"open","sticky":false,"template":"","format":"standard","meta":{"_et_pb_use_builder":"on","_et_pb_old_content":"","_et_gb_content_width":"","footnotes":""},"categories":[68],"tags":[128],"class_list":["post-5957","post","type-post","status-publish","format-standard","has-post-thumbnail","hentry","category-blog","tag-puentes-colgantes"],"yoast_head":"<!-- This site is optimized with the Yoast SEO plugin v26.1.1 - https:\/\/yoast.com\/wordpress\/plugins\/seo\/ -->\n<title>Puentes peatonales, tres modelos iMuntanya adaptados al proyecto | imuntanya<\/title>\n<meta name=\"description\" content=\"Los Modelos de pasarelas peatonales y para ciclistas de iMuntanya son el punto de partida desde donde nos adaptamos a las necesidades de la infraestructura seg\u00fan el entorno, el uso y el presupuesto.\" \/>\n<meta name=\"robots\" content=\"index, follow, max-snippet:-1, max-image-preview:large, max-video-preview:-1\" \/>\n<link rel=\"canonical\" href=\"http:\/\/www.imuntanya.com\/blog\/passarelles-penjants-tres-models-adaptats-al-projecte\/\" \/>\n<meta property=\"og:locale\" content=\"es_ES\" \/>\n<meta property=\"og:type\" content=\"article\" \/>\n<meta property=\"og:title\" content=\"Puentes peatonales, tres modelos iMuntanya adaptados al proyecto | imuntanya\" \/>\n<meta property=\"og:description\" content=\"Los Modelos de pasarelas peatonales y para ciclistas de iMuntanya son el punto de partida desde donde nos adaptamos a las necesidades de la infraestructura seg\u00fan el entorno, el uso y el presupuesto.\" \/>\n<meta property=\"og:url\" content=\"http:\/\/www.imuntanya.com\/blog\/passarelles-penjants-tres-models-adaptats-al-projecte\/\" \/>\n<meta property=\"og:site_name\" content=\"imuntanya\" \/>\n<meta property=\"article:publisher\" content=\"https:\/\/www.facebook.com\/imuntanya\" \/>\n<meta property=\"article:published_time\" content=\"2022-05-05T00:22:37+00:00\" \/>\n<meta property=\"article:modified_time\" content=\"2022-05-20T00:28:28+00:00\" \/>\n<meta property=\"og:image\" content=\"http:\/\/www.imuntanya.com\/wp-content\/uploads\/2022\/05\/consPP_2022-Barbera-del-Valles_web-1-700x470-no-logo.jpg\" \/>\n\t<meta property=\"og:image:width\" content=\"700\" \/>\n\t<meta property=\"og:image:height\" content=\"470\" \/>\n\t<meta property=\"og:image:type\" content=\"image\/jpeg\" \/>\n<meta name=\"author\" content=\"Merc\u00e8 Pujol\" \/>\n<meta name=\"twitter:card\" content=\"summary_large_image\" \/>\n<meta name=\"twitter:creator\" content=\"@imuntanya15\" \/>\n<meta name=\"twitter:site\" content=\"@imuntanya15\" \/>\n<meta name=\"twitter:label1\" content=\"Escrito por\" \/>\n\t<meta name=\"twitter:data1\" content=\"Merc\u00e8 Pujol\" \/>\n\t<meta name=\"twitter:label2\" content=\"Tiempo de lectura\" \/>\n\t<meta name=\"twitter:data2\" content=\"3 minutos\" \/>\n<script type=\"application\/ld+json\" class=\"yoast-schema-graph\">{\"@context\":\"https:\/\/schema.org\",\"@graph\":[{\"@type\":\"Article\",\"@id\":\"http:\/\/www.imuntanya.com\/blog\/passarelles-penjants-tres-models-adaptats-al-projecte\/#article\",\"isPartOf\":{\"@id\":\"http:\/\/www.imuntanya.com\/blog\/passarelles-penjants-tres-models-adaptats-al-projecte\/\"},\"author\":{\"name\":\"Merc\u00e8 Pujol\",\"@id\":\"http:\/\/www.imuntanya.com\/#\/schema\/person\/c144fa172ac4fbfb4767af32d5acae8e\"},\"headline\":\"Puentes peatonales, tres modelos iMuntanya adaptados al proyecto\",\"datePublished\":\"2022-05-05T00:22:37+00:00\",\"dateModified\":\"2022-05-20T00:28:28+00:00\",\"mainEntityOfPage\":{\"@id\":\"http:\/\/www.imuntanya.com\/blog\/passarelles-penjants-tres-models-adaptats-al-projecte\/\"},\"wordCount\":696,\"commentCount\":0,\"publisher\":{\"@id\":\"http:\/\/www.imuntanya.com\/#organization\"},\"image\":{\"@id\":\"http:\/\/www.imuntanya.com\/blog\/passarelles-penjants-tres-models-adaptats-al-projecte\/#primaryimage\"},\"thumbnailUrl\":\"http:\/\/www.imuntanya.com\/wp-content\/uploads\/2022\/05\/consPP_2022-Barbera-del-Valles_web-1-700x470-no-logo.jpg\",\"keywords\":[\"Puentes colgantes\"],\"articleSection\":[\"Blog\"],\"inLanguage\":\"es\",\"potentialAction\":[{\"@type\":\"CommentAction\",\"name\":\"Comment\",\"target\":[\"http:\/\/www.imuntanya.com\/blog\/passarelles-penjants-tres-models-adaptats-al-projecte\/#respond\"]}]},{\"@type\":\"WebPage\",\"@id\":\"http:\/\/www.imuntanya.com\/blog\/passarelles-penjants-tres-models-adaptats-al-projecte\/\",\"url\":\"http:\/\/www.imuntanya.com\/blog\/passarelles-penjants-tres-models-adaptats-al-projecte\/\",\"name\":\"Puentes peatonales, tres modelos iMuntanya adaptados al proyecto | imuntanya\",\"isPartOf\":{\"@id\":\"http:\/\/www.imuntanya.com\/#website\"},\"primaryImageOfPage\":{\"@id\":\"http:\/\/www.imuntanya.com\/blog\/passarelles-penjants-tres-models-adaptats-al-projecte\/#primaryimage\"},\"image\":{\"@id\":\"http:\/\/www.imuntanya.com\/blog\/passarelles-penjants-tres-models-adaptats-al-projecte\/#primaryimage\"},\"thumbnailUrl\":\"http:\/\/www.imuntanya.com\/wp-content\/uploads\/2022\/05\/consPP_2022-Barbera-del-Valles_web-1-700x470-no-logo.jpg\",\"datePublished\":\"2022-05-05T00:22:37+00:00\",\"dateModified\":\"2022-05-20T00:28:28+00:00\",\"description\":\"Los Modelos de pasarelas peatonales y para ciclistas de iMuntanya son el punto de partida desde donde nos adaptamos a las necesidades de la infraestructura seg\u00fan el entorno, el uso y el presupuesto.\",\"breadcrumb\":{\"@id\":\"http:\/\/www.imuntanya.com\/blog\/passarelles-penjants-tres-models-adaptats-al-projecte\/#breadcrumb\"},\"inLanguage\":\"es\",\"potentialAction\":[{\"@type\":\"ReadAction\",\"target\":[\"http:\/\/www.imuntanya.com\/blog\/passarelles-penjants-tres-models-adaptats-al-projecte\/\"]}]},{\"@type\":\"ImageObject\",\"inLanguage\":\"es\",\"@id\":\"http:\/\/www.imuntanya.com\/blog\/passarelles-penjants-tres-models-adaptats-al-projecte\/#primaryimage\",\"url\":\"http:\/\/www.imuntanya.com\/wp-content\/uploads\/2022\/05\/consPP_2022-Barbera-del-Valles_web-1-700x470-no-logo.jpg\",\"contentUrl\":\"http:\/\/www.imuntanya.com\/wp-content\/uploads\/2022\/05\/consPP_2022-Barbera-del-Valles_web-1-700x470-no-logo.jpg\",\"width\":700,\"height\":470,\"caption\":\"Construcci\u00f3n de la pasarela colgante peatonal de Barber\u00e0 del Vall\u00e8s\"},{\"@type\":\"BreadcrumbList\",\"@id\":\"http:\/\/www.imuntanya.com\/blog\/passarelles-penjants-tres-models-adaptats-al-projecte\/#breadcrumb\",\"itemListElement\":[{\"@type\":\"ListItem\",\"position\":1,\"name\":\"Inici\",\"item\":\"http:\/\/www.imuntanya.com\/\"},{\"@type\":\"ListItem\",\"position\":2,\"name\":\"Puentes peatonales, tres modelos iMuntanya adaptados al proyecto\"}]},{\"@type\":\"WebSite\",\"@id\":\"http:\/\/www.imuntanya.com\/#website\",\"url\":\"http:\/\/www.imuntanya.com\/\",\"name\":\"iMuntanya\",\"description\":\"Infraestructures per alta muntanya i en zones de dif\u00edcil acc\u00e9s\",\"publisher\":{\"@id\":\"http:\/\/www.imuntanya.com\/#organization\"},\"potentialAction\":[{\"@type\":\"SearchAction\",\"target\":{\"@type\":\"EntryPoint\",\"urlTemplate\":\"http:\/\/www.imuntanya.com\/?s={search_term_string}\"},\"query-input\":{\"@type\":\"PropertyValueSpecification\",\"valueRequired\":true,\"valueName\":\"search_term_string\"}}],\"inLanguage\":\"es\"},{\"@type\":\"Organization\",\"@id\":\"http:\/\/www.imuntanya.com\/#organization\",\"name\":\"iMuntanya \u00b7 Infraestructures de Muntanya S.L.\",\"url\":\"http:\/\/www.imuntanya.com\/\",\"logo\":{\"@type\":\"ImageObject\",\"inLanguage\":\"es\",\"@id\":\"http:\/\/www.imuntanya.com\/#\/schema\/logo\/image\/\",\"url\":\"http:\/\/www.imuntanya.com\/wp-content\/uploads\/2019\/07\/imu-cat-2.png\",\"contentUrl\":\"http:\/\/www.imuntanya.com\/wp-content\/uploads\/2019\/07\/imu-cat-2.png\",\"width\":640,\"height\":83,\"caption\":\"iMuntanya \u00b7 Infraestructures de Muntanya S.L.\"},\"image\":{\"@id\":\"http:\/\/www.imuntanya.com\/#\/schema\/logo\/image\/\"},\"sameAs\":[\"https:\/\/www.facebook.com\/imuntanya\",\"https:\/\/x.com\/imuntanya15\",\"https:\/\/www.instagram.com\/imuntanya\/\",\"https:\/\/www.linkedin.com\/company\/imuntanya\/\",\"https:\/\/www.youtube.com\/user\/imuntanyaatyoutub\"]},{\"@type\":\"Person\",\"@id\":\"http:\/\/www.imuntanya.com\/#\/schema\/person\/c144fa172ac4fbfb4767af32d5acae8e\",\"name\":\"Merc\u00e8 Pujol\",\"image\":{\"@type\":\"ImageObject\",\"inLanguage\":\"es\",\"@id\":\"http:\/\/www.imuntanya.com\/#\/schema\/person\/image\/\",\"url\":\"https:\/\/secure.gravatar.com\/avatar\/10213c83b04e18e80603efc3add346a4f27921c505524ba24c92ebf7f86153a2?s=96&d=mm&r=g\",\"contentUrl\":\"https:\/\/secure.gravatar.com\/avatar\/10213c83b04e18e80603efc3add346a4f27921c505524ba24c92ebf7f86153a2?s=96&d=mm&r=g\",\"caption\":\"Merc\u00e8 Pujol\"},\"url\":\"http:\/\/www.imuntanya.com\/es\/author\/merce\/\"}]}<\/script>\n<!-- \/ Yoast SEO plugin. -->","yoast_head_json":{"title":"Puentes peatonales, tres modelos iMuntanya adaptados al proyecto | imuntanya","description":"Los Modelos de pasarelas peatonales y para ciclistas de iMuntanya son el punto de partida desde donde nos adaptamos a las necesidades de la infraestructura seg\u00fan el entorno, el uso y el presupuesto.","robots":{"index":"index","follow":"follow","max-snippet":"max-snippet:-1","max-image-preview":"max-image-preview:large","max-video-preview":"max-video-preview:-1"},"canonical":"http:\/\/www.imuntanya.com\/blog\/passarelles-penjants-tres-models-adaptats-al-projecte\/","og_locale":"es_ES","og_type":"article","og_title":"Puentes peatonales, tres modelos iMuntanya adaptados al proyecto | imuntanya","og_description":"Los Modelos de pasarelas peatonales y para ciclistas de iMuntanya son el punto de partida desde donde nos adaptamos a las necesidades de la infraestructura seg\u00fan el entorno, el uso y el presupuesto.","og_url":"http:\/\/www.imuntanya.com\/blog\/passarelles-penjants-tres-models-adaptats-al-projecte\/","og_site_name":"imuntanya","article_publisher":"https:\/\/www.facebook.com\/imuntanya","article_published_time":"2022-05-05T00:22:37+00:00","article_modified_time":"2022-05-20T00:28:28+00:00","og_image":[{"width":700,"height":470,"url":"http:\/\/www.imuntanya.com\/wp-content\/uploads\/2022\/05\/consPP_2022-Barbera-del-Valles_web-1-700x470-no-logo.jpg","type":"image\/jpeg"}],"author":"Merc\u00e8 Pujol","twitter_card":"summary_large_image","twitter_creator":"@imuntanya15","twitter_site":"@imuntanya15","twitter_misc":{"Escrito por":"Merc\u00e8 Pujol","Tiempo de lectura":"3 minutos"},"schema":{"@context":"https:\/\/schema.org","@graph":[{"@type":"Article","@id":"http:\/\/www.imuntanya.com\/blog\/passarelles-penjants-tres-models-adaptats-al-projecte\/#article","isPartOf":{"@id":"http:\/\/www.imuntanya.com\/blog\/passarelles-penjants-tres-models-adaptats-al-projecte\/"},"author":{"name":"Merc\u00e8 Pujol","@id":"http:\/\/www.imuntanya.com\/#\/schema\/person\/c144fa172ac4fbfb4767af32d5acae8e"},"headline":"Puentes peatonales, tres modelos iMuntanya adaptados al proyecto","datePublished":"2022-05-05T00:22:37+00:00","dateModified":"2022-05-20T00:28:28+00:00","mainEntityOfPage":{"@id":"http:\/\/www.imuntanya.com\/blog\/passarelles-penjants-tres-models-adaptats-al-projecte\/"},"wordCount":696,"commentCount":0,"publisher":{"@id":"http:\/\/www.imuntanya.com\/#organization"},"image":{"@id":"http:\/\/www.imuntanya.com\/blog\/passarelles-penjants-tres-models-adaptats-al-projecte\/#primaryimage"},"thumbnailUrl":"http:\/\/www.imuntanya.com\/wp-content\/uploads\/2022\/05\/consPP_2022-Barbera-del-Valles_web-1-700x470-no-logo.jpg","keywords":["Puentes colgantes"],"articleSection":["Blog"],"inLanguage":"es","potentialAction":[{"@type":"CommentAction","name":"Comment","target":["http:\/\/www.imuntanya.com\/blog\/passarelles-penjants-tres-models-adaptats-al-projecte\/#respond"]}]},{"@type":"WebPage","@id":"http:\/\/www.imuntanya.com\/blog\/passarelles-penjants-tres-models-adaptats-al-projecte\/","url":"http:\/\/www.imuntanya.com\/blog\/passarelles-penjants-tres-models-adaptats-al-projecte\/","name":"Puentes peatonales, tres modelos iMuntanya adaptados al proyecto | imuntanya","isPartOf":{"@id":"http:\/\/www.imuntanya.com\/#website"},"primaryImageOfPage":{"@id":"http:\/\/www.imuntanya.com\/blog\/passarelles-penjants-tres-models-adaptats-al-projecte\/#primaryimage"},"image":{"@id":"http:\/\/www.imuntanya.com\/blog\/passarelles-penjants-tres-models-adaptats-al-projecte\/#primaryimage"},"thumbnailUrl":"http:\/\/www.imuntanya.com\/wp-content\/uploads\/2022\/05\/consPP_2022-Barbera-del-Valles_web-1-700x470-no-logo.jpg","datePublished":"2022-05-05T00:22:37+00:00","dateModified":"2022-05-20T00:28:28+00:00","description":"Los Modelos de pasarelas peatonales y para ciclistas de iMuntanya son el punto de partida desde donde nos adaptamos a las necesidades de la infraestructura seg\u00fan el entorno, el uso y el presupuesto.","breadcrumb":{"@id":"http:\/\/www.imuntanya.com\/blog\/passarelles-penjants-tres-models-adaptats-al-projecte\/#breadcrumb"},"inLanguage":"es","potentialAction":[{"@type":"ReadAction","target":["http:\/\/www.imuntanya.com\/blog\/passarelles-penjants-tres-models-adaptats-al-projecte\/"]}]},{"@type":"ImageObject","inLanguage":"es","@id":"http:\/\/www.imuntanya.com\/blog\/passarelles-penjants-tres-models-adaptats-al-projecte\/#primaryimage","url":"http:\/\/www.imuntanya.com\/wp-content\/uploads\/2022\/05\/consPP_2022-Barbera-del-Valles_web-1-700x470-no-logo.jpg","contentUrl":"http:\/\/www.imuntanya.com\/wp-content\/uploads\/2022\/05\/consPP_2022-Barbera-del-Valles_web-1-700x470-no-logo.jpg","width":700,"height":470,"caption":"Construcci\u00f3n de la pasarela colgante peatonal de Barber\u00e0 del Vall\u00e8s"},{"@type":"BreadcrumbList","@id":"http:\/\/www.imuntanya.com\/blog\/passarelles-penjants-tres-models-adaptats-al-projecte\/#breadcrumb","itemListElement":[{"@type":"ListItem","position":1,"name":"Inici","item":"http:\/\/www.imuntanya.com\/"},{"@type":"ListItem","position":2,"name":"Puentes peatonales, tres modelos iMuntanya adaptados al proyecto"}]},{"@type":"WebSite","@id":"http:\/\/www.imuntanya.com\/#website","url":"http:\/\/www.imuntanya.com\/","name":"iMuntanya","description":"Infraestructures per alta muntanya i en zones de dif\u00edcil acc\u00e9s","publisher":{"@id":"http:\/\/www.imuntanya.com\/#organization"},"potentialAction":[{"@type":"SearchAction","target":{"@type":"EntryPoint","urlTemplate":"http:\/\/www.imuntanya.com\/?s={search_term_string}"},"query-input":{"@type":"PropertyValueSpecification","valueRequired":true,"valueName":"search_term_string"}}],"inLanguage":"es"},{"@type":"Organization","@id":"http:\/\/www.imuntanya.com\/#organization","name":"iMuntanya \u00b7 Infraestructures de Muntanya S.L.","url":"http:\/\/www.imuntanya.com\/","logo":{"@type":"ImageObject","inLanguage":"es","@id":"http:\/\/www.imuntanya.com\/#\/schema\/logo\/image\/","url":"http:\/\/www.imuntanya.com\/wp-content\/uploads\/2019\/07\/imu-cat-2.png","contentUrl":"http:\/\/www.imuntanya.com\/wp-content\/uploads\/2019\/07\/imu-cat-2.png","width":640,"height":83,"caption":"iMuntanya \u00b7 Infraestructures de Muntanya S.L."},"image":{"@id":"http:\/\/www.imuntanya.com\/#\/schema\/logo\/image\/"},"sameAs":["https:\/\/www.facebook.com\/imuntanya","https:\/\/x.com\/imuntanya15","https:\/\/www.instagram.com\/imuntanya\/","https:\/\/www.linkedin.com\/company\/imuntanya\/","https:\/\/www.youtube.com\/user\/imuntanyaatyoutub"]},{"@type":"Person","@id":"http:\/\/www.imuntanya.com\/#\/schema\/person\/c144fa172ac4fbfb4767af32d5acae8e","name":"Merc\u00e8 Pujol","image":{"@type":"ImageObject","inLanguage":"es","@id":"http:\/\/www.imuntanya.com\/#\/schema\/person\/image\/","url":"https:\/\/secure.gravatar.com\/avatar\/10213c83b04e18e80603efc3add346a4f27921c505524ba24c92ebf7f86153a2?s=96&d=mm&r=g","contentUrl":"https:\/\/secure.gravatar.com\/avatar\/10213c83b04e18e80603efc3add346a4f27921c505524ba24c92ebf7f86153a2?s=96&d=mm&r=g","caption":"Merc\u00e8 Pujol"},"url":"http:\/\/www.imuntanya.com\/es\/author\/merce\/"}]}},"_links":{"self":[{"href":"http:\/\/www.imuntanya.com\/es\/wp-json\/wp\/v2\/posts\/5957","targetHints":{"allow":["GET"]}}],"collection":[{"href":"http:\/\/www.imuntanya.com\/es\/wp-json\/wp\/v2\/posts"}],"about":[{"href":"http:\/\/www.imuntanya.com\/es\/wp-json\/wp\/v2\/types\/post"}],"author":[{"embeddable":true,"href":"http:\/\/www.imuntanya.com\/es\/wp-json\/wp\/v2\/users\/2"}],"replies":[{"embeddable":true,"href":"http:\/\/www.imuntanya.com\/es\/wp-json\/wp\/v2\/comments?post=5957"}],"version-history":[{"count":15,"href":"http:\/\/www.imuntanya.com\/es\/wp-json\/wp\/v2\/posts\/5957\/revisions"}],"predecessor-version":[{"id":6057,"href":"http:\/\/www.imuntanya.com\/es\/wp-json\/wp\/v2\/posts\/5957\/revisions\/6057"}],"wp:featuredmedia":[{"embeddable":true,"href":"http:\/\/www.imuntanya.com\/es\/wp-json\/wp\/v2\/media\/5974"}],"wp:attachment":[{"href":"http:\/\/www.imuntanya.com\/es\/wp-json\/wp\/v2\/media?parent=5957"}],"wp:term":[{"taxonomy":"category","embeddable":true,"href":"http:\/\/www.imuntanya.com\/es\/wp-json\/wp\/v2\/categories?post=5957"},{"taxonomy":"post_tag","embeddable":true,"href":"http:\/\/www.imuntanya.com\/es\/wp-json\/wp\/v2\/tags?post=5957"}],"curies":[{"name":"wp","href":"https:\/\/api.w.org\/{rel}","templated":true}]}}