{"id":1946,"date":"2018-07-12T16:10:04","date_gmt":"2018-07-12T14:10:04","guid":{"rendered":"http:\/\/www.imuntanya.com\/non-classifiee\/our-suspended-walkways-allow-a-safe-passage-on-the-cami-de-ronda-on-the-costa-brava\/"},"modified":"2019-07-16T03:29:53","modified_gmt":"2019-07-16T01:29:53","slug":"our-suspended-walkways-allow-a-safe-passage-on-the-cami-de-ronda-on-the-costa-brava","status":"publish","type":"post","link":"http:\/\/www.imuntanya.com\/fr\/blog-fr\/our-suspended-walkways-allow-a-safe-passage-on-the-cami-de-ronda-on-the-costa-brava\/","title":{"rendered":"Les passerelles en porte-\u00e0-faux permettent un passage en toute s\u00e9curit\u00e9 sur la Costa Brava"},"content":{"rendered":"<p>[et_pb_section bb_built=\u00a0\u00bb1&Prime; _builder_version=\u00a0\u00bb3.0.98&Prime; custom_margin=\u00a0\u00bb0px|0px|0px|0px\u00a0\u00bb custom_padding=\u00a0\u00bb0px|0px|0px|0px\u00a0\u00bb][et_pb_row _builder_version=\u00a0\u00bb3.0.98&Prime;][et_pb_column type=\u00a0\u00bb4_4&Prime;][et_pb_text _builder_version=\u00a0\u00bb3.17.6&Prime;]<\/p>\n<div>\n<p>Dans les villes c\u00f4ti\u00e8res de Platja d\u2019Aro et Tossa de Mar,\u00a0<a href=\"http:\/\/www.imuntanya.com\/\">iMuntanya<\/a>\u00a0a construit deux tron\u00e7ons de passerelles en porte-\u00e0-faux qui permettent de r\u00e9cup\u00e9rer et assurer des parties du populaire \u00ab Chemin de Ronde \u00bb.<\/p>\n<p>\u00c0 Platja d\u2019Aro, 40 m\u00e8tres ont \u00e9t\u00e9 install\u00e9s dans une zone de falaises o\u00f9 le sentier s\u2019\u00e9tait r\u00e9duit au point de pr\u00e9senter un danger pour le passage des personnes.<\/p>\n<p>Le haut niveau de d\u00e9gradation du mat\u00e9riel g\u00e9ologique de la zone supposait la disparition totale du chemin \u00e0 moyen terme. Les travaux ont redonn\u00e9 aux habitants et visiteurs une promenade avec des vues spectaculaires pour le plaisir de tous.<\/p>\n<p>Dans le cas de Tossa de Mar, un tron\u00e7on de 90 m\u00e8tres a permis de s\u00e9parer le \u00ab\u00a0Chemin de Ronde \u00bb du passage de v\u00e9hicules, offrant une option s\u00fbre pour les randonneurs avec une passerelle en porte-\u00e0-faux fix\u00e9e en profondeur dans le mur de la route. Le nouveau tron\u00e7on relie la population \u00e0 l\u2019urbanisation de Giverola.<\/p>\n<\/div>\n<div><a href=\"http:\/\/www.imuntanya.com\">iMuntanya<\/a> has built two sections of footbridges that allow us to recover and secure sections of the Cam\u00ed de Ronda to the towns of Playa de Aro and Tossa de Mar.<\/div>\n<div><img loading=\"lazy\" decoding=\"async\" class=\"wp-image-1076 aligncenter\" src=\"http:\/\/www.imuntanya.com\/wp-content\/uploads\/2018\/11\/consPV_2018_Platja-Aro-2018-1-300x225.jpg\" alt=\"\" width=\"324\" height=\"243\" srcset=\"http:\/\/www.imuntanya.com\/wp-content\/uploads\/2018\/11\/consPV_2018_Platja-Aro-2018-1-300x225.jpg 300w, http:\/\/www.imuntanya.com\/wp-content\/uploads\/2018\/11\/consPV_2018_Platja-Aro-2018-1-768x576.jpg 768w, http:\/\/www.imuntanya.com\/wp-content\/uploads\/2018\/11\/consPV_2018_Platja-Aro-2018-1-1024x768.jpg 1024w, http:\/\/www.imuntanya.com\/wp-content\/uploads\/2018\/11\/consPV_2018_Platja-Aro-2018-1-510x382.jpg 510w, http:\/\/www.imuntanya.com\/wp-content\/uploads\/2018\/11\/consPV_2018_Platja-Aro-2018-1-1080x810.jpg 1080w\" sizes=\"auto, (max-width: 324px) 100vw, 324px\" \/><\/div>\n<div>\n<p>Pendant la construction des passerelles en porte-\u00e0-faux<\/p>\n<\/div>\n<div><img loading=\"lazy\" decoding=\"async\" class=\"wp-image-1081 aligncenter\" src=\"http:\/\/www.imuntanya.com\/wp-content\/uploads\/2018\/11\/consPV_2018_Platja-Aro-2018-2-300x212.jpg\" alt=\"\" width=\"325\" height=\"230\" srcset=\"http:\/\/www.imuntanya.com\/wp-content\/uploads\/2018\/11\/consPV_2018_Platja-Aro-2018-2-300x212.jpg 300w, http:\/\/www.imuntanya.com\/wp-content\/uploads\/2018\/11\/consPV_2018_Platja-Aro-2018-2-768x543.jpg 768w, http:\/\/www.imuntanya.com\/wp-content\/uploads\/2018\/11\/consPV_2018_Platja-Aro-2018-2-1024x724.jpg 1024w, http:\/\/www.imuntanya.com\/wp-content\/uploads\/2018\/11\/consPV_2018_Platja-Aro-2018-2-400x284.jpg 400w, http:\/\/www.imuntanya.com\/wp-content\/uploads\/2018\/11\/consPV_2018_Platja-Aro-2018-2-1080x764.jpg 1080w\" sizes=\"auto, (max-width: 325px) 100vw, 325px\" \/><\/div>\n<div>\n<p>Les passerelles permettront aux pi\u00e9tons de profiter de la vue<\/p>\n<\/div>\n<div><\/div>\n<div><\/div>\n<div><\/div>\n<p>[\/et_pb_text][\/et_pb_column][\/et_pb_row][\/et_pb_section]<\/p>\n","protected":false},"excerpt":{"rendered":"<p>iMuntanya a construit deux tron\u00e7ons de passerelles en porte-\u00e0-faux qui permettent de r\u00e9cup\u00e9rer et assurer des parties du populaire \u00ab Chemin de Ronde \u00bb.<\/p>\n","protected":false},"author":2,"featured_media":1092,"comment_status":"open","ping_status":"open","sticky":false,"template":"","format":"standard","meta":{"_et_pb_use_builder":"on","_et_pb_old_content":"","_et_gb_content_width":"","footnotes":""},"categories":[124],"tags":[125],"class_list":["post-1946","post","type-post","status-publish","format-standard","has-post-thumbnail","hentry","category-blog-fr","tag-ponts-suspendus"],"yoast_head":"<!-- This site is optimized with the Yoast SEO plugin v26.1.1 - https:\/\/yoast.com\/wordpress\/plugins\/seo\/ -->\n<title>Les passerelles en porte-\u00e0-faux permettent un passage en toute s\u00e9curit\u00e9 sur la Costa Brava | imuntanya<\/title>\n<meta name=\"robots\" content=\"index, follow, max-snippet:-1, max-image-preview:large, max-video-preview:-1\" \/>\n<link rel=\"canonical\" href=\"http:\/\/www.imuntanya.com\/fr\/blog-fr\/our-suspended-walkways-allow-a-safe-passage-on-the-cami-de-ronda-on-the-costa-brava\/\" \/>\n<meta property=\"og:locale\" content=\"fr_FR\" \/>\n<meta property=\"og:type\" content=\"article\" \/>\n<meta property=\"og:title\" content=\"Les passerelles en porte-\u00e0-faux permettent un passage en toute s\u00e9curit\u00e9 sur la Costa Brava | imuntanya\" \/>\n<meta property=\"og:description\" content=\"iMuntanya a construit deux tron\u00e7ons de passerelles en porte-\u00e0-faux qui permettent de r\u00e9cup\u00e9rer et assurer des parties du populaire \u00ab Chemin de Ronde \u00bb.\" \/>\n<meta property=\"og:url\" content=\"http:\/\/www.imuntanya.com\/fr\/blog-fr\/our-suspended-walkways-allow-a-safe-passage-on-the-cami-de-ronda-on-the-costa-brava\/\" \/>\n<meta property=\"og:site_name\" content=\"imuntanya\" \/>\n<meta property=\"article:publisher\" content=\"https:\/\/www.facebook.com\/imuntanya\" \/>\n<meta property=\"article:published_time\" content=\"2018-07-12T14:10:04+00:00\" \/>\n<meta property=\"article:modified_time\" content=\"2019-07-16T01:29:53+00:00\" \/>\n<meta property=\"og:image\" content=\"http:\/\/www.imuntanya.com\/wp-content\/uploads\/2018\/07\/PV_2018_Tossa-2018-4.jpg\" \/>\n\t<meta property=\"og:image:width\" content=\"1600\" \/>\n\t<meta property=\"og:image:height\" content=\"959\" \/>\n\t<meta property=\"og:image:type\" content=\"image\/jpeg\" \/>\n<meta name=\"author\" content=\"Merc\u00e8 Pujol\" \/>\n<meta name=\"twitter:card\" content=\"summary_large_image\" \/>\n<meta name=\"twitter:creator\" content=\"@imuntanya15\" \/>\n<meta name=\"twitter:site\" content=\"@imuntanya15\" \/>\n<meta name=\"twitter:label1\" content=\"\u00c9crit par\" \/>\n\t<meta name=\"twitter:data1\" content=\"Merc\u00e8 Pujol\" \/>\n\t<meta name=\"twitter:label2\" content=\"Dur\u00e9e de lecture estim\u00e9e\" \/>\n\t<meta name=\"twitter:data2\" content=\"1 minute\" \/>\n<script type=\"application\/ld+json\" class=\"yoast-schema-graph\">{\"@context\":\"https:\/\/schema.org\",\"@graph\":[{\"@type\":\"Article\",\"@id\":\"http:\/\/www.imuntanya.com\/fr\/blog-fr\/our-suspended-walkways-allow-a-safe-passage-on-the-cami-de-ronda-on-the-costa-brava\/#article\",\"isPartOf\":{\"@id\":\"http:\/\/www.imuntanya.com\/fr\/blog-fr\/our-suspended-walkways-allow-a-safe-passage-on-the-cami-de-ronda-on-the-costa-brava\/\"},\"author\":{\"name\":\"Merc\u00e8 Pujol\",\"@id\":\"http:\/\/www.imuntanya.com\/#\/schema\/person\/c144fa172ac4fbfb4767af32d5acae8e\"},\"headline\":\"Les passerelles en porte-\u00e0-faux permettent un passage en toute s\u00e9curit\u00e9 sur la Costa Brava\",\"datePublished\":\"2018-07-12T14:10:04+00:00\",\"dateModified\":\"2019-07-16T01:29:53+00:00\",\"mainEntityOfPage\":{\"@id\":\"http:\/\/www.imuntanya.com\/fr\/blog-fr\/our-suspended-walkways-allow-a-safe-passage-on-the-cami-de-ronda-on-the-costa-brava\/\"},\"wordCount\":287,\"commentCount\":0,\"publisher\":{\"@id\":\"http:\/\/www.imuntanya.com\/#organization\"},\"image\":{\"@id\":\"http:\/\/www.imuntanya.com\/fr\/blog-fr\/our-suspended-walkways-allow-a-safe-passage-on-the-cami-de-ronda-on-the-costa-brava\/#primaryimage\"},\"thumbnailUrl\":\"http:\/\/www.imuntanya.com\/wp-content\/uploads\/2018\/07\/PV_2018_Tossa-2018-4.jpg\",\"keywords\":[\"Ponts Suspendus\"],\"articleSection\":[\"Blog\"],\"inLanguage\":\"fr-FR\",\"potentialAction\":[{\"@type\":\"CommentAction\",\"name\":\"Comment\",\"target\":[\"http:\/\/www.imuntanya.com\/fr\/blog-fr\/our-suspended-walkways-allow-a-safe-passage-on-the-cami-de-ronda-on-the-costa-brava\/#respond\"]}]},{\"@type\":\"WebPage\",\"@id\":\"http:\/\/www.imuntanya.com\/fr\/blog-fr\/our-suspended-walkways-allow-a-safe-passage-on-the-cami-de-ronda-on-the-costa-brava\/\",\"url\":\"http:\/\/www.imuntanya.com\/fr\/blog-fr\/our-suspended-walkways-allow-a-safe-passage-on-the-cami-de-ronda-on-the-costa-brava\/\",\"name\":\"Les passerelles en porte-\u00e0-faux permettent un passage en toute s\u00e9curit\u00e9 sur la Costa Brava | imuntanya\",\"isPartOf\":{\"@id\":\"http:\/\/www.imuntanya.com\/#website\"},\"primaryImageOfPage\":{\"@id\":\"http:\/\/www.imuntanya.com\/fr\/blog-fr\/our-suspended-walkways-allow-a-safe-passage-on-the-cami-de-ronda-on-the-costa-brava\/#primaryimage\"},\"image\":{\"@id\":\"http:\/\/www.imuntanya.com\/fr\/blog-fr\/our-suspended-walkways-allow-a-safe-passage-on-the-cami-de-ronda-on-the-costa-brava\/#primaryimage\"},\"thumbnailUrl\":\"http:\/\/www.imuntanya.com\/wp-content\/uploads\/2018\/07\/PV_2018_Tossa-2018-4.jpg\",\"datePublished\":\"2018-07-12T14:10:04+00:00\",\"dateModified\":\"2019-07-16T01:29:53+00:00\",\"breadcrumb\":{\"@id\":\"http:\/\/www.imuntanya.com\/fr\/blog-fr\/our-suspended-walkways-allow-a-safe-passage-on-the-cami-de-ronda-on-the-costa-brava\/#breadcrumb\"},\"inLanguage\":\"fr-FR\",\"potentialAction\":[{\"@type\":\"ReadAction\",\"target\":[\"http:\/\/www.imuntanya.com\/fr\/blog-fr\/our-suspended-walkways-allow-a-safe-passage-on-the-cami-de-ronda-on-the-costa-brava\/\"]}]},{\"@type\":\"ImageObject\",\"inLanguage\":\"fr-FR\",\"@id\":\"http:\/\/www.imuntanya.com\/fr\/blog-fr\/our-suspended-walkways-allow-a-safe-passage-on-the-cami-de-ronda-on-the-costa-brava\/#primaryimage\",\"url\":\"http:\/\/www.imuntanya.com\/wp-content\/uploads\/2018\/07\/PV_2018_Tossa-2018-4.jpg\",\"contentUrl\":\"http:\/\/www.imuntanya.com\/wp-content\/uploads\/2018\/07\/PV_2018_Tossa-2018-4.jpg\",\"width\":1600,\"height\":959,\"caption\":\"Vorejant la carretera, la passarel\u00b7la permet als vianants seguir el cam\u00ed de ronda evitant el pas pel vial i gaudir alhora d'unes vistes \u00faniques.\"},{\"@type\":\"BreadcrumbList\",\"@id\":\"http:\/\/www.imuntanya.com\/fr\/blog-fr\/our-suspended-walkways-allow-a-safe-passage-on-the-cami-de-ronda-on-the-costa-brava\/#breadcrumb\",\"itemListElement\":[{\"@type\":\"ListItem\",\"position\":1,\"name\":\"Inici\",\"item\":\"http:\/\/www.imuntanya.com\/fr\/\"},{\"@type\":\"ListItem\",\"position\":2,\"name\":\"Les passerelles en porte-\u00e0-faux permettent un passage en toute s\u00e9curit\u00e9 sur la Costa Brava\"}]},{\"@type\":\"WebSite\",\"@id\":\"http:\/\/www.imuntanya.com\/#website\",\"url\":\"http:\/\/www.imuntanya.com\/\",\"name\":\"iMuntanya\",\"description\":\"Infraestructures per alta muntanya i en zones de dif\u00edcil acc\u00e9s\",\"publisher\":{\"@id\":\"http:\/\/www.imuntanya.com\/#organization\"},\"potentialAction\":[{\"@type\":\"SearchAction\",\"target\":{\"@type\":\"EntryPoint\",\"urlTemplate\":\"http:\/\/www.imuntanya.com\/?s={search_term_string}\"},\"query-input\":{\"@type\":\"PropertyValueSpecification\",\"valueRequired\":true,\"valueName\":\"search_term_string\"}}],\"inLanguage\":\"fr-FR\"},{\"@type\":\"Organization\",\"@id\":\"http:\/\/www.imuntanya.com\/#organization\",\"name\":\"iMuntanya \u00b7 Infraestructures de Muntanya S.L.\",\"url\":\"http:\/\/www.imuntanya.com\/\",\"logo\":{\"@type\":\"ImageObject\",\"inLanguage\":\"fr-FR\",\"@id\":\"http:\/\/www.imuntanya.com\/#\/schema\/logo\/image\/\",\"url\":\"http:\/\/www.imuntanya.com\/wp-content\/uploads\/2019\/07\/imu-cat-2.png\",\"contentUrl\":\"http:\/\/www.imuntanya.com\/wp-content\/uploads\/2019\/07\/imu-cat-2.png\",\"width\":640,\"height\":83,\"caption\":\"iMuntanya \u00b7 Infraestructures de Muntanya S.L.\"},\"image\":{\"@id\":\"http:\/\/www.imuntanya.com\/#\/schema\/logo\/image\/\"},\"sameAs\":[\"https:\/\/www.facebook.com\/imuntanya\",\"https:\/\/x.com\/imuntanya15\",\"https:\/\/www.instagram.com\/imuntanya\/\",\"https:\/\/www.linkedin.com\/company\/imuntanya\/\",\"https:\/\/www.youtube.com\/user\/imuntanyaatyoutub\"]},{\"@type\":\"Person\",\"@id\":\"http:\/\/www.imuntanya.com\/#\/schema\/person\/c144fa172ac4fbfb4767af32d5acae8e\",\"name\":\"Merc\u00e8 Pujol\",\"image\":{\"@type\":\"ImageObject\",\"inLanguage\":\"fr-FR\",\"@id\":\"http:\/\/www.imuntanya.com\/#\/schema\/person\/image\/\",\"url\":\"https:\/\/secure.gravatar.com\/avatar\/10213c83b04e18e80603efc3add346a4f27921c505524ba24c92ebf7f86153a2?s=96&d=mm&r=g\",\"contentUrl\":\"https:\/\/secure.gravatar.com\/avatar\/10213c83b04e18e80603efc3add346a4f27921c505524ba24c92ebf7f86153a2?s=96&d=mm&r=g\",\"caption\":\"Merc\u00e8 Pujol\"},\"url\":\"http:\/\/www.imuntanya.com\/fr\/author\/merce\/\"}]}<\/script>\n<!-- \/ Yoast SEO plugin. -->","yoast_head_json":{"title":"Les passerelles en porte-\u00e0-faux permettent un passage en toute s\u00e9curit\u00e9 sur la Costa Brava | imuntanya","robots":{"index":"index","follow":"follow","max-snippet":"max-snippet:-1","max-image-preview":"max-image-preview:large","max-video-preview":"max-video-preview:-1"},"canonical":"http:\/\/www.imuntanya.com\/fr\/blog-fr\/our-suspended-walkways-allow-a-safe-passage-on-the-cami-de-ronda-on-the-costa-brava\/","og_locale":"fr_FR","og_type":"article","og_title":"Les passerelles en porte-\u00e0-faux permettent un passage en toute s\u00e9curit\u00e9 sur la Costa Brava | imuntanya","og_description":"iMuntanya a construit deux tron\u00e7ons de passerelles en porte-\u00e0-faux qui permettent de r\u00e9cup\u00e9rer et assurer des parties du populaire \u00ab Chemin de Ronde \u00bb.","og_url":"http:\/\/www.imuntanya.com\/fr\/blog-fr\/our-suspended-walkways-allow-a-safe-passage-on-the-cami-de-ronda-on-the-costa-brava\/","og_site_name":"imuntanya","article_publisher":"https:\/\/www.facebook.com\/imuntanya","article_published_time":"2018-07-12T14:10:04+00:00","article_modified_time":"2019-07-16T01:29:53+00:00","og_image":[{"width":1600,"height":959,"url":"http:\/\/www.imuntanya.com\/wp-content\/uploads\/2018\/07\/PV_2018_Tossa-2018-4.jpg","type":"image\/jpeg"}],"author":"Merc\u00e8 Pujol","twitter_card":"summary_large_image","twitter_creator":"@imuntanya15","twitter_site":"@imuntanya15","twitter_misc":{"\u00c9crit par":"Merc\u00e8 Pujol","Dur\u00e9e de lecture estim\u00e9e":"1 minute"},"schema":{"@context":"https:\/\/schema.org","@graph":[{"@type":"Article","@id":"http:\/\/www.imuntanya.com\/fr\/blog-fr\/our-suspended-walkways-allow-a-safe-passage-on-the-cami-de-ronda-on-the-costa-brava\/#article","isPartOf":{"@id":"http:\/\/www.imuntanya.com\/fr\/blog-fr\/our-suspended-walkways-allow-a-safe-passage-on-the-cami-de-ronda-on-the-costa-brava\/"},"author":{"name":"Merc\u00e8 Pujol","@id":"http:\/\/www.imuntanya.com\/#\/schema\/person\/c144fa172ac4fbfb4767af32d5acae8e"},"headline":"Les passerelles en porte-\u00e0-faux permettent un passage en toute s\u00e9curit\u00e9 sur la Costa Brava","datePublished":"2018-07-12T14:10:04+00:00","dateModified":"2019-07-16T01:29:53+00:00","mainEntityOfPage":{"@id":"http:\/\/www.imuntanya.com\/fr\/blog-fr\/our-suspended-walkways-allow-a-safe-passage-on-the-cami-de-ronda-on-the-costa-brava\/"},"wordCount":287,"commentCount":0,"publisher":{"@id":"http:\/\/www.imuntanya.com\/#organization"},"image":{"@id":"http:\/\/www.imuntanya.com\/fr\/blog-fr\/our-suspended-walkways-allow-a-safe-passage-on-the-cami-de-ronda-on-the-costa-brava\/#primaryimage"},"thumbnailUrl":"http:\/\/www.imuntanya.com\/wp-content\/uploads\/2018\/07\/PV_2018_Tossa-2018-4.jpg","keywords":["Ponts Suspendus"],"articleSection":["Blog"],"inLanguage":"fr-FR","potentialAction":[{"@type":"CommentAction","name":"Comment","target":["http:\/\/www.imuntanya.com\/fr\/blog-fr\/our-suspended-walkways-allow-a-safe-passage-on-the-cami-de-ronda-on-the-costa-brava\/#respond"]}]},{"@type":"WebPage","@id":"http:\/\/www.imuntanya.com\/fr\/blog-fr\/our-suspended-walkways-allow-a-safe-passage-on-the-cami-de-ronda-on-the-costa-brava\/","url":"http:\/\/www.imuntanya.com\/fr\/blog-fr\/our-suspended-walkways-allow-a-safe-passage-on-the-cami-de-ronda-on-the-costa-brava\/","name":"Les passerelles en porte-\u00e0-faux permettent un passage en toute s\u00e9curit\u00e9 sur la Costa Brava | imuntanya","isPartOf":{"@id":"http:\/\/www.imuntanya.com\/#website"},"primaryImageOfPage":{"@id":"http:\/\/www.imuntanya.com\/fr\/blog-fr\/our-suspended-walkways-allow-a-safe-passage-on-the-cami-de-ronda-on-the-costa-brava\/#primaryimage"},"image":{"@id":"http:\/\/www.imuntanya.com\/fr\/blog-fr\/our-suspended-walkways-allow-a-safe-passage-on-the-cami-de-ronda-on-the-costa-brava\/#primaryimage"},"thumbnailUrl":"http:\/\/www.imuntanya.com\/wp-content\/uploads\/2018\/07\/PV_2018_Tossa-2018-4.jpg","datePublished":"2018-07-12T14:10:04+00:00","dateModified":"2019-07-16T01:29:53+00:00","breadcrumb":{"@id":"http:\/\/www.imuntanya.com\/fr\/blog-fr\/our-suspended-walkways-allow-a-safe-passage-on-the-cami-de-ronda-on-the-costa-brava\/#breadcrumb"},"inLanguage":"fr-FR","potentialAction":[{"@type":"ReadAction","target":["http:\/\/www.imuntanya.com\/fr\/blog-fr\/our-suspended-walkways-allow-a-safe-passage-on-the-cami-de-ronda-on-the-costa-brava\/"]}]},{"@type":"ImageObject","inLanguage":"fr-FR","@id":"http:\/\/www.imuntanya.com\/fr\/blog-fr\/our-suspended-walkways-allow-a-safe-passage-on-the-cami-de-ronda-on-the-costa-brava\/#primaryimage","url":"http:\/\/www.imuntanya.com\/wp-content\/uploads\/2018\/07\/PV_2018_Tossa-2018-4.jpg","contentUrl":"http:\/\/www.imuntanya.com\/wp-content\/uploads\/2018\/07\/PV_2018_Tossa-2018-4.jpg","width":1600,"height":959,"caption":"Vorejant la carretera, la passarel\u00b7la permet als vianants seguir el cam\u00ed de ronda evitant el pas pel vial i gaudir alhora d'unes vistes \u00faniques."},{"@type":"BreadcrumbList","@id":"http:\/\/www.imuntanya.com\/fr\/blog-fr\/our-suspended-walkways-allow-a-safe-passage-on-the-cami-de-ronda-on-the-costa-brava\/#breadcrumb","itemListElement":[{"@type":"ListItem","position":1,"name":"Inici","item":"http:\/\/www.imuntanya.com\/fr\/"},{"@type":"ListItem","position":2,"name":"Les passerelles en porte-\u00e0-faux permettent un passage en toute s\u00e9curit\u00e9 sur la Costa Brava"}]},{"@type":"WebSite","@id":"http:\/\/www.imuntanya.com\/#website","url":"http:\/\/www.imuntanya.com\/","name":"iMuntanya","description":"Infraestructures per alta muntanya i en zones de dif\u00edcil acc\u00e9s","publisher":{"@id":"http:\/\/www.imuntanya.com\/#organization"},"potentialAction":[{"@type":"SearchAction","target":{"@type":"EntryPoint","urlTemplate":"http:\/\/www.imuntanya.com\/?s={search_term_string}"},"query-input":{"@type":"PropertyValueSpecification","valueRequired":true,"valueName":"search_term_string"}}],"inLanguage":"fr-FR"},{"@type":"Organization","@id":"http:\/\/www.imuntanya.com\/#organization","name":"iMuntanya \u00b7 Infraestructures de Muntanya S.L.","url":"http:\/\/www.imuntanya.com\/","logo":{"@type":"ImageObject","inLanguage":"fr-FR","@id":"http:\/\/www.imuntanya.com\/#\/schema\/logo\/image\/","url":"http:\/\/www.imuntanya.com\/wp-content\/uploads\/2019\/07\/imu-cat-2.png","contentUrl":"http:\/\/www.imuntanya.com\/wp-content\/uploads\/2019\/07\/imu-cat-2.png","width":640,"height":83,"caption":"iMuntanya \u00b7 Infraestructures de Muntanya S.L."},"image":{"@id":"http:\/\/www.imuntanya.com\/#\/schema\/logo\/image\/"},"sameAs":["https:\/\/www.facebook.com\/imuntanya","https:\/\/x.com\/imuntanya15","https:\/\/www.instagram.com\/imuntanya\/","https:\/\/www.linkedin.com\/company\/imuntanya\/","https:\/\/www.youtube.com\/user\/imuntanyaatyoutub"]},{"@type":"Person","@id":"http:\/\/www.imuntanya.com\/#\/schema\/person\/c144fa172ac4fbfb4767af32d5acae8e","name":"Merc\u00e8 Pujol","image":{"@type":"ImageObject","inLanguage":"fr-FR","@id":"http:\/\/www.imuntanya.com\/#\/schema\/person\/image\/","url":"https:\/\/secure.gravatar.com\/avatar\/10213c83b04e18e80603efc3add346a4f27921c505524ba24c92ebf7f86153a2?s=96&d=mm&r=g","contentUrl":"https:\/\/secure.gravatar.com\/avatar\/10213c83b04e18e80603efc3add346a4f27921c505524ba24c92ebf7f86153a2?s=96&d=mm&r=g","caption":"Merc\u00e8 Pujol"},"url":"http:\/\/www.imuntanya.com\/fr\/author\/merce\/"}]}},"_links":{"self":[{"href":"http:\/\/www.imuntanya.com\/fr\/wp-json\/wp\/v2\/posts\/1946","targetHints":{"allow":["GET"]}}],"collection":[{"href":"http:\/\/www.imuntanya.com\/fr\/wp-json\/wp\/v2\/posts"}],"about":[{"href":"http:\/\/www.imuntanya.com\/fr\/wp-json\/wp\/v2\/types\/post"}],"author":[{"embeddable":true,"href":"http:\/\/www.imuntanya.com\/fr\/wp-json\/wp\/v2\/users\/2"}],"replies":[{"embeddable":true,"href":"http:\/\/www.imuntanya.com\/fr\/wp-json\/wp\/v2\/comments?post=1946"}],"version-history":[{"count":7,"href":"http:\/\/www.imuntanya.com\/fr\/wp-json\/wp\/v2\/posts\/1946\/revisions"}],"predecessor-version":[{"id":2329,"href":"http:\/\/www.imuntanya.com\/fr\/wp-json\/wp\/v2\/posts\/1946\/revisions\/2329"}],"wp:featuredmedia":[{"embeddable":true,"href":"http:\/\/www.imuntanya.com\/fr\/wp-json\/wp\/v2\/media\/1092"}],"wp:attachment":[{"href":"http:\/\/www.imuntanya.com\/fr\/wp-json\/wp\/v2\/media?parent=1946"}],"wp:term":[{"taxonomy":"category","embeddable":true,"href":"http:\/\/www.imuntanya.com\/fr\/wp-json\/wp\/v2\/categories?post=1946"},{"taxonomy":"post_tag","embeddable":true,"href":"http:\/\/www.imuntanya.com\/fr\/wp-json\/wp\/v2\/tags?post=1946"}],"curies":[{"name":"wp","href":"https:\/\/api.w.org\/{rel}","templated":true}]}}