{"id":1952,"date":"2016-07-01T16:10:46","date_gmt":"2016-07-01T14:10:46","guid":{"rendered":"http:\/\/www.imuntanya.com\/non-classifiee\/official-inauguration-of-the-windsor-suspended-bridge-in-gibraltar\/"},"modified":"2019-07-16T03:02:00","modified_gmt":"2019-07-16T01:02:00","slug":"official-inauguration-of-the-windsor-suspended-bridge-in-gibraltar","status":"publish","type":"post","link":"http:\/\/www.imuntanya.com\/fr\/blog-fr\/official-inauguration-of-the-windsor-suspended-bridge-in-gibraltar\/","title":{"rendered":"Inauguration du pont suspendu \u00ab Windsor \u00bb \u00e0 Gibraltar"},"content":{"rendered":"<p>[et_pb_section bb_built=\u00a0\u00bb1&Prime; _builder_version=\u00a0\u00bb3.0.98&Prime; custom_margin=\u00a0\u00bb0px|0px|0px|0px\u00a0\u00bb custom_padding=\u00a0\u00bb0px|0px|0px|0px\u00a0\u00bb inner_width=\u00a0\u00bbauto\u00a0\u00bb inner_max_width=\u00a0\u00bb1366px\u00a0\u00bb][et_pb_row _builder_version=\u00a0\u00bb3.0.98&Prime; width=\u00a0\u00bb80%\u00a0\u00bb max_width=\u00a0\u00bb1366px\u00a0\u00bb][et_pb_column type=\u00a0\u00bb4_4&Prime; custom_padding__hover=\u00a0\u00bb|||\u00a0\u00bb custom_padding=\u00a0\u00bb|||\u00a0\u00bb][et_pb_text _builder_version=\u00a0\u00bb3.25.4&Prime; text_text_shadow_horizontal_length=\u00a0\u00bbtext_text_shadow_style,%91object Object%93&Prime; text_text_shadow_horizontal_length_tablet=\u00a0\u00bb0px\u00a0\u00bb text_text_shadow_vertical_length=\u00a0\u00bbtext_text_shadow_style,%91object Object%93&Prime; text_text_shadow_vertical_length_tablet=\u00a0\u00bb0px\u00a0\u00bb text_text_shadow_blur_strength=\u00a0\u00bbtext_text_shadow_style,%91object Object%93&Prime; text_text_shadow_blur_strength_tablet=\u00a0\u00bb1px\u00a0\u00bb link_text_shadow_horizontal_length=\u00a0\u00bblink_text_shadow_style,%91object Object%93&Prime; link_text_shadow_horizontal_length_tablet=\u00a0\u00bb0px\u00a0\u00bb link_text_shadow_vertical_length=\u00a0\u00bblink_text_shadow_style,%91object Object%93&Prime; link_text_shadow_vertical_length_tablet=\u00a0\u00bb0px\u00a0\u00bb link_text_shadow_blur_strength=\u00a0\u00bblink_text_shadow_style,%91object Object%93&Prime; link_text_shadow_blur_strength_tablet=\u00a0\u00bb1px\u00a0\u00bb ul_text_shadow_horizontal_length=\u00a0\u00bbul_text_shadow_style,%91object Object%93&Prime; ul_text_shadow_horizontal_length_tablet=\u00a0\u00bb0px\u00a0\u00bb ul_text_shadow_vertical_length=\u00a0\u00bbul_text_shadow_style,%91object Object%93&Prime; ul_text_shadow_vertical_length_tablet=\u00a0\u00bb0px\u00a0\u00bb ul_text_shadow_blur_strength=\u00a0\u00bbul_text_shadow_style,%91object Object%93&Prime; ul_text_shadow_blur_strength_tablet=\u00a0\u00bb1px\u00a0\u00bb ol_text_shadow_horizontal_length=\u00a0\u00bbol_text_shadow_style,%91object Object%93&Prime; ol_text_shadow_horizontal_length_tablet=\u00a0\u00bb0px\u00a0\u00bb ol_text_shadow_vertical_length=\u00a0\u00bbol_text_shadow_style,%91object Object%93&Prime; ol_text_shadow_vertical_length_tablet=\u00a0\u00bb0px\u00a0\u00bb ol_text_shadow_blur_strength=\u00a0\u00bbol_text_shadow_style,%91object Object%93&Prime; ol_text_shadow_blur_strength_tablet=\u00a0\u00bb1px\u00a0\u00bb quote_text_shadow_horizontal_length=\u00a0\u00bbquote_text_shadow_style,%91object Object%93&Prime; quote_text_shadow_horizontal_length_tablet=\u00a0\u00bb0px\u00a0\u00bb quote_text_shadow_vertical_length=\u00a0\u00bbquote_text_shadow_style,%91object Object%93&Prime; quote_text_shadow_vertical_length_tablet=\u00a0\u00bb0px\u00a0\u00bb quote_text_shadow_blur_strength=\u00a0\u00bbquote_text_shadow_style,%91object Object%93&Prime; quote_text_shadow_blur_strength_tablet=\u00a0\u00bb1px\u00a0\u00bb header_text_shadow_horizontal_length=\u00a0\u00bbheader_text_shadow_style,%91object Object%93&Prime; header_text_shadow_horizontal_length_tablet=\u00a0\u00bb0px\u00a0\u00bb header_text_shadow_vertical_length=\u00a0\u00bbheader_text_shadow_style,%91object Object%93&Prime; header_text_shadow_vertical_length_tablet=\u00a0\u00bb0px\u00a0\u00bb header_text_shadow_blur_strength=\u00a0\u00bbheader_text_shadow_style,%91object Object%93&Prime; header_text_shadow_blur_strength_tablet=\u00a0\u00bb1px\u00a0\u00bb header_2_text_shadow_horizontal_length=\u00a0\u00bbheader_2_text_shadow_style,%91object Object%93&Prime; header_2_text_shadow_horizontal_length_tablet=\u00a0\u00bb0px\u00a0\u00bb header_2_text_shadow_vertical_length=\u00a0\u00bbheader_2_text_shadow_style,%91object Object%93&Prime; header_2_text_shadow_vertical_length_tablet=\u00a0\u00bb0px\u00a0\u00bb header_2_text_shadow_blur_strength=\u00a0\u00bbheader_2_text_shadow_style,%91object Object%93&Prime; header_2_text_shadow_blur_strength_tablet=\u00a0\u00bb1px\u00a0\u00bb header_3_text_shadow_horizontal_length=\u00a0\u00bbheader_3_text_shadow_style,%91object Object%93&Prime; header_3_text_shadow_horizontal_length_tablet=\u00a0\u00bb0px\u00a0\u00bb header_3_text_shadow_vertical_length=\u00a0\u00bbheader_3_text_shadow_style,%91object Object%93&Prime; header_3_text_shadow_vertical_length_tablet=\u00a0\u00bb0px\u00a0\u00bb header_3_text_shadow_blur_strength=\u00a0\u00bbheader_3_text_shadow_style,%91object Object%93&Prime; header_3_text_shadow_blur_strength_tablet=\u00a0\u00bb1px\u00a0\u00bb header_4_text_shadow_horizontal_length=\u00a0\u00bbheader_4_text_shadow_style,%91object Object%93&Prime; header_4_text_shadow_horizontal_length_tablet=\u00a0\u00bb0px\u00a0\u00bb header_4_text_shadow_vertical_length=\u00a0\u00bbheader_4_text_shadow_style,%91object Object%93&Prime; header_4_text_shadow_vertical_length_tablet=\u00a0\u00bb0px\u00a0\u00bb header_4_text_shadow_blur_strength=\u00a0\u00bbheader_4_text_shadow_style,%91object Object%93&Prime; header_4_text_shadow_blur_strength_tablet=\u00a0\u00bb1px\u00a0\u00bb header_5_text_shadow_horizontal_length=\u00a0\u00bbheader_5_text_shadow_style,%91object Object%93&Prime; header_5_text_shadow_horizontal_length_tablet=\u00a0\u00bb0px\u00a0\u00bb header_5_text_shadow_vertical_length=\u00a0\u00bbheader_5_text_shadow_style,%91object Object%93&Prime; header_5_text_shadow_vertical_length_tablet=\u00a0\u00bb0px\u00a0\u00bb header_5_text_shadow_blur_strength=\u00a0\u00bbheader_5_text_shadow_style,%91object Object%93&Prime; header_5_text_shadow_blur_strength_tablet=\u00a0\u00bb1px\u00a0\u00bb header_6_text_shadow_horizontal_length=\u00a0\u00bbheader_6_text_shadow_style,%91object Object%93&Prime; header_6_text_shadow_horizontal_length_tablet=\u00a0\u00bb0px\u00a0\u00bb header_6_text_shadow_vertical_length=\u00a0\u00bbheader_6_text_shadow_style,%91object Object%93&Prime; header_6_text_shadow_vertical_length_tablet=\u00a0\u00bb0px\u00a0\u00bb header_6_text_shadow_blur_strength=\u00a0\u00bbheader_6_text_shadow_style,%91object Object%93&Prime; header_6_text_shadow_blur_strength_tablet=\u00a0\u00bb1px\u00a0\u00bb box_shadow_horizontal_tablet=\u00a0\u00bb0px\u00a0\u00bb box_shadow_vertical_tablet=\u00a0\u00bb0px\u00a0\u00bb box_shadow_blur_tablet=\u00a0\u00bb40px\u00a0\u00bb box_shadow_spread_tablet=\u00a0\u00bb0px\u00a0\u00bb z_index_tablet=\u00a0\u00bb500&Prime;]<\/p>\n<p>Le pont suspendu \u00ab Windsor \u00bb de Gibraltar dont la conception, la fabrication et le montage ont \u00e9t\u00e9 \u00e0 charge d\u2019iMuntanya a \u00e9t\u00e9 inaugur\u00e9 publiquement. La difficult\u00e9 de l\u2019emplacement du pont, qui ne permettait l\u2019acc\u00e8s ni avec des machines ni en h\u00e9licopt\u00e8re fut la raison principale pour laquelle les autorit\u00e9s de Gibraltar ont confi\u00e9 le travail \u00e0 nos techniciens et notre personnel sp\u00e9cialis\u00e9.<\/p>\n<p>Le pont a \u00e9t\u00e9 con\u00e7u comme une partie du programme d\u2019am\u00e9lioration de la zone d\u2019Upper Rock, cette passerelle \u00e9tant le principal attrait pour le tourisme. La construction du pont a permis de mettre en valeur un ensemble de sentiers qui ont \u00e9t\u00e9 adapt\u00e9s pour un usage familial avec la mise en place de panneaux d\u2019information. Gr\u00e2ce \u00e0 ce pont, des zones d\u2019int\u00e9r\u00eat historique ont \u00e9t\u00e9 rouvertes au public, encourageant ainsi le tourisme, et comme l\u2019a dit la Ministre du Tourisme Samantha Sacramento \u00ab le pont est un attrait novateur, s\u2019agissant d\u2019un produit magnifique et d\u2019une merveilleuse am\u00e9lioration pour Gibraltar. \u00bb<\/p>\n<p>Le pont suspendu d\u2019iMuntanya, Mod\u00e8le Pyr\u00e9n\u00e9es de 80 m\u00e8tres de long et au-dessus des gorges de 50 m\u00e8tres, offre aux r\u00e9sidents et touristes, avec les promenades et sentiers restaur\u00e9s, l\u2019occasion d\u2019exp\u00e9rimenter un nouveau Gibraltar, et s\u2019adresse \u00e0 un public qui demande plus d\u2019opportunit\u00e9s de loisirs dans la nature comme des itin\u00e9raires de randonn\u00e9e.<\/p>\n<p>La passerelle a \u00e9t\u00e9 inaugur\u00e9e officiellement par le \u00ab Chief Minister \u00bb Fabian Picardo le mercredi 22 juin.<\/p>\n<p>L\u2019information de l\u2019inauguration a eu une grande r\u00e9percussion dans les m\u00e9dias locaux:\u00a0Yourgibraltartv, Euroweeklynews, GBC, Gibraltar_chronicle et\u00a0<a href=\"https:\/\/www.lonelyplanet.com\/news\/2016\/06\/22\/gibraltars-first-suspension-bridge-windsor-bridge\/\">Lonelyplanet<\/a>.<\/p>\n<p>[\/et_pb_text][\/et_pb_column][\/et_pb_row][\/et_pb_section]<\/p>\n","protected":false},"excerpt":{"rendered":"<p>Le pont suspendu \u00ab Windsor \u00bb de Gibraltar dont la conception, la fabrication et le montage ont \u00e9t\u00e9 \u00e0 charge d\u2019iMuntanya a \u00e9t\u00e9 inaugur\u00e9 publiquement.<\/p>\n","protected":false},"author":1,"featured_media":377,"comment_status":"open","ping_status":"open","sticky":false,"template":"","format":"standard","meta":{"_et_pb_use_builder":"on","_et_pb_old_content":"","_et_gb_content_width":"","footnotes":""},"categories":[124],"tags":[125],"class_list":["post-1952","post","type-post","status-publish","format-standard","has-post-thumbnail","hentry","category-blog-fr","tag-ponts-suspendus"],"yoast_head":"<!-- This site is optimized with the Yoast SEO plugin v26.1.1 - https:\/\/yoast.com\/wordpress\/plugins\/seo\/ -->\n<title>Inauguration du pont suspendu \u00ab Windsor \u00bb \u00e0 Gibraltar | imuntanya<\/title>\n<meta name=\"robots\" content=\"index, follow, max-snippet:-1, max-image-preview:large, max-video-preview:-1\" \/>\n<link rel=\"canonical\" href=\"http:\/\/www.imuntanya.com\/fr\/blog-fr\/official-inauguration-of-the-windsor-suspended-bridge-in-gibraltar\/\" \/>\n<meta property=\"og:locale\" content=\"fr_FR\" \/>\n<meta property=\"og:type\" content=\"article\" \/>\n<meta property=\"og:title\" content=\"Inauguration du pont suspendu \u00ab Windsor \u00bb \u00e0 Gibraltar | imuntanya\" \/>\n<meta property=\"og:description\" content=\"Le pont suspendu \u00ab Windsor \u00bb de Gibraltar dont la conception, la fabrication et le montage ont \u00e9t\u00e9 \u00e0 charge d\u2019iMuntanya a \u00e9t\u00e9 inaugur\u00e9 publiquement.\" \/>\n<meta property=\"og:url\" content=\"http:\/\/www.imuntanya.com\/fr\/blog-fr\/official-inauguration-of-the-windsor-suspended-bridge-in-gibraltar\/\" \/>\n<meta property=\"og:site_name\" content=\"imuntanya\" \/>\n<meta property=\"article:publisher\" content=\"https:\/\/www.facebook.com\/imuntanya\" \/>\n<meta property=\"article:published_time\" content=\"2016-07-01T14:10:46+00:00\" \/>\n<meta property=\"article:modified_time\" content=\"2019-07-16T01:02:00+00:00\" \/>\n<meta property=\"og:image\" content=\"http:\/\/www.imuntanya.com\/wp-content\/uploads\/2018\/09\/noticiaGibraltar.jpg\" \/>\n\t<meta property=\"og:image:width\" content=\"500\" \/>\n\t<meta property=\"og:image:height\" content=\"335\" \/>\n\t<meta property=\"og:image:type\" content=\"image\/jpeg\" \/>\n<meta name=\"author\" content=\"adm1n1muntanya\" \/>\n<meta name=\"twitter:card\" content=\"summary_large_image\" \/>\n<meta name=\"twitter:creator\" content=\"@imuntanya15\" \/>\n<meta name=\"twitter:site\" content=\"@imuntanya15\" \/>\n<meta name=\"twitter:label1\" content=\"\u00c9crit par\" \/>\n\t<meta name=\"twitter:data1\" content=\"adm1n1muntanya\" \/>\n\t<meta name=\"twitter:label2\" content=\"Dur\u00e9e de lecture estim\u00e9e\" \/>\n\t<meta name=\"twitter:data2\" content=\"5 minutes\" \/>\n<script type=\"application\/ld+json\" class=\"yoast-schema-graph\">{\"@context\":\"https:\/\/schema.org\",\"@graph\":[{\"@type\":\"Article\",\"@id\":\"http:\/\/www.imuntanya.com\/fr\/blog-fr\/official-inauguration-of-the-windsor-suspended-bridge-in-gibraltar\/#article\",\"isPartOf\":{\"@id\":\"http:\/\/www.imuntanya.com\/fr\/blog-fr\/official-inauguration-of-the-windsor-suspended-bridge-in-gibraltar\/\"},\"author\":{\"name\":\"adm1n1muntanya\",\"@id\":\"http:\/\/www.imuntanya.com\/#\/schema\/person\/379f5e5a53850bb56e0a50c87a42c54f\"},\"headline\":\"Inauguration du pont suspendu \u00ab Windsor \u00bb \u00e0 Gibraltar\",\"datePublished\":\"2016-07-01T14:10:46+00:00\",\"dateModified\":\"2019-07-16T01:02:00+00:00\",\"mainEntityOfPage\":{\"@id\":\"http:\/\/www.imuntanya.com\/fr\/blog-fr\/official-inauguration-of-the-windsor-suspended-bridge-in-gibraltar\/\"},\"wordCount\":968,\"commentCount\":0,\"publisher\":{\"@id\":\"http:\/\/www.imuntanya.com\/#organization\"},\"image\":{\"@id\":\"http:\/\/www.imuntanya.com\/fr\/blog-fr\/official-inauguration-of-the-windsor-suspended-bridge-in-gibraltar\/#primaryimage\"},\"thumbnailUrl\":\"http:\/\/www.imuntanya.com\/wp-content\/uploads\/2018\/09\/noticiaGibraltar.jpg\",\"keywords\":[\"Ponts Suspendus\"],\"articleSection\":[\"Blog\"],\"inLanguage\":\"fr-FR\",\"potentialAction\":[{\"@type\":\"CommentAction\",\"name\":\"Comment\",\"target\":[\"http:\/\/www.imuntanya.com\/fr\/blog-fr\/official-inauguration-of-the-windsor-suspended-bridge-in-gibraltar\/#respond\"]}]},{\"@type\":\"WebPage\",\"@id\":\"http:\/\/www.imuntanya.com\/fr\/blog-fr\/official-inauguration-of-the-windsor-suspended-bridge-in-gibraltar\/\",\"url\":\"http:\/\/www.imuntanya.com\/fr\/blog-fr\/official-inauguration-of-the-windsor-suspended-bridge-in-gibraltar\/\",\"name\":\"Inauguration du pont suspendu \u00ab Windsor \u00bb \u00e0 Gibraltar | imuntanya\",\"isPartOf\":{\"@id\":\"http:\/\/www.imuntanya.com\/#website\"},\"primaryImageOfPage\":{\"@id\":\"http:\/\/www.imuntanya.com\/fr\/blog-fr\/official-inauguration-of-the-windsor-suspended-bridge-in-gibraltar\/#primaryimage\"},\"image\":{\"@id\":\"http:\/\/www.imuntanya.com\/fr\/blog-fr\/official-inauguration-of-the-windsor-suspended-bridge-in-gibraltar\/#primaryimage\"},\"thumbnailUrl\":\"http:\/\/www.imuntanya.com\/wp-content\/uploads\/2018\/09\/noticiaGibraltar.jpg\",\"datePublished\":\"2016-07-01T14:10:46+00:00\",\"dateModified\":\"2019-07-16T01:02:00+00:00\",\"breadcrumb\":{\"@id\":\"http:\/\/www.imuntanya.com\/fr\/blog-fr\/official-inauguration-of-the-windsor-suspended-bridge-in-gibraltar\/#breadcrumb\"},\"inLanguage\":\"fr-FR\",\"potentialAction\":[{\"@type\":\"ReadAction\",\"target\":[\"http:\/\/www.imuntanya.com\/fr\/blog-fr\/official-inauguration-of-the-windsor-suspended-bridge-in-gibraltar\/\"]}]},{\"@type\":\"ImageObject\",\"inLanguage\":\"fr-FR\",\"@id\":\"http:\/\/www.imuntanya.com\/fr\/blog-fr\/official-inauguration-of-the-windsor-suspended-bridge-in-gibraltar\/#primaryimage\",\"url\":\"http:\/\/www.imuntanya.com\/wp-content\/uploads\/2018\/09\/noticiaGibraltar.jpg\",\"contentUrl\":\"http:\/\/www.imuntanya.com\/wp-content\/uploads\/2018\/09\/noticiaGibraltar.jpg\",\"width\":500,\"height\":335,\"caption\":\"Pyrenees Model of an iMuntanya bridge in Gibraltar, UK.\"},{\"@type\":\"BreadcrumbList\",\"@id\":\"http:\/\/www.imuntanya.com\/fr\/blog-fr\/official-inauguration-of-the-windsor-suspended-bridge-in-gibraltar\/#breadcrumb\",\"itemListElement\":[{\"@type\":\"ListItem\",\"position\":1,\"name\":\"Inici\",\"item\":\"http:\/\/www.imuntanya.com\/fr\/\"},{\"@type\":\"ListItem\",\"position\":2,\"name\":\"Inauguration du pont suspendu \u00ab Windsor \u00bb \u00e0 Gibraltar\"}]},{\"@type\":\"WebSite\",\"@id\":\"http:\/\/www.imuntanya.com\/#website\",\"url\":\"http:\/\/www.imuntanya.com\/\",\"name\":\"iMuntanya\",\"description\":\"Infraestructures per alta muntanya i en zones de dif\u00edcil acc\u00e9s\",\"publisher\":{\"@id\":\"http:\/\/www.imuntanya.com\/#organization\"},\"potentialAction\":[{\"@type\":\"SearchAction\",\"target\":{\"@type\":\"EntryPoint\",\"urlTemplate\":\"http:\/\/www.imuntanya.com\/?s={search_term_string}\"},\"query-input\":{\"@type\":\"PropertyValueSpecification\",\"valueRequired\":true,\"valueName\":\"search_term_string\"}}],\"inLanguage\":\"fr-FR\"},{\"@type\":\"Organization\",\"@id\":\"http:\/\/www.imuntanya.com\/#organization\",\"name\":\"iMuntanya \u00b7 Infraestructures de Muntanya S.L.\",\"url\":\"http:\/\/www.imuntanya.com\/\",\"logo\":{\"@type\":\"ImageObject\",\"inLanguage\":\"fr-FR\",\"@id\":\"http:\/\/www.imuntanya.com\/#\/schema\/logo\/image\/\",\"url\":\"http:\/\/www.imuntanya.com\/wp-content\/uploads\/2019\/07\/imu-cat-2.png\",\"contentUrl\":\"http:\/\/www.imuntanya.com\/wp-content\/uploads\/2019\/07\/imu-cat-2.png\",\"width\":640,\"height\":83,\"caption\":\"iMuntanya \u00b7 Infraestructures de Muntanya S.L.\"},\"image\":{\"@id\":\"http:\/\/www.imuntanya.com\/#\/schema\/logo\/image\/\"},\"sameAs\":[\"https:\/\/www.facebook.com\/imuntanya\",\"https:\/\/x.com\/imuntanya15\",\"https:\/\/www.instagram.com\/imuntanya\/\",\"https:\/\/www.linkedin.com\/company\/imuntanya\/\",\"https:\/\/www.youtube.com\/user\/imuntanyaatyoutub\"]},{\"@type\":\"Person\",\"@id\":\"http:\/\/www.imuntanya.com\/#\/schema\/person\/379f5e5a53850bb56e0a50c87a42c54f\",\"name\":\"adm1n1muntanya\",\"image\":{\"@type\":\"ImageObject\",\"inLanguage\":\"fr-FR\",\"@id\":\"http:\/\/www.imuntanya.com\/#\/schema\/person\/image\/\",\"url\":\"https:\/\/secure.gravatar.com\/avatar\/5acdb0ad6f3fd923216e34258e2814fe57b02f42fe7c6b4847d528101da6e9ff?s=96&d=mm&r=g\",\"contentUrl\":\"https:\/\/secure.gravatar.com\/avatar\/5acdb0ad6f3fd923216e34258e2814fe57b02f42fe7c6b4847d528101da6e9ff?s=96&d=mm&r=g\",\"caption\":\"adm1n1muntanya\"},\"url\":\"http:\/\/www.imuntanya.com\/fr\/author\/adm1n1muntanya\/\"}]}<\/script>\n<!-- \/ Yoast SEO plugin. -->","yoast_head_json":{"title":"Inauguration du pont suspendu \u00ab Windsor \u00bb \u00e0 Gibraltar | imuntanya","robots":{"index":"index","follow":"follow","max-snippet":"max-snippet:-1","max-image-preview":"max-image-preview:large","max-video-preview":"max-video-preview:-1"},"canonical":"http:\/\/www.imuntanya.com\/fr\/blog-fr\/official-inauguration-of-the-windsor-suspended-bridge-in-gibraltar\/","og_locale":"fr_FR","og_type":"article","og_title":"Inauguration du pont suspendu \u00ab Windsor \u00bb \u00e0 Gibraltar | imuntanya","og_description":"Le pont suspendu \u00ab Windsor \u00bb de Gibraltar dont la conception, la fabrication et le montage ont \u00e9t\u00e9 \u00e0 charge d\u2019iMuntanya a \u00e9t\u00e9 inaugur\u00e9 publiquement.","og_url":"http:\/\/www.imuntanya.com\/fr\/blog-fr\/official-inauguration-of-the-windsor-suspended-bridge-in-gibraltar\/","og_site_name":"imuntanya","article_publisher":"https:\/\/www.facebook.com\/imuntanya","article_published_time":"2016-07-01T14:10:46+00:00","article_modified_time":"2019-07-16T01:02:00+00:00","og_image":[{"width":500,"height":335,"url":"http:\/\/www.imuntanya.com\/wp-content\/uploads\/2018\/09\/noticiaGibraltar.jpg","type":"image\/jpeg"}],"author":"adm1n1muntanya","twitter_card":"summary_large_image","twitter_creator":"@imuntanya15","twitter_site":"@imuntanya15","twitter_misc":{"\u00c9crit par":"adm1n1muntanya","Dur\u00e9e de lecture estim\u00e9e":"5 minutes"},"schema":{"@context":"https:\/\/schema.org","@graph":[{"@type":"Article","@id":"http:\/\/www.imuntanya.com\/fr\/blog-fr\/official-inauguration-of-the-windsor-suspended-bridge-in-gibraltar\/#article","isPartOf":{"@id":"http:\/\/www.imuntanya.com\/fr\/blog-fr\/official-inauguration-of-the-windsor-suspended-bridge-in-gibraltar\/"},"author":{"name":"adm1n1muntanya","@id":"http:\/\/www.imuntanya.com\/#\/schema\/person\/379f5e5a53850bb56e0a50c87a42c54f"},"headline":"Inauguration du pont suspendu \u00ab Windsor \u00bb \u00e0 Gibraltar","datePublished":"2016-07-01T14:10:46+00:00","dateModified":"2019-07-16T01:02:00+00:00","mainEntityOfPage":{"@id":"http:\/\/www.imuntanya.com\/fr\/blog-fr\/official-inauguration-of-the-windsor-suspended-bridge-in-gibraltar\/"},"wordCount":968,"commentCount":0,"publisher":{"@id":"http:\/\/www.imuntanya.com\/#organization"},"image":{"@id":"http:\/\/www.imuntanya.com\/fr\/blog-fr\/official-inauguration-of-the-windsor-suspended-bridge-in-gibraltar\/#primaryimage"},"thumbnailUrl":"http:\/\/www.imuntanya.com\/wp-content\/uploads\/2018\/09\/noticiaGibraltar.jpg","keywords":["Ponts Suspendus"],"articleSection":["Blog"],"inLanguage":"fr-FR","potentialAction":[{"@type":"CommentAction","name":"Comment","target":["http:\/\/www.imuntanya.com\/fr\/blog-fr\/official-inauguration-of-the-windsor-suspended-bridge-in-gibraltar\/#respond"]}]},{"@type":"WebPage","@id":"http:\/\/www.imuntanya.com\/fr\/blog-fr\/official-inauguration-of-the-windsor-suspended-bridge-in-gibraltar\/","url":"http:\/\/www.imuntanya.com\/fr\/blog-fr\/official-inauguration-of-the-windsor-suspended-bridge-in-gibraltar\/","name":"Inauguration du pont suspendu \u00ab Windsor \u00bb \u00e0 Gibraltar | imuntanya","isPartOf":{"@id":"http:\/\/www.imuntanya.com\/#website"},"primaryImageOfPage":{"@id":"http:\/\/www.imuntanya.com\/fr\/blog-fr\/official-inauguration-of-the-windsor-suspended-bridge-in-gibraltar\/#primaryimage"},"image":{"@id":"http:\/\/www.imuntanya.com\/fr\/blog-fr\/official-inauguration-of-the-windsor-suspended-bridge-in-gibraltar\/#primaryimage"},"thumbnailUrl":"http:\/\/www.imuntanya.com\/wp-content\/uploads\/2018\/09\/noticiaGibraltar.jpg","datePublished":"2016-07-01T14:10:46+00:00","dateModified":"2019-07-16T01:02:00+00:00","breadcrumb":{"@id":"http:\/\/www.imuntanya.com\/fr\/blog-fr\/official-inauguration-of-the-windsor-suspended-bridge-in-gibraltar\/#breadcrumb"},"inLanguage":"fr-FR","potentialAction":[{"@type":"ReadAction","target":["http:\/\/www.imuntanya.com\/fr\/blog-fr\/official-inauguration-of-the-windsor-suspended-bridge-in-gibraltar\/"]}]},{"@type":"ImageObject","inLanguage":"fr-FR","@id":"http:\/\/www.imuntanya.com\/fr\/blog-fr\/official-inauguration-of-the-windsor-suspended-bridge-in-gibraltar\/#primaryimage","url":"http:\/\/www.imuntanya.com\/wp-content\/uploads\/2018\/09\/noticiaGibraltar.jpg","contentUrl":"http:\/\/www.imuntanya.com\/wp-content\/uploads\/2018\/09\/noticiaGibraltar.jpg","width":500,"height":335,"caption":"Pyrenees Model of an iMuntanya bridge in Gibraltar, UK."},{"@type":"BreadcrumbList","@id":"http:\/\/www.imuntanya.com\/fr\/blog-fr\/official-inauguration-of-the-windsor-suspended-bridge-in-gibraltar\/#breadcrumb","itemListElement":[{"@type":"ListItem","position":1,"name":"Inici","item":"http:\/\/www.imuntanya.com\/fr\/"},{"@type":"ListItem","position":2,"name":"Inauguration du pont suspendu \u00ab Windsor \u00bb \u00e0 Gibraltar"}]},{"@type":"WebSite","@id":"http:\/\/www.imuntanya.com\/#website","url":"http:\/\/www.imuntanya.com\/","name":"iMuntanya","description":"Infraestructures per alta muntanya i en zones de dif\u00edcil acc\u00e9s","publisher":{"@id":"http:\/\/www.imuntanya.com\/#organization"},"potentialAction":[{"@type":"SearchAction","target":{"@type":"EntryPoint","urlTemplate":"http:\/\/www.imuntanya.com\/?s={search_term_string}"},"query-input":{"@type":"PropertyValueSpecification","valueRequired":true,"valueName":"search_term_string"}}],"inLanguage":"fr-FR"},{"@type":"Organization","@id":"http:\/\/www.imuntanya.com\/#organization","name":"iMuntanya \u00b7 Infraestructures de Muntanya S.L.","url":"http:\/\/www.imuntanya.com\/","logo":{"@type":"ImageObject","inLanguage":"fr-FR","@id":"http:\/\/www.imuntanya.com\/#\/schema\/logo\/image\/","url":"http:\/\/www.imuntanya.com\/wp-content\/uploads\/2019\/07\/imu-cat-2.png","contentUrl":"http:\/\/www.imuntanya.com\/wp-content\/uploads\/2019\/07\/imu-cat-2.png","width":640,"height":83,"caption":"iMuntanya \u00b7 Infraestructures de Muntanya S.L."},"image":{"@id":"http:\/\/www.imuntanya.com\/#\/schema\/logo\/image\/"},"sameAs":["https:\/\/www.facebook.com\/imuntanya","https:\/\/x.com\/imuntanya15","https:\/\/www.instagram.com\/imuntanya\/","https:\/\/www.linkedin.com\/company\/imuntanya\/","https:\/\/www.youtube.com\/user\/imuntanyaatyoutub"]},{"@type":"Person","@id":"http:\/\/www.imuntanya.com\/#\/schema\/person\/379f5e5a53850bb56e0a50c87a42c54f","name":"adm1n1muntanya","image":{"@type":"ImageObject","inLanguage":"fr-FR","@id":"http:\/\/www.imuntanya.com\/#\/schema\/person\/image\/","url":"https:\/\/secure.gravatar.com\/avatar\/5acdb0ad6f3fd923216e34258e2814fe57b02f42fe7c6b4847d528101da6e9ff?s=96&d=mm&r=g","contentUrl":"https:\/\/secure.gravatar.com\/avatar\/5acdb0ad6f3fd923216e34258e2814fe57b02f42fe7c6b4847d528101da6e9ff?s=96&d=mm&r=g","caption":"adm1n1muntanya"},"url":"http:\/\/www.imuntanya.com\/fr\/author\/adm1n1muntanya\/"}]}},"_links":{"self":[{"href":"http:\/\/www.imuntanya.com\/fr\/wp-json\/wp\/v2\/posts\/1952","targetHints":{"allow":["GET"]}}],"collection":[{"href":"http:\/\/www.imuntanya.com\/fr\/wp-json\/wp\/v2\/posts"}],"about":[{"href":"http:\/\/www.imuntanya.com\/fr\/wp-json\/wp\/v2\/types\/post"}],"author":[{"embeddable":true,"href":"http:\/\/www.imuntanya.com\/fr\/wp-json\/wp\/v2\/users\/1"}],"replies":[{"embeddable":true,"href":"http:\/\/www.imuntanya.com\/fr\/wp-json\/wp\/v2\/comments?post=1952"}],"version-history":[{"count":5,"href":"http:\/\/www.imuntanya.com\/fr\/wp-json\/wp\/v2\/posts\/1952\/revisions"}],"predecessor-version":[{"id":2317,"href":"http:\/\/www.imuntanya.com\/fr\/wp-json\/wp\/v2\/posts\/1952\/revisions\/2317"}],"wp:featuredmedia":[{"embeddable":true,"href":"http:\/\/www.imuntanya.com\/fr\/wp-json\/wp\/v2\/media\/377"}],"wp:attachment":[{"href":"http:\/\/www.imuntanya.com\/fr\/wp-json\/wp\/v2\/media?parent=1952"}],"wp:term":[{"taxonomy":"category","embeddable":true,"href":"http:\/\/www.imuntanya.com\/fr\/wp-json\/wp\/v2\/categories?post=1952"},{"taxonomy":"post_tag","embeddable":true,"href":"http:\/\/www.imuntanya.com\/fr\/wp-json\/wp\/v2\/tags?post=1952"}],"curies":[{"name":"wp","href":"https:\/\/api.w.org\/{rel}","templated":true}]}}