{"id":1972,"date":"2015-09-10T16:30:33","date_gmt":"2015-09-10T14:30:33","guid":{"rendered":"http:\/\/www.imuntanya.com\/non-classifiee\/suspension-bridges-in-the-valley-of-the-pays-de-toys\/"},"modified":"2019-07-16T03:28:03","modified_gmt":"2019-07-16T01:28:03","slug":"suspension-bridges-in-the-valley-of-the-pays-de-toys","status":"publish","type":"post","link":"http:\/\/www.imuntanya.com\/fr\/blog-fr\/suspension-bridges-in-the-valley-of-the-pays-de-toys\/","title":{"rendered":"Ponts suspendus dans la vall\u00e9e du Pays Toy en France"},"content":{"rendered":"<p>[et_pb_section bb_built=\u00a0\u00bb1&Prime; _builder_version=\u00a0\u00bb3.0.98&Prime; custom_margin=\u00a0\u00bb0px|0px|0px|0px\u00a0\u00bb custom_padding=\u00a0\u00bb0px|0px|0px|0px\u00a0\u00bb][et_pb_row _builder_version=\u00a0\u00bb3.0.98&Prime;][et_pb_column type=\u00a0\u00bb4_4&Prime;][et_pb_text _builder_version=\u00a0\u00bb3.17.6&Prime;]<\/p>\n<p>La vall\u00e9e du Pays Toy (France) s\u2019est vue affect\u00e9e fortement par les inondations d\u2019octobre 2012 et juin 2013, qui ont affect\u00e9 \u00e9galement le versant m\u00e9diterran\u00e9en des Pyr\u00e9n\u00e9es. La fonte de la neige tomb\u00e9e \u00e0 la fin du printemps et une saison de pluies plus intenses \u00e0 l\u2019automne ont provoqu\u00e9 une crue de la rivi\u00e8re et des dommages dans la zone, depuis les infrastructures routi\u00e8res, jusqu\u2019aux \u00e9difices pr\u00e8s du lit de la rivi\u00e8re, campings, villages et bien entendu, ponts.<\/p>\n<p>Pour la restauration de la zone concern\u00e9e, iMuntanya a particip\u00e9 \u00e0 la construction des ponts inaugur\u00e9s r\u00e9cemment \u00e0\u00a0<a href=\"http:\/\/www.imuntanya.com\/fr\/pont-penjant\/bareges-france\/\">Duc\u00f3s<\/a>,\u00a0<a href=\"http:\/\/www.imuntanya.com\/fr\/pont-penjant\/la-ribere-franca\/\">La Rib\u00e8re<\/a>,\u00a0<a href=\"http:\/\/www.imuntanya.com\/fr\/pont-penjant\/cirq-du-gavarnie-france\/\">Cirq du Gavarnie<\/a>\u00a0et\u00a0<a href=\"http:\/\/www.imuntanya.com\/fr\/pont-penjant\/artigouly-france\/\">Artigouly<\/a>, gr\u00e2ce \u00e0 des des fonds nationaux d\u2019urgence.<\/p>\n<p>Aujourd\u2019hui, la zone se remet encore des cons\u00e9quences des inondations. Le Ministre du territoire a inaugur\u00e9 plusieurs infrastructures comme les ponts qui ont \u00e9t\u00e9 construits par un GME, qui se compose de deux entreprises locales (Luz B\u00e2timent Travaux Publics et Fabre Foutine Travaux) et nous, iMuntanya, comme compagnie sp\u00e9cialis\u00e9e en ponts suspendus.<\/p>\n<p>Les travaux sur les cours de la rivi\u00e8re sont encore en cours et d\u2019ici peu d\u2019autres passerelles auront \u00e9t\u00e9 construites qui n\u2019existaient pas avant l\u2019inondation de juin 2013. Avec l\u2019\u00e9lan de la restauration et de la conversion des passerelles concern\u00e9es, les autorit\u00e9s locales ont voulu donner un coup de pouce \u00e0 la valeur touristique de la zone et am\u00e9liorer l\u2019acc\u00e8s \u00e0 l\u2019environnement en rajoutant de nouveaux ponts suspendus \u00e0 plusieurs endroits de la vall\u00e9e du Pays Toy.<\/p>\n<p>Ces ponts ont \u00e9t\u00e9 construits en \u00e9troite collaboration avec les conseils locaux aux besoins desquels, la polyvalence de nos produits s\u2019adapte, comme ce fut le cas \u00e0 Gavarnie, o\u00f9 un pont extractible a \u00e9t\u00e9 construit pour passer au-dessus de l\u2019avalanche de neige qui se produit chaque hiver. Ou bien \u00e0 Saligos, o\u00f9 l\u2019on a profit\u00e9 de l\u2019infrastructure pour connecter les services des eaux d\u2019un c\u00f4t\u00e9 du lit de la rivi\u00e8re \u00e0 l\u2019autre. Ou celui de Bar\u00e8ges, dont le pont situ\u00e9 calle Duc\u00f3s, permet le passage occasionnel de v\u00e9hicules pour l\u2019entretien du sentier et le passage de l\u2019\u00e9lectricit\u00e9 pour l\u2019\u00e9clairage au d\u00e9but.<\/p>\n<p>Les articles suivants de la presse se sont fait l\u2019\u00e9cho de l\u2019inauguration des ponts :<\/p>\n<p>\u2013\u00a0<a href=\"http:\/\/www.ladepeche.fr\/article\/2016\/07\/29\/2392705-la-vie-s-ecoule-a-nouveau-a-bareges.html\">la vie s\u2019\u00e9coule \u00e0 nouveau \u00e0 Bar\u00e8ges<\/a><br \/>\n\u2013\u00a0<a href=\"http:\/\/www.ladepeche.fr\/article\/2016\/07\/18\/2386441-une-passerelle-est-inauguree-sur-le-bastan.html\">Une passerelle est inaugur\u00e9e sur le Bastan<\/a><br \/>\n\u2013\u00a0<a href=\"http:\/\/france3-regions.francetvinfo.fr\/midi-pyrenees\/hautes-pyrenees\/une-journee-en-pays-toy-pour-le-ministre-baylet-1056933.html\">Une journ\u00e9e en pays Toy pour le ministre Baylet<\/a><\/p>\n<p>&nbsp;<\/p>\n<p>[\/et_pb_text][\/et_pb_column][\/et_pb_row][\/et_pb_section]<\/p>\n","protected":false},"excerpt":{"rendered":"<p>La vall\u00e9e du Pays Toy (France) s\u2019est vue affect\u00e9e fortement par les inondations d\u2019octobre 2012 et juin 2013, qui ont affect\u00e9 \u00e9galement le versant m\u00e9diterran\u00e9en des Pyr\u00e9n\u00e9es.<\/p>\n","protected":false},"author":2,"featured_media":346,"comment_status":"open","ping_status":"open","sticky":false,"template":"","format":"standard","meta":{"_et_pb_use_builder":"on","_et_pb_old_content":"","_et_gb_content_width":"","footnotes":""},"categories":[124],"tags":[125],"class_list":["post-1972","post","type-post","status-publish","format-standard","has-post-thumbnail","hentry","category-blog-fr","tag-ponts-suspendus"],"yoast_head":"<!-- This site is optimized with the Yoast SEO plugin v26.1.1 - https:\/\/yoast.com\/wordpress\/plugins\/seo\/ -->\n<title>Ponts suspendus dans la vall\u00e9e du Pays Toy en France | imuntanya<\/title>\n<meta name=\"robots\" content=\"index, follow, max-snippet:-1, max-image-preview:large, max-video-preview:-1\" \/>\n<link rel=\"canonical\" href=\"http:\/\/www.imuntanya.com\/fr\/blog-fr\/suspension-bridges-in-the-valley-of-the-pays-de-toys\/\" \/>\n<meta property=\"og:locale\" content=\"fr_FR\" \/>\n<meta property=\"og:type\" content=\"article\" \/>\n<meta property=\"og:title\" content=\"Ponts suspendus dans la vall\u00e9e du Pays Toy en France | imuntanya\" \/>\n<meta property=\"og:description\" content=\"La vall\u00e9e du Pays Toy (France) s\u2019est vue affect\u00e9e fortement par les inondations d\u2019octobre 2012 et juin 2013, qui ont affect\u00e9 \u00e9galement le versant m\u00e9diterran\u00e9en des Pyr\u00e9n\u00e9es.\" \/>\n<meta property=\"og:url\" content=\"http:\/\/www.imuntanya.com\/fr\/blog-fr\/suspension-bridges-in-the-valley-of-the-pays-de-toys\/\" \/>\n<meta property=\"og:site_name\" content=\"imuntanya\" \/>\n<meta property=\"article:publisher\" content=\"https:\/\/www.facebook.com\/imuntanya\" \/>\n<meta property=\"article:published_time\" content=\"2015-09-10T14:30:33+00:00\" \/>\n<meta property=\"article:modified_time\" content=\"2019-07-16T01:28:03+00:00\" \/>\n<meta property=\"og:image\" content=\"http:\/\/www.imuntanya.com\/wp-content\/uploads\/2018\/09\/20150820070559.jpg\" \/>\n\t<meta property=\"og:image:width\" content=\"1280\" \/>\n\t<meta property=\"og:image:height\" content=\"960\" \/>\n\t<meta property=\"og:image:type\" content=\"image\/jpeg\" \/>\n<meta name=\"author\" content=\"Merc\u00e8 Pujol\" \/>\n<meta name=\"twitter:card\" content=\"summary_large_image\" \/>\n<meta name=\"twitter:creator\" content=\"@imuntanya15\" \/>\n<meta name=\"twitter:site\" content=\"@imuntanya15\" \/>\n<meta name=\"twitter:label1\" content=\"\u00c9crit par\" \/>\n\t<meta name=\"twitter:data1\" content=\"Merc\u00e8 Pujol\" \/>\n\t<meta name=\"twitter:label2\" content=\"Dur\u00e9e de lecture estim\u00e9e\" \/>\n\t<meta name=\"twitter:data2\" content=\"2 minutes\" \/>\n<script type=\"application\/ld+json\" class=\"yoast-schema-graph\">{\"@context\":\"https:\/\/schema.org\",\"@graph\":[{\"@type\":\"Article\",\"@id\":\"http:\/\/www.imuntanya.com\/fr\/blog-fr\/suspension-bridges-in-the-valley-of-the-pays-de-toys\/#article\",\"isPartOf\":{\"@id\":\"http:\/\/www.imuntanya.com\/fr\/blog-fr\/suspension-bridges-in-the-valley-of-the-pays-de-toys\/\"},\"author\":{\"name\":\"Merc\u00e8 Pujol\",\"@id\":\"http:\/\/www.imuntanya.com\/#\/schema\/person\/c144fa172ac4fbfb4767af32d5acae8e\"},\"headline\":\"Ponts suspendus dans la vall\u00e9e du Pays Toy en France\",\"datePublished\":\"2015-09-10T14:30:33+00:00\",\"dateModified\":\"2019-07-16T01:28:03+00:00\",\"mainEntityOfPage\":{\"@id\":\"http:\/\/www.imuntanya.com\/fr\/blog-fr\/suspension-bridges-in-the-valley-of-the-pays-de-toys\/\"},\"wordCount\":480,\"commentCount\":0,\"publisher\":{\"@id\":\"http:\/\/www.imuntanya.com\/#organization\"},\"image\":{\"@id\":\"http:\/\/www.imuntanya.com\/fr\/blog-fr\/suspension-bridges-in-the-valley-of-the-pays-de-toys\/#primaryimage\"},\"thumbnailUrl\":\"http:\/\/www.imuntanya.com\/wp-content\/uploads\/2018\/09\/20150820070559.jpg\",\"keywords\":[\"Ponts Suspendus\"],\"articleSection\":[\"Blog\"],\"inLanguage\":\"fr-FR\",\"potentialAction\":[{\"@type\":\"CommentAction\",\"name\":\"Comment\",\"target\":[\"http:\/\/www.imuntanya.com\/fr\/blog-fr\/suspension-bridges-in-the-valley-of-the-pays-de-toys\/#respond\"]}]},{\"@type\":\"WebPage\",\"@id\":\"http:\/\/www.imuntanya.com\/fr\/blog-fr\/suspension-bridges-in-the-valley-of-the-pays-de-toys\/\",\"url\":\"http:\/\/www.imuntanya.com\/fr\/blog-fr\/suspension-bridges-in-the-valley-of-the-pays-de-toys\/\",\"name\":\"Ponts suspendus dans la vall\u00e9e du Pays Toy en France | imuntanya\",\"isPartOf\":{\"@id\":\"http:\/\/www.imuntanya.com\/#website\"},\"primaryImageOfPage\":{\"@id\":\"http:\/\/www.imuntanya.com\/fr\/blog-fr\/suspension-bridges-in-the-valley-of-the-pays-de-toys\/#primaryimage\"},\"image\":{\"@id\":\"http:\/\/www.imuntanya.com\/fr\/blog-fr\/suspension-bridges-in-the-valley-of-the-pays-de-toys\/#primaryimage\"},\"thumbnailUrl\":\"http:\/\/www.imuntanya.com\/wp-content\/uploads\/2018\/09\/20150820070559.jpg\",\"datePublished\":\"2015-09-10T14:30:33+00:00\",\"dateModified\":\"2019-07-16T01:28:03+00:00\",\"breadcrumb\":{\"@id\":\"http:\/\/www.imuntanya.com\/fr\/blog-fr\/suspension-bridges-in-the-valley-of-the-pays-de-toys\/#breadcrumb\"},\"inLanguage\":\"fr-FR\",\"potentialAction\":[{\"@type\":\"ReadAction\",\"target\":[\"http:\/\/www.imuntanya.com\/fr\/blog-fr\/suspension-bridges-in-the-valley-of-the-pays-de-toys\/\"]}]},{\"@type\":\"ImageObject\",\"inLanguage\":\"fr-FR\",\"@id\":\"http:\/\/www.imuntanya.com\/fr\/blog-fr\/suspension-bridges-in-the-valley-of-the-pays-de-toys\/#primaryimage\",\"url\":\"http:\/\/www.imuntanya.com\/wp-content\/uploads\/2018\/09\/20150820070559.jpg\",\"contentUrl\":\"http:\/\/www.imuntanya.com\/wp-content\/uploads\/2018\/09\/20150820070559.jpg\",\"width\":1280,\"height\":960,\"caption\":\"Pont suspendu m\u00f2dele Urales dans le Cirq du Gavarnier, France. Ce pont est d\u00e9montable pour \u00e9viter l\u2019avalanche de neige annue.\"},{\"@type\":\"BreadcrumbList\",\"@id\":\"http:\/\/www.imuntanya.com\/fr\/blog-fr\/suspension-bridges-in-the-valley-of-the-pays-de-toys\/#breadcrumb\",\"itemListElement\":[{\"@type\":\"ListItem\",\"position\":1,\"name\":\"Inici\",\"item\":\"http:\/\/www.imuntanya.com\/fr\/\"},{\"@type\":\"ListItem\",\"position\":2,\"name\":\"Ponts suspendus dans la vall\u00e9e du Pays Toy en France\"}]},{\"@type\":\"WebSite\",\"@id\":\"http:\/\/www.imuntanya.com\/#website\",\"url\":\"http:\/\/www.imuntanya.com\/\",\"name\":\"iMuntanya\",\"description\":\"Infraestructures per alta muntanya i en zones de dif\u00edcil acc\u00e9s\",\"publisher\":{\"@id\":\"http:\/\/www.imuntanya.com\/#organization\"},\"potentialAction\":[{\"@type\":\"SearchAction\",\"target\":{\"@type\":\"EntryPoint\",\"urlTemplate\":\"http:\/\/www.imuntanya.com\/?s={search_term_string}\"},\"query-input\":{\"@type\":\"PropertyValueSpecification\",\"valueRequired\":true,\"valueName\":\"search_term_string\"}}],\"inLanguage\":\"fr-FR\"},{\"@type\":\"Organization\",\"@id\":\"http:\/\/www.imuntanya.com\/#organization\",\"name\":\"iMuntanya \u00b7 Infraestructures de Muntanya S.L.\",\"url\":\"http:\/\/www.imuntanya.com\/\",\"logo\":{\"@type\":\"ImageObject\",\"inLanguage\":\"fr-FR\",\"@id\":\"http:\/\/www.imuntanya.com\/#\/schema\/logo\/image\/\",\"url\":\"http:\/\/www.imuntanya.com\/wp-content\/uploads\/2019\/07\/imu-cat-2.png\",\"contentUrl\":\"http:\/\/www.imuntanya.com\/wp-content\/uploads\/2019\/07\/imu-cat-2.png\",\"width\":640,\"height\":83,\"caption\":\"iMuntanya \u00b7 Infraestructures de Muntanya S.L.\"},\"image\":{\"@id\":\"http:\/\/www.imuntanya.com\/#\/schema\/logo\/image\/\"},\"sameAs\":[\"https:\/\/www.facebook.com\/imuntanya\",\"https:\/\/x.com\/imuntanya15\",\"https:\/\/www.instagram.com\/imuntanya\/\",\"https:\/\/www.linkedin.com\/company\/imuntanya\/\",\"https:\/\/www.youtube.com\/user\/imuntanyaatyoutub\"]},{\"@type\":\"Person\",\"@id\":\"http:\/\/www.imuntanya.com\/#\/schema\/person\/c144fa172ac4fbfb4767af32d5acae8e\",\"name\":\"Merc\u00e8 Pujol\",\"image\":{\"@type\":\"ImageObject\",\"inLanguage\":\"fr-FR\",\"@id\":\"http:\/\/www.imuntanya.com\/#\/schema\/person\/image\/\",\"url\":\"https:\/\/secure.gravatar.com\/avatar\/10213c83b04e18e80603efc3add346a4f27921c505524ba24c92ebf7f86153a2?s=96&d=mm&r=g\",\"contentUrl\":\"https:\/\/secure.gravatar.com\/avatar\/10213c83b04e18e80603efc3add346a4f27921c505524ba24c92ebf7f86153a2?s=96&d=mm&r=g\",\"caption\":\"Merc\u00e8 Pujol\"},\"url\":\"http:\/\/www.imuntanya.com\/fr\/author\/merce\/\"}]}<\/script>\n<!-- \/ Yoast SEO plugin. -->","yoast_head_json":{"title":"Ponts suspendus dans la vall\u00e9e du Pays Toy en France | imuntanya","robots":{"index":"index","follow":"follow","max-snippet":"max-snippet:-1","max-image-preview":"max-image-preview:large","max-video-preview":"max-video-preview:-1"},"canonical":"http:\/\/www.imuntanya.com\/fr\/blog-fr\/suspension-bridges-in-the-valley-of-the-pays-de-toys\/","og_locale":"fr_FR","og_type":"article","og_title":"Ponts suspendus dans la vall\u00e9e du Pays Toy en France | imuntanya","og_description":"La vall\u00e9e du Pays Toy (France) s\u2019est vue affect\u00e9e fortement par les inondations d\u2019octobre 2012 et juin 2013, qui ont affect\u00e9 \u00e9galement le versant m\u00e9diterran\u00e9en des Pyr\u00e9n\u00e9es.","og_url":"http:\/\/www.imuntanya.com\/fr\/blog-fr\/suspension-bridges-in-the-valley-of-the-pays-de-toys\/","og_site_name":"imuntanya","article_publisher":"https:\/\/www.facebook.com\/imuntanya","article_published_time":"2015-09-10T14:30:33+00:00","article_modified_time":"2019-07-16T01:28:03+00:00","og_image":[{"width":1280,"height":960,"url":"http:\/\/www.imuntanya.com\/wp-content\/uploads\/2018\/09\/20150820070559.jpg","type":"image\/jpeg"}],"author":"Merc\u00e8 Pujol","twitter_card":"summary_large_image","twitter_creator":"@imuntanya15","twitter_site":"@imuntanya15","twitter_misc":{"\u00c9crit par":"Merc\u00e8 Pujol","Dur\u00e9e de lecture estim\u00e9e":"2 minutes"},"schema":{"@context":"https:\/\/schema.org","@graph":[{"@type":"Article","@id":"http:\/\/www.imuntanya.com\/fr\/blog-fr\/suspension-bridges-in-the-valley-of-the-pays-de-toys\/#article","isPartOf":{"@id":"http:\/\/www.imuntanya.com\/fr\/blog-fr\/suspension-bridges-in-the-valley-of-the-pays-de-toys\/"},"author":{"name":"Merc\u00e8 Pujol","@id":"http:\/\/www.imuntanya.com\/#\/schema\/person\/c144fa172ac4fbfb4767af32d5acae8e"},"headline":"Ponts suspendus dans la vall\u00e9e du Pays Toy en France","datePublished":"2015-09-10T14:30:33+00:00","dateModified":"2019-07-16T01:28:03+00:00","mainEntityOfPage":{"@id":"http:\/\/www.imuntanya.com\/fr\/blog-fr\/suspension-bridges-in-the-valley-of-the-pays-de-toys\/"},"wordCount":480,"commentCount":0,"publisher":{"@id":"http:\/\/www.imuntanya.com\/#organization"},"image":{"@id":"http:\/\/www.imuntanya.com\/fr\/blog-fr\/suspension-bridges-in-the-valley-of-the-pays-de-toys\/#primaryimage"},"thumbnailUrl":"http:\/\/www.imuntanya.com\/wp-content\/uploads\/2018\/09\/20150820070559.jpg","keywords":["Ponts Suspendus"],"articleSection":["Blog"],"inLanguage":"fr-FR","potentialAction":[{"@type":"CommentAction","name":"Comment","target":["http:\/\/www.imuntanya.com\/fr\/blog-fr\/suspension-bridges-in-the-valley-of-the-pays-de-toys\/#respond"]}]},{"@type":"WebPage","@id":"http:\/\/www.imuntanya.com\/fr\/blog-fr\/suspension-bridges-in-the-valley-of-the-pays-de-toys\/","url":"http:\/\/www.imuntanya.com\/fr\/blog-fr\/suspension-bridges-in-the-valley-of-the-pays-de-toys\/","name":"Ponts suspendus dans la vall\u00e9e du Pays Toy en France | imuntanya","isPartOf":{"@id":"http:\/\/www.imuntanya.com\/#website"},"primaryImageOfPage":{"@id":"http:\/\/www.imuntanya.com\/fr\/blog-fr\/suspension-bridges-in-the-valley-of-the-pays-de-toys\/#primaryimage"},"image":{"@id":"http:\/\/www.imuntanya.com\/fr\/blog-fr\/suspension-bridges-in-the-valley-of-the-pays-de-toys\/#primaryimage"},"thumbnailUrl":"http:\/\/www.imuntanya.com\/wp-content\/uploads\/2018\/09\/20150820070559.jpg","datePublished":"2015-09-10T14:30:33+00:00","dateModified":"2019-07-16T01:28:03+00:00","breadcrumb":{"@id":"http:\/\/www.imuntanya.com\/fr\/blog-fr\/suspension-bridges-in-the-valley-of-the-pays-de-toys\/#breadcrumb"},"inLanguage":"fr-FR","potentialAction":[{"@type":"ReadAction","target":["http:\/\/www.imuntanya.com\/fr\/blog-fr\/suspension-bridges-in-the-valley-of-the-pays-de-toys\/"]}]},{"@type":"ImageObject","inLanguage":"fr-FR","@id":"http:\/\/www.imuntanya.com\/fr\/blog-fr\/suspension-bridges-in-the-valley-of-the-pays-de-toys\/#primaryimage","url":"http:\/\/www.imuntanya.com\/wp-content\/uploads\/2018\/09\/20150820070559.jpg","contentUrl":"http:\/\/www.imuntanya.com\/wp-content\/uploads\/2018\/09\/20150820070559.jpg","width":1280,"height":960,"caption":"Pont suspendu m\u00f2dele Urales dans le Cirq du Gavarnier, France. Ce pont est d\u00e9montable pour \u00e9viter l\u2019avalanche de neige annue."},{"@type":"BreadcrumbList","@id":"http:\/\/www.imuntanya.com\/fr\/blog-fr\/suspension-bridges-in-the-valley-of-the-pays-de-toys\/#breadcrumb","itemListElement":[{"@type":"ListItem","position":1,"name":"Inici","item":"http:\/\/www.imuntanya.com\/fr\/"},{"@type":"ListItem","position":2,"name":"Ponts suspendus dans la vall\u00e9e du Pays Toy en France"}]},{"@type":"WebSite","@id":"http:\/\/www.imuntanya.com\/#website","url":"http:\/\/www.imuntanya.com\/","name":"iMuntanya","description":"Infraestructures per alta muntanya i en zones de dif\u00edcil acc\u00e9s","publisher":{"@id":"http:\/\/www.imuntanya.com\/#organization"},"potentialAction":[{"@type":"SearchAction","target":{"@type":"EntryPoint","urlTemplate":"http:\/\/www.imuntanya.com\/?s={search_term_string}"},"query-input":{"@type":"PropertyValueSpecification","valueRequired":true,"valueName":"search_term_string"}}],"inLanguage":"fr-FR"},{"@type":"Organization","@id":"http:\/\/www.imuntanya.com\/#organization","name":"iMuntanya \u00b7 Infraestructures de Muntanya S.L.","url":"http:\/\/www.imuntanya.com\/","logo":{"@type":"ImageObject","inLanguage":"fr-FR","@id":"http:\/\/www.imuntanya.com\/#\/schema\/logo\/image\/","url":"http:\/\/www.imuntanya.com\/wp-content\/uploads\/2019\/07\/imu-cat-2.png","contentUrl":"http:\/\/www.imuntanya.com\/wp-content\/uploads\/2019\/07\/imu-cat-2.png","width":640,"height":83,"caption":"iMuntanya \u00b7 Infraestructures de Muntanya S.L."},"image":{"@id":"http:\/\/www.imuntanya.com\/#\/schema\/logo\/image\/"},"sameAs":["https:\/\/www.facebook.com\/imuntanya","https:\/\/x.com\/imuntanya15","https:\/\/www.instagram.com\/imuntanya\/","https:\/\/www.linkedin.com\/company\/imuntanya\/","https:\/\/www.youtube.com\/user\/imuntanyaatyoutub"]},{"@type":"Person","@id":"http:\/\/www.imuntanya.com\/#\/schema\/person\/c144fa172ac4fbfb4767af32d5acae8e","name":"Merc\u00e8 Pujol","image":{"@type":"ImageObject","inLanguage":"fr-FR","@id":"http:\/\/www.imuntanya.com\/#\/schema\/person\/image\/","url":"https:\/\/secure.gravatar.com\/avatar\/10213c83b04e18e80603efc3add346a4f27921c505524ba24c92ebf7f86153a2?s=96&d=mm&r=g","contentUrl":"https:\/\/secure.gravatar.com\/avatar\/10213c83b04e18e80603efc3add346a4f27921c505524ba24c92ebf7f86153a2?s=96&d=mm&r=g","caption":"Merc\u00e8 Pujol"},"url":"http:\/\/www.imuntanya.com\/fr\/author\/merce\/"}]}},"_links":{"self":[{"href":"http:\/\/www.imuntanya.com\/fr\/wp-json\/wp\/v2\/posts\/1972","targetHints":{"allow":["GET"]}}],"collection":[{"href":"http:\/\/www.imuntanya.com\/fr\/wp-json\/wp\/v2\/posts"}],"about":[{"href":"http:\/\/www.imuntanya.com\/fr\/wp-json\/wp\/v2\/types\/post"}],"author":[{"embeddable":true,"href":"http:\/\/www.imuntanya.com\/fr\/wp-json\/wp\/v2\/users\/2"}],"replies":[{"embeddable":true,"href":"http:\/\/www.imuntanya.com\/fr\/wp-json\/wp\/v2\/comments?post=1972"}],"version-history":[{"count":7,"href":"http:\/\/www.imuntanya.com\/fr\/wp-json\/wp\/v2\/posts\/1972\/revisions"}],"predecessor-version":[{"id":2331,"href":"http:\/\/www.imuntanya.com\/fr\/wp-json\/wp\/v2\/posts\/1972\/revisions\/2331"}],"wp:featuredmedia":[{"embeddable":true,"href":"http:\/\/www.imuntanya.com\/fr\/wp-json\/wp\/v2\/media\/346"}],"wp:attachment":[{"href":"http:\/\/www.imuntanya.com\/fr\/wp-json\/wp\/v2\/media?parent=1972"}],"wp:term":[{"taxonomy":"category","embeddable":true,"href":"http:\/\/www.imuntanya.com\/fr\/wp-json\/wp\/v2\/categories?post=1972"},{"taxonomy":"post_tag","embeddable":true,"href":"http:\/\/www.imuntanya.com\/fr\/wp-json\/wp\/v2\/tags?post=1972"}],"curies":[{"name":"wp","href":"https:\/\/api.w.org\/{rel}","templated":true}]}}