{"id":1987,"date":"2019-01-21T13:22:43","date_gmt":"2019-01-21T11:22:43","guid":{"rendered":"http:\/\/www.imuntanya.com\/non-classifiee\/salardu-a-suspended-bridge-prepared-for-winter\/"},"modified":"2019-07-16T03:05:41","modified_gmt":"2019-07-16T01:05:41","slug":"salardu-a-suspended-bridge-prepared-for-winter","status":"publish","type":"post","link":"http:\/\/www.imuntanya.com\/fr\/blog-fr\/salardu-a-suspended-bridge-prepared-for-winter\/","title":{"rendered":"Salard\u00fa: un pont suspendu pr\u00eat pour l\u2019hiver"},"content":{"rendered":"<p>[et_pb_section bb_built=\u00a0\u00bb1&Prime; _builder_version=\u00a0\u00bb3.0.98&Prime; custom_margin=\u00a0\u00bb0px|0px|0px|0px\u00a0\u00bb custom_padding=\u00a0\u00bb0px|0px|0px|0px\u00a0\u00bb][et_pb_row _builder_version=\u00a0\u00bb3.0.98&Prime;][et_pb_column type=\u00a0\u00bb4_4&Prime;][et_pb_text _builder_version=\u00a0\u00bb3.17.6&Prime;]<\/p>\n<p>Nous avons d\u00e9but\u00e9 2019 en inaugurant une passerelle suspendue \u00e0 Salard\u00fa, Val d\u2019Aran. Con\u00e7ue sur la base du Mod\u00e8le Urales d\u2019iMuntanya, elle mesure 17 m\u00e8tres de long et traverse la rivi\u00e8re Unhola communiquant le village de Salard\u00fa avec le quartier d\u2019Unhola. Avec cet \u00e9quipement, qui fait partie d\u2019un nouveau sentier cr\u00e9\u00e9 dans la for\u00eat de Ribera, les voisins \u00e9viteront la route pour aller \u00e0 pied du quartier au village et pourront profiter d\u2019une promenade dans la nature. En outre, des tables et bancs ont \u00e9t\u00e9 install\u00e9s sur un c\u00f4t\u00e9 de la rivi\u00e8re Unhola cr\u00e9ant une zone de pique-nique.<\/p>\n<p>Contrairement \u00e0 d\u2019autres ponts suspendus que nous avons construits, la plateforme de celui-ci a \u00e9t\u00e9 fabriqu\u00e9e avec une grille m\u00e9tallique de type tramex en pensant aux saisons les plus froides. Avec ce type de plancher, l\u2019accumulation de neige est plus compliqu\u00e9e et permet d\u2019utiliser la passerelle toute l\u2019ann\u00e9e. Pour mieux int\u00e9grer le pont dans son environnement, nous avons remplac\u00e9 les piliers de la rive droite par des fixations directes sur le versant et nous avons construit des murs en pierre s\u00e8che extraite au m\u00eame endroit pour les rampes d\u2019acc\u00e8s.<\/p>\n<p>Nous remercions TAFF pour sa collaboration dans le transport des \u00e9quipements et mat\u00e9riaux dans la zone de travail et la Mairie de Salard\u00fa d\u2019avoir fait confiance \u00e0 iMuntanya pour la r\u00e9alisation de ce projet.<\/p>\n<p><img loading=\"lazy\" decoding=\"async\" class=\" wp-image-1706 alignleft\" src=\"http:\/\/www.imuntanya.com\/wp-content\/uploads\/2019\/01\/PP_2018-Salardu-2018_MUrals-15-700x470-300x201.jpg\" alt=\"\" width=\"323\" height=\"216\" srcset=\"http:\/\/www.imuntanya.com\/wp-content\/uploads\/2019\/01\/PP_2018-Salardu-2018_MUrals-15-700x470-300x201.jpg 300w, http:\/\/www.imuntanya.com\/wp-content\/uploads\/2019\/01\/PP_2018-Salardu-2018_MUrals-15-700x470.jpg 700w\" sizes=\"auto, (max-width: 323px) 100vw, 323px\" \/><\/p>\n<p>&nbsp;<\/p>\n<p><img loading=\"lazy\" decoding=\"async\" class=\" wp-image-1716 alignright\" src=\"http:\/\/www.imuntanya.com\/wp-content\/uploads\/2019\/01\/PP_2018-Salardu-2018_MUrals-17-700x470-300x201.jpg\" alt=\"\" width=\"322\" height=\"216\" srcset=\"http:\/\/www.imuntanya.com\/wp-content\/uploads\/2019\/01\/PP_2018-Salardu-2018_MUrals-17-700x470-300x201.jpg 300w, http:\/\/www.imuntanya.com\/wp-content\/uploads\/2019\/01\/PP_2018-Salardu-2018_MUrals-17-700x470.jpg 700w\" sizes=\"auto, (max-width: 322px) 100vw, 322px\" \/><\/p>\n<p>[\/et_pb_text][\/et_pb_column][\/et_pb_row][\/et_pb_section]<\/p>\n","protected":false},"excerpt":{"rendered":"<p>Nous avons d\u00e9but\u00e9 2019 en inaugurant une passerelle suspendue \u00e0 Salard\u00fa, Val d\u2019Aran.<\/p>\n","protected":false},"author":2,"featured_media":1714,"comment_status":"open","ping_status":"open","sticky":false,"template":"","format":"standard","meta":{"_et_pb_use_builder":"on","_et_pb_old_content":"","_et_gb_content_width":"","footnotes":""},"categories":[124],"tags":[125],"class_list":["post-1987","post","type-post","status-publish","format-standard","has-post-thumbnail","hentry","category-blog-fr","tag-ponts-suspendus"],"yoast_head":"<!-- This site is optimized with the Yoast SEO plugin v26.1.1 - https:\/\/yoast.com\/wordpress\/plugins\/seo\/ -->\n<title>Salard\u00fa: un pont suspendu pr\u00eat pour l\u2019hiver | imuntanya<\/title>\n<meta name=\"robots\" content=\"index, follow, max-snippet:-1, max-image-preview:large, max-video-preview:-1\" \/>\n<link rel=\"canonical\" href=\"http:\/\/www.imuntanya.com\/fr\/blog-fr\/salardu-a-suspended-bridge-prepared-for-winter\/\" \/>\n<meta property=\"og:locale\" content=\"fr_FR\" \/>\n<meta property=\"og:type\" content=\"article\" \/>\n<meta property=\"og:title\" content=\"Salard\u00fa: un pont suspendu pr\u00eat pour l\u2019hiver | imuntanya\" \/>\n<meta property=\"og:description\" content=\"Nous avons d\u00e9but\u00e9 2019 en inaugurant une passerelle suspendue \u00e0 Salard\u00fa, Val d\u2019Aran.\" \/>\n<meta property=\"og:url\" content=\"http:\/\/www.imuntanya.com\/fr\/blog-fr\/salardu-a-suspended-bridge-prepared-for-winter\/\" \/>\n<meta property=\"og:site_name\" content=\"imuntanya\" \/>\n<meta property=\"article:publisher\" content=\"https:\/\/www.facebook.com\/imuntanya\" \/>\n<meta property=\"article:published_time\" content=\"2019-01-21T11:22:43+00:00\" \/>\n<meta property=\"article:modified_time\" content=\"2019-07-16T01:05:41+00:00\" \/>\n<meta property=\"og:image\" content=\"http:\/\/www.imuntanya.com\/wp-content\/uploads\/2019\/01\/PP_2018-Salardu-2018_MUrals-16-700x470.jpg\" \/>\n\t<meta property=\"og:image:width\" content=\"700\" \/>\n\t<meta property=\"og:image:height\" content=\"470\" \/>\n\t<meta property=\"og:image:type\" content=\"image\/jpeg\" \/>\n<meta name=\"author\" content=\"Merc\u00e8 Pujol\" \/>\n<meta name=\"twitter:card\" content=\"summary_large_image\" \/>\n<meta name=\"twitter:creator\" content=\"@imuntanya15\" \/>\n<meta name=\"twitter:site\" content=\"@imuntanya15\" \/>\n<meta name=\"twitter:label1\" content=\"\u00c9crit par\" \/>\n\t<meta name=\"twitter:data1\" content=\"Merc\u00e8 Pujol\" \/>\n\t<meta name=\"twitter:label2\" content=\"Dur\u00e9e de lecture estim\u00e9e\" \/>\n\t<meta name=\"twitter:data2\" content=\"1 minute\" \/>\n<script type=\"application\/ld+json\" class=\"yoast-schema-graph\">{\"@context\":\"https:\/\/schema.org\",\"@graph\":[{\"@type\":\"Article\",\"@id\":\"http:\/\/www.imuntanya.com\/fr\/blog-fr\/salardu-a-suspended-bridge-prepared-for-winter\/#article\",\"isPartOf\":{\"@id\":\"http:\/\/www.imuntanya.com\/fr\/blog-fr\/salardu-a-suspended-bridge-prepared-for-winter\/\"},\"author\":{\"name\":\"Merc\u00e8 Pujol\",\"@id\":\"http:\/\/www.imuntanya.com\/#\/schema\/person\/c144fa172ac4fbfb4767af32d5acae8e\"},\"headline\":\"Salard\u00fa: un pont suspendu pr\u00eat pour l\u2019hiver\",\"datePublished\":\"2019-01-21T11:22:43+00:00\",\"dateModified\":\"2019-07-16T01:05:41+00:00\",\"mainEntityOfPage\":{\"@id\":\"http:\/\/www.imuntanya.com\/fr\/blog-fr\/salardu-a-suspended-bridge-prepared-for-winter\/\"},\"wordCount\":301,\"commentCount\":0,\"publisher\":{\"@id\":\"http:\/\/www.imuntanya.com\/#organization\"},\"image\":{\"@id\":\"http:\/\/www.imuntanya.com\/fr\/blog-fr\/salardu-a-suspended-bridge-prepared-for-winter\/#primaryimage\"},\"thumbnailUrl\":\"http:\/\/www.imuntanya.com\/wp-content\/uploads\/2019\/01\/PP_2018-Salardu-2018_MUrals-16-700x470.jpg\",\"keywords\":[\"Ponts Suspendus\"],\"articleSection\":[\"Blog\"],\"inLanguage\":\"fr-FR\",\"potentialAction\":[{\"@type\":\"CommentAction\",\"name\":\"Comment\",\"target\":[\"http:\/\/www.imuntanya.com\/fr\/blog-fr\/salardu-a-suspended-bridge-prepared-for-winter\/#respond\"]}]},{\"@type\":\"WebPage\",\"@id\":\"http:\/\/www.imuntanya.com\/fr\/blog-fr\/salardu-a-suspended-bridge-prepared-for-winter\/\",\"url\":\"http:\/\/www.imuntanya.com\/fr\/blog-fr\/salardu-a-suspended-bridge-prepared-for-winter\/\",\"name\":\"Salard\u00fa: un pont suspendu pr\u00eat pour l\u2019hiver | imuntanya\",\"isPartOf\":{\"@id\":\"http:\/\/www.imuntanya.com\/#website\"},\"primaryImageOfPage\":{\"@id\":\"http:\/\/www.imuntanya.com\/fr\/blog-fr\/salardu-a-suspended-bridge-prepared-for-winter\/#primaryimage\"},\"image\":{\"@id\":\"http:\/\/www.imuntanya.com\/fr\/blog-fr\/salardu-a-suspended-bridge-prepared-for-winter\/#primaryimage\"},\"thumbnailUrl\":\"http:\/\/www.imuntanya.com\/wp-content\/uploads\/2019\/01\/PP_2018-Salardu-2018_MUrals-16-700x470.jpg\",\"datePublished\":\"2019-01-21T11:22:43+00:00\",\"dateModified\":\"2019-07-16T01:05:41+00:00\",\"breadcrumb\":{\"@id\":\"http:\/\/www.imuntanya.com\/fr\/blog-fr\/salardu-a-suspended-bridge-prepared-for-winter\/#breadcrumb\"},\"inLanguage\":\"fr-FR\",\"potentialAction\":[{\"@type\":\"ReadAction\",\"target\":[\"http:\/\/www.imuntanya.com\/fr\/blog-fr\/salardu-a-suspended-bridge-prepared-for-winter\/\"]}]},{\"@type\":\"ImageObject\",\"inLanguage\":\"fr-FR\",\"@id\":\"http:\/\/www.imuntanya.com\/fr\/blog-fr\/salardu-a-suspended-bridge-prepared-for-winter\/#primaryimage\",\"url\":\"http:\/\/www.imuntanya.com\/wp-content\/uploads\/2019\/01\/PP_2018-Salardu-2018_MUrals-16-700x470.jpg\",\"contentUrl\":\"http:\/\/www.imuntanya.com\/wp-content\/uploads\/2019\/01\/PP_2018-Salardu-2018_MUrals-16-700x470.jpg\",\"width\":700,\"height\":470,\"caption\":\"Pont Penjant del Model Urals de iMuntanya construit l'any 2018 a Salard\u00fa, Vall d'Ar\u00e1n. Est\u00e1 preparat per la neu amb una passarel\u00b7la d'acer galvanitzat.\"},{\"@type\":\"BreadcrumbList\",\"@id\":\"http:\/\/www.imuntanya.com\/fr\/blog-fr\/salardu-a-suspended-bridge-prepared-for-winter\/#breadcrumb\",\"itemListElement\":[{\"@type\":\"ListItem\",\"position\":1,\"name\":\"Inici\",\"item\":\"http:\/\/www.imuntanya.com\/fr\/\"},{\"@type\":\"ListItem\",\"position\":2,\"name\":\"Salard\u00fa: un pont suspendu pr\u00eat pour l\u2019hiver\"}]},{\"@type\":\"WebSite\",\"@id\":\"http:\/\/www.imuntanya.com\/#website\",\"url\":\"http:\/\/www.imuntanya.com\/\",\"name\":\"iMuntanya\",\"description\":\"Infraestructures per alta muntanya i en zones de dif\u00edcil acc\u00e9s\",\"publisher\":{\"@id\":\"http:\/\/www.imuntanya.com\/#organization\"},\"potentialAction\":[{\"@type\":\"SearchAction\",\"target\":{\"@type\":\"EntryPoint\",\"urlTemplate\":\"http:\/\/www.imuntanya.com\/?s={search_term_string}\"},\"query-input\":{\"@type\":\"PropertyValueSpecification\",\"valueRequired\":true,\"valueName\":\"search_term_string\"}}],\"inLanguage\":\"fr-FR\"},{\"@type\":\"Organization\",\"@id\":\"http:\/\/www.imuntanya.com\/#organization\",\"name\":\"iMuntanya \u00b7 Infraestructures de Muntanya S.L.\",\"url\":\"http:\/\/www.imuntanya.com\/\",\"logo\":{\"@type\":\"ImageObject\",\"inLanguage\":\"fr-FR\",\"@id\":\"http:\/\/www.imuntanya.com\/#\/schema\/logo\/image\/\",\"url\":\"http:\/\/www.imuntanya.com\/wp-content\/uploads\/2019\/07\/imu-cat-2.png\",\"contentUrl\":\"http:\/\/www.imuntanya.com\/wp-content\/uploads\/2019\/07\/imu-cat-2.png\",\"width\":640,\"height\":83,\"caption\":\"iMuntanya \u00b7 Infraestructures de Muntanya S.L.\"},\"image\":{\"@id\":\"http:\/\/www.imuntanya.com\/#\/schema\/logo\/image\/\"},\"sameAs\":[\"https:\/\/www.facebook.com\/imuntanya\",\"https:\/\/x.com\/imuntanya15\",\"https:\/\/www.instagram.com\/imuntanya\/\",\"https:\/\/www.linkedin.com\/company\/imuntanya\/\",\"https:\/\/www.youtube.com\/user\/imuntanyaatyoutub\"]},{\"@type\":\"Person\",\"@id\":\"http:\/\/www.imuntanya.com\/#\/schema\/person\/c144fa172ac4fbfb4767af32d5acae8e\",\"name\":\"Merc\u00e8 Pujol\",\"image\":{\"@type\":\"ImageObject\",\"inLanguage\":\"fr-FR\",\"@id\":\"http:\/\/www.imuntanya.com\/#\/schema\/person\/image\/\",\"url\":\"https:\/\/secure.gravatar.com\/avatar\/10213c83b04e18e80603efc3add346a4f27921c505524ba24c92ebf7f86153a2?s=96&d=mm&r=g\",\"contentUrl\":\"https:\/\/secure.gravatar.com\/avatar\/10213c83b04e18e80603efc3add346a4f27921c505524ba24c92ebf7f86153a2?s=96&d=mm&r=g\",\"caption\":\"Merc\u00e8 Pujol\"},\"url\":\"http:\/\/www.imuntanya.com\/fr\/author\/merce\/\"}]}<\/script>\n<!-- \/ Yoast SEO plugin. -->","yoast_head_json":{"title":"Salard\u00fa: un pont suspendu pr\u00eat pour l\u2019hiver | imuntanya","robots":{"index":"index","follow":"follow","max-snippet":"max-snippet:-1","max-image-preview":"max-image-preview:large","max-video-preview":"max-video-preview:-1"},"canonical":"http:\/\/www.imuntanya.com\/fr\/blog-fr\/salardu-a-suspended-bridge-prepared-for-winter\/","og_locale":"fr_FR","og_type":"article","og_title":"Salard\u00fa: un pont suspendu pr\u00eat pour l\u2019hiver | imuntanya","og_description":"Nous avons d\u00e9but\u00e9 2019 en inaugurant une passerelle suspendue \u00e0 Salard\u00fa, Val d\u2019Aran.","og_url":"http:\/\/www.imuntanya.com\/fr\/blog-fr\/salardu-a-suspended-bridge-prepared-for-winter\/","og_site_name":"imuntanya","article_publisher":"https:\/\/www.facebook.com\/imuntanya","article_published_time":"2019-01-21T11:22:43+00:00","article_modified_time":"2019-07-16T01:05:41+00:00","og_image":[{"width":700,"height":470,"url":"http:\/\/www.imuntanya.com\/wp-content\/uploads\/2019\/01\/PP_2018-Salardu-2018_MUrals-16-700x470.jpg","type":"image\/jpeg"}],"author":"Merc\u00e8 Pujol","twitter_card":"summary_large_image","twitter_creator":"@imuntanya15","twitter_site":"@imuntanya15","twitter_misc":{"\u00c9crit par":"Merc\u00e8 Pujol","Dur\u00e9e de lecture estim\u00e9e":"1 minute"},"schema":{"@context":"https:\/\/schema.org","@graph":[{"@type":"Article","@id":"http:\/\/www.imuntanya.com\/fr\/blog-fr\/salardu-a-suspended-bridge-prepared-for-winter\/#article","isPartOf":{"@id":"http:\/\/www.imuntanya.com\/fr\/blog-fr\/salardu-a-suspended-bridge-prepared-for-winter\/"},"author":{"name":"Merc\u00e8 Pujol","@id":"http:\/\/www.imuntanya.com\/#\/schema\/person\/c144fa172ac4fbfb4767af32d5acae8e"},"headline":"Salard\u00fa: un pont suspendu pr\u00eat pour l\u2019hiver","datePublished":"2019-01-21T11:22:43+00:00","dateModified":"2019-07-16T01:05:41+00:00","mainEntityOfPage":{"@id":"http:\/\/www.imuntanya.com\/fr\/blog-fr\/salardu-a-suspended-bridge-prepared-for-winter\/"},"wordCount":301,"commentCount":0,"publisher":{"@id":"http:\/\/www.imuntanya.com\/#organization"},"image":{"@id":"http:\/\/www.imuntanya.com\/fr\/blog-fr\/salardu-a-suspended-bridge-prepared-for-winter\/#primaryimage"},"thumbnailUrl":"http:\/\/www.imuntanya.com\/wp-content\/uploads\/2019\/01\/PP_2018-Salardu-2018_MUrals-16-700x470.jpg","keywords":["Ponts Suspendus"],"articleSection":["Blog"],"inLanguage":"fr-FR","potentialAction":[{"@type":"CommentAction","name":"Comment","target":["http:\/\/www.imuntanya.com\/fr\/blog-fr\/salardu-a-suspended-bridge-prepared-for-winter\/#respond"]}]},{"@type":"WebPage","@id":"http:\/\/www.imuntanya.com\/fr\/blog-fr\/salardu-a-suspended-bridge-prepared-for-winter\/","url":"http:\/\/www.imuntanya.com\/fr\/blog-fr\/salardu-a-suspended-bridge-prepared-for-winter\/","name":"Salard\u00fa: un pont suspendu pr\u00eat pour l\u2019hiver | imuntanya","isPartOf":{"@id":"http:\/\/www.imuntanya.com\/#website"},"primaryImageOfPage":{"@id":"http:\/\/www.imuntanya.com\/fr\/blog-fr\/salardu-a-suspended-bridge-prepared-for-winter\/#primaryimage"},"image":{"@id":"http:\/\/www.imuntanya.com\/fr\/blog-fr\/salardu-a-suspended-bridge-prepared-for-winter\/#primaryimage"},"thumbnailUrl":"http:\/\/www.imuntanya.com\/wp-content\/uploads\/2019\/01\/PP_2018-Salardu-2018_MUrals-16-700x470.jpg","datePublished":"2019-01-21T11:22:43+00:00","dateModified":"2019-07-16T01:05:41+00:00","breadcrumb":{"@id":"http:\/\/www.imuntanya.com\/fr\/blog-fr\/salardu-a-suspended-bridge-prepared-for-winter\/#breadcrumb"},"inLanguage":"fr-FR","potentialAction":[{"@type":"ReadAction","target":["http:\/\/www.imuntanya.com\/fr\/blog-fr\/salardu-a-suspended-bridge-prepared-for-winter\/"]}]},{"@type":"ImageObject","inLanguage":"fr-FR","@id":"http:\/\/www.imuntanya.com\/fr\/blog-fr\/salardu-a-suspended-bridge-prepared-for-winter\/#primaryimage","url":"http:\/\/www.imuntanya.com\/wp-content\/uploads\/2019\/01\/PP_2018-Salardu-2018_MUrals-16-700x470.jpg","contentUrl":"http:\/\/www.imuntanya.com\/wp-content\/uploads\/2019\/01\/PP_2018-Salardu-2018_MUrals-16-700x470.jpg","width":700,"height":470,"caption":"Pont Penjant del Model Urals de iMuntanya construit l'any 2018 a Salard\u00fa, Vall d'Ar\u00e1n. Est\u00e1 preparat per la neu amb una passarel\u00b7la d'acer galvanitzat."},{"@type":"BreadcrumbList","@id":"http:\/\/www.imuntanya.com\/fr\/blog-fr\/salardu-a-suspended-bridge-prepared-for-winter\/#breadcrumb","itemListElement":[{"@type":"ListItem","position":1,"name":"Inici","item":"http:\/\/www.imuntanya.com\/fr\/"},{"@type":"ListItem","position":2,"name":"Salard\u00fa: un pont suspendu pr\u00eat pour l\u2019hiver"}]},{"@type":"WebSite","@id":"http:\/\/www.imuntanya.com\/#website","url":"http:\/\/www.imuntanya.com\/","name":"iMuntanya","description":"Infraestructures per alta muntanya i en zones de dif\u00edcil acc\u00e9s","publisher":{"@id":"http:\/\/www.imuntanya.com\/#organization"},"potentialAction":[{"@type":"SearchAction","target":{"@type":"EntryPoint","urlTemplate":"http:\/\/www.imuntanya.com\/?s={search_term_string}"},"query-input":{"@type":"PropertyValueSpecification","valueRequired":true,"valueName":"search_term_string"}}],"inLanguage":"fr-FR"},{"@type":"Organization","@id":"http:\/\/www.imuntanya.com\/#organization","name":"iMuntanya \u00b7 Infraestructures de Muntanya S.L.","url":"http:\/\/www.imuntanya.com\/","logo":{"@type":"ImageObject","inLanguage":"fr-FR","@id":"http:\/\/www.imuntanya.com\/#\/schema\/logo\/image\/","url":"http:\/\/www.imuntanya.com\/wp-content\/uploads\/2019\/07\/imu-cat-2.png","contentUrl":"http:\/\/www.imuntanya.com\/wp-content\/uploads\/2019\/07\/imu-cat-2.png","width":640,"height":83,"caption":"iMuntanya \u00b7 Infraestructures de Muntanya S.L."},"image":{"@id":"http:\/\/www.imuntanya.com\/#\/schema\/logo\/image\/"},"sameAs":["https:\/\/www.facebook.com\/imuntanya","https:\/\/x.com\/imuntanya15","https:\/\/www.instagram.com\/imuntanya\/","https:\/\/www.linkedin.com\/company\/imuntanya\/","https:\/\/www.youtube.com\/user\/imuntanyaatyoutub"]},{"@type":"Person","@id":"http:\/\/www.imuntanya.com\/#\/schema\/person\/c144fa172ac4fbfb4767af32d5acae8e","name":"Merc\u00e8 Pujol","image":{"@type":"ImageObject","inLanguage":"fr-FR","@id":"http:\/\/www.imuntanya.com\/#\/schema\/person\/image\/","url":"https:\/\/secure.gravatar.com\/avatar\/10213c83b04e18e80603efc3add346a4f27921c505524ba24c92ebf7f86153a2?s=96&d=mm&r=g","contentUrl":"https:\/\/secure.gravatar.com\/avatar\/10213c83b04e18e80603efc3add346a4f27921c505524ba24c92ebf7f86153a2?s=96&d=mm&r=g","caption":"Merc\u00e8 Pujol"},"url":"http:\/\/www.imuntanya.com\/fr\/author\/merce\/"}]}},"_links":{"self":[{"href":"http:\/\/www.imuntanya.com\/fr\/wp-json\/wp\/v2\/posts\/1987","targetHints":{"allow":["GET"]}}],"collection":[{"href":"http:\/\/www.imuntanya.com\/fr\/wp-json\/wp\/v2\/posts"}],"about":[{"href":"http:\/\/www.imuntanya.com\/fr\/wp-json\/wp\/v2\/types\/post"}],"author":[{"embeddable":true,"href":"http:\/\/www.imuntanya.com\/fr\/wp-json\/wp\/v2\/users\/2"}],"replies":[{"embeddable":true,"href":"http:\/\/www.imuntanya.com\/fr\/wp-json\/wp\/v2\/comments?post=1987"}],"version-history":[{"count":4,"href":"http:\/\/www.imuntanya.com\/fr\/wp-json\/wp\/v2\/posts\/1987\/revisions"}],"predecessor-version":[{"id":2319,"href":"http:\/\/www.imuntanya.com\/fr\/wp-json\/wp\/v2\/posts\/1987\/revisions\/2319"}],"wp:featuredmedia":[{"embeddable":true,"href":"http:\/\/www.imuntanya.com\/fr\/wp-json\/wp\/v2\/media\/1714"}],"wp:attachment":[{"href":"http:\/\/www.imuntanya.com\/fr\/wp-json\/wp\/v2\/media?parent=1987"}],"wp:term":[{"taxonomy":"category","embeddable":true,"href":"http:\/\/www.imuntanya.com\/fr\/wp-json\/wp\/v2\/categories?post=1987"},{"taxonomy":"post_tag","embeddable":true,"href":"http:\/\/www.imuntanya.com\/fr\/wp-json\/wp\/v2\/tags?post=1987"}],"curies":[{"name":"wp","href":"https:\/\/api.w.org\/{rel}","templated":true}]}}