{"id":4863,"date":"2020-05-19T07:25:24","date_gmt":"2020-05-19T05:25:24","guid":{"rendered":"http:\/\/www.imuntanya.com\/non-classifiee\/travaux-durgence-apres-le-passage-de-la-tempete-gloria\/"},"modified":"2021-05-06T07:26:40","modified_gmt":"2021-05-06T05:26:40","slug":"travaux-durgence-apres-le-passage-de-la-tempete-gloria","status":"publish","type":"post","link":"http:\/\/www.imuntanya.com\/fr\/blog-fr\/travaux-durgence-apres-le-passage-de-la-tempete-gloria\/","title":{"rendered":"Travaux d\u2019urgence apr\u00e8s le passage de la Temp\u00eate Gloria"},"content":{"rendered":"<p>[et_pb_section fb_built=\u00a0\u00bb1&Prime; _builder_version=\u00a0\u00bb3.22&Prime; custom_margin=\u00a0\u00bb0px|0px|0px|0px\u00a0\u00bb custom_padding=\u00a0\u00bb0px|0px|0px|0px\u00a0\u00bb][et_pb_row _builder_version=\u00a0\u00bb4.4.5&Prime;][et_pb_column type=\u00a0\u00bb4_4&Prime; _builder_version=\u00a0\u00bb4.4.5&Prime; custom_padding=\u00a0\u00bb|||\u00a0\u00bb custom_padding__hover=\u00a0\u00bb|||\u00a0\u00bb][et_pb_text content_last_edited=\u00a0\u00bboff|desktop\u00a0\u00bb admin_label=\u00a0\u00bbText\u00a0\u00bb _builder_version=\u00a0\u00bb4.4.5&Prime; text_line_height=\u00a0\u00bb2em\u00a0\u00bb width=\u00a0\u00bb%22300%22&Prime; height=\u00a0\u00bb%22201%22&Prime; animation_style=\u00a0\u00bbfade\u00a0\u00bb]<b>Fin janvier, un cyclone extra-tropical originaire d&rsquo;Am\u00e9rique du Nord, a entra\u00een\u00e9 de fortes pluies, des vents violents, une temp\u00eate maritime et de fortes chutes de neige dans l&rsquo;est et le nord-est de la p\u00e9ninsule ib\u00e9rique. La temp\u00eate d\u00e9nomm\u00e9e Gloria a \u00e9t\u00e9 consid\u00e9r\u00e9e comme l&rsquo;une des plus fortes des 40 derni\u00e8res ann\u00e9es et a provoqu\u00e9 des victimes mortelles et de nombreux d\u00e9g\u00e2ts. L&rsquo;\u00e9quipe d&rsquo;iMuntanya a r\u00e9agi avec la plus grande rapidit\u00e9 et le plus grand professionnalisme pour r\u00e9parer les dommages et fournir des mesures de s\u00e9curit\u00e9 pour prot\u00e9ger les personnes, les b\u00e2timents et les infrastructures pr\u00e9sentant des risques de glissements de terrain et de la terre.<\/b><\/p>\n<p>Dans la petite ville touristique de Miravet, Tarragone, les pluies ont provoqu\u00e9 une chute de roches et de terre de plus de 6 tonnes qui a affect\u00e9 de nombreuses habitations dans le centre. Plusieurs voisins ont d\u00fb \u00eatre expuls\u00e9s et la rue a \u00e9t\u00e9 ferm\u00e9e \u00e0 la circulation. D\u00e8s que possible, <b>iMuntanya<\/b>, avec l&rsquo;assistance technique de <a href=\"https:\/\/geo-hazardadvisors.com\/\">Geo-HazardAdvisors<\/a>, la ma\u00eetrise d&rsquo;\u0153uvre de <a href=\"https:\/\/proyectoraymar.com\/\">Proyecto Raymar<\/a> et des mat\u00e9riaux <b>Geobrugg<\/b> (Romanshorn, Suisse), a commenc\u00e9 par la r\u00e9alisation de travaux d&rsquo;urgence dans le but de cr\u00e9er une conception de stabilisation de talus de roche solides, en utilisant le grillage Spider Net combin\u00e9 avec des fixations en profondeur.<\/p>\n<table class=\" aligncenter\" style=\"height: 316px; border-color: #ffffff;\" width=\"1406\">\n<tbody>\n<tr>\n<td style=\"width: 462px;\"><img loading=\"lazy\" decoding=\"async\" class=\"wp-image-2830 aligncenter\" src=\"http:\/\/www.imuntanya.com\/wp-content\/uploads\/2020\/05\/GV_2020-Miravet_EstabTalus-1_700x470-300x201.jpg\" alt=\"\" width=\"465\" height=\"312\" \/><\/td>\n<td style=\"width: 461.015625px;\"><img loading=\"lazy\" decoding=\"async\" class=\"wp-image-2820 aligncenter\" src=\"http:\/\/www.imuntanya.com\/wp-content\/uploads\/2020\/05\/GV_2020-Miravet_EstabTalus-5_700x470-300x201.jpg\" alt=\"\" width=\"465\" height=\"312\" \/><\/td>\n<td style=\"width: 461.015625px;\"><img loading=\"lazy\" decoding=\"async\" class=\"wp-image-2840 alignnone aligncenter\" src=\"http:\/\/www.imuntanya.com\/wp-content\/uploads\/2020\/05\/GV_2020-Miravet_EstabTalus-10_700x470-300x201.jpg\" alt=\"\" width=\"465\" height=\"312\" \/><\/td>\n<\/tr>\n<\/tbody>\n<\/table>\n<p>Pour obtenir les meilleurs r\u00e9sultats, la collaboration avec le <a href=\"https:\/\/www.linkedin.com\/in\/dr-carles-ra%25C3%25AFmat-8890956a\/\">Dr. Carles Ra\u00efmat<\/a> de Geo-HazardAdvisors a \u00e9t\u00e9 la cl\u00e9. L&rsquo;utilisation d\u2019un drone permet de travailler avec une photogramm\u00e9trie haute r\u00e9solution comme point de d\u00e9part pour une mod\u00e9lisation 3D du d\u00e9tachement et une \u00e9tude plus d\u00e9taill\u00e9e des \u00e9ventuelles et meilleures solutions \u00e0 mettre en \u0153uvre. Cette technologie de pointe en analyse de terrain nous permet d&rsquo;effectuer une action plus pr\u00e9cise et plus s\u00fbre.<\/p>\n<p><iframe loading=\"lazy\" title=\"Rock slope stabilization MIravet\" width=\"1080\" height=\"608\" src=\"https:\/\/www.youtube.com\/embed\/UkzZsfFC6hE?feature=oembed\" frameborder=\"0\" allow=\"accelerometer; autoplay; clipboard-write; encrypted-media; gyroscope; picture-in-picture\" allowfullscreen><\/iframe><\/p>\n<p>Consid\u00e9r\u00e9e comme une <b>situation essentielle<\/b>, nous avons continu\u00e9 \u00e0 travailler pendant les restrictions provoqu\u00e9es par la Covid-19, avec les difficult\u00e9s suppl\u00e9mentaires de mener \u00e0 bien les travaux en respectant les mesures d\u00e9cr\u00e9t\u00e9es pour stopper la propagation du virus. Tr\u00e8s prochainement, les habitants de Miravet pourront rentrer chez eux et circuler dans leurs rues avec la tranquillit\u00e9 d&rsquo;esprit de savoir qu&rsquo;ils sont \u00e0 l&rsquo;abri des futures chutes de pierres.<\/p>\n<p><b>L&rsquo;actualit\u00e9 et notre travail dans les m\u00e9dias<br \/>\n<\/b><\/p>\n<p>Apr\u00e8s l\u2019\u00e9boulement de fin janvier, divers m\u00e9dias ont soulign\u00e9 cette situation. Les m\u00e9dias locaux ont beaucoup publi\u00e9 : cela a \u00e9t\u00e9 rapport\u00e9 le 24 janvier par le <a href=\"https:\/\/www.diaridetarragona.com\/ebre\/Un-desprendimiento-de-tierra-obliga-a-desalojar-a-4-vecinos-en-Miravet-20200124-0066.html\">Diari de Tarragona<\/a> et la radio informative des Terres de l\u2019Ebre <a href=\"https:\/\/www.imaginaradio.cat\/despreniments-i-talls-dacces-les-consequencies-del-temporal-que-encara-afecten-miravet\/\">imaginaradio.cat<\/a>. Trois jours plus tard, le maire est apparu sur <a href=\"https:\/\/www.canal21ebre.com\/2020\/01\/27\/un-despreniment-de-roques-obliga-a-desallotjar-cinc-veins-a-miravet\/\">Canal21Ebre.<\/a> D\u00e9but f\u00e9vrier, le \u00a0<a href=\"https:\/\/www.youtube.com\/watch?v=XoRC_wH4vgU\">Canal Terres de l\u2019Ebre<\/a> a fait un bref reportage et <a href=\"https:\/\/tarragonadigital.com\/successos\/bombers-treballen-casa-miravet-afectada-temporal-gloria\">Tarragona Digital<\/a>\u00a0 a publi\u00e9 la nouvelle des pompiers intervenant dans l\u2019une des habitations sinistr\u00e9es. De nombreuses publications ont continu\u00e9 \u00e0 rendre compte de la situation. Avec les travaux en cours, le maire de Miravet a d\u00e9taill\u00e9 les travaux qui \u00e9taient en cours <a href=\"https:\/\/www.canal21ebre.com\/2020\/03\/05\/miravet-installa-malles-de-contencio-a-les-roques-afectades-pel-gloria\/\">avec cette nouvelle<\/a>. Il y a quelques jours, le Diari de Tarragona, a rapport\u00e9 que Miravet faisait les premiers pas pour <a href=\"https:\/\/www.diaridetarragona.com\/ebre\/Miravet-reobrir-un-dels-carrers-afectats-pel-despreniment-durant-el-Glria-20200324-0022.html\">rouvrir les rues et permettre aux personnes de pouvoir rentrer chez elles.<\/a>[\/et_pb_text][\/et_pb_column][\/et_pb_row][\/et_pb_section]<\/p>\n","protected":false},"excerpt":{"rendered":"<p>Dans la petite ville touristique de Miravet, Tarragone, les pluies ont provoqu\u00e9 une chute de roches et de terre de plus de 6 tonnes qui a affect\u00e9 de nombreuses habitations dans le centre. <\/p>\n","protected":false},"author":2,"featured_media":2843,"comment_status":"open","ping_status":"open","sticky":false,"template":"","format":"standard","meta":{"_et_pb_use_builder":"on","_et_pb_old_content":"","_et_gb_content_width":"","footnotes":""},"categories":[124],"tags":[143],"class_list":["post-4863","post","type-post","status-publish","format-standard","has-post-thumbnail","hentry","category-blog-fr","tag-ingenierie-geotechnique"],"yoast_head":"<!-- This site is optimized with the Yoast SEO plugin v26.1.1 - https:\/\/yoast.com\/wordpress\/plugins\/seo\/ -->\n<title>Travaux d\u2019urgence apr\u00e8s le passage de la Temp\u00eate Gloria | imuntanya<\/title>\n<meta name=\"description\" content=\"Dans la petite ville touristique de Miravet, Tarragone, les pluies ont provoqu\u00e9 une chute de roches et de terre de plus de 6 tonnes qui a affect\u00e9 de nombreuses habitations dans le centre. Plusieurs voisins ont d\u00fb \u00eatre expuls\u00e9s et la rue a \u00e9t\u00e9 ferm\u00e9e \u00e0 la circulation. D\u00e8s que possible, iMuntanya, avec l&#039;assistance technique de Geo-HazardAdvisors, la ma\u00eetrise d&#039;\u0153uvre de Proyecto Raymar et des mat\u00e9riaux Geobrugg (Romanshorn, Suisse), a commenc\u00e9 par la r\u00e9alisation de travaux d&#039;urgence dans le but de cr\u00e9er une conception de stabilisation de talus de roche solides, en utilisant le grillage Spider Net combin\u00e9 avec des fixations en profondeur.\" \/>\n<meta name=\"robots\" content=\"index, follow, max-snippet:-1, max-image-preview:large, max-video-preview:-1\" \/>\n<link rel=\"canonical\" href=\"http:\/\/www.imuntanya.com\/fr\/blog-fr\/travaux-durgence-apres-le-passage-de-la-tempete-gloria\/\" \/>\n<meta property=\"og:locale\" content=\"fr_FR\" \/>\n<meta property=\"og:type\" content=\"article\" \/>\n<meta property=\"og:title\" content=\"Travaux d\u2019urgence apr\u00e8s le passage de la Temp\u00eate Gloria | imuntanya\" \/>\n<meta property=\"og:description\" content=\"Dans la petite ville touristique de Miravet, Tarragone, les pluies ont provoqu\u00e9 une chute de roches et de terre de plus de 6 tonnes qui a affect\u00e9 de nombreuses habitations dans le centre. Plusieurs voisins ont d\u00fb \u00eatre expuls\u00e9s et la rue a \u00e9t\u00e9 ferm\u00e9e \u00e0 la circulation. D\u00e8s que possible, iMuntanya, avec l&#039;assistance technique de Geo-HazardAdvisors, la ma\u00eetrise d&#039;\u0153uvre de Proyecto Raymar et des mat\u00e9riaux Geobrugg (Romanshorn, Suisse), a commenc\u00e9 par la r\u00e9alisation de travaux d&#039;urgence dans le but de cr\u00e9er une conception de stabilisation de talus de roche solides, en utilisant le grillage Spider Net combin\u00e9 avec des fixations en profondeur.\" \/>\n<meta property=\"og:url\" content=\"http:\/\/www.imuntanya.com\/fr\/blog-fr\/travaux-durgence-apres-le-passage-de-la-tempete-gloria\/\" \/>\n<meta property=\"og:site_name\" content=\"imuntanya\" \/>\n<meta property=\"article:publisher\" content=\"https:\/\/www.facebook.com\/imuntanya\" \/>\n<meta property=\"article:published_time\" content=\"2020-05-19T05:25:24+00:00\" \/>\n<meta property=\"article:modified_time\" content=\"2021-05-06T05:26:40+00:00\" \/>\n<meta property=\"og:image\" content=\"http:\/\/www.imuntanya.com\/wp-content\/uploads\/2020\/05\/GV_2020-Miravet_EstabTalus-10_700x470.jpg\" \/>\n\t<meta property=\"og:image:width\" content=\"700\" \/>\n\t<meta property=\"og:image:height\" content=\"470\" \/>\n\t<meta property=\"og:image:type\" content=\"image\/jpeg\" \/>\n<meta name=\"author\" content=\"Merc\u00e8 Pujol\" \/>\n<meta name=\"twitter:card\" content=\"summary_large_image\" \/>\n<meta name=\"twitter:creator\" content=\"@imuntanya15\" \/>\n<meta name=\"twitter:site\" content=\"@imuntanya15\" \/>\n<meta name=\"twitter:label1\" content=\"\u00c9crit par\" \/>\n\t<meta name=\"twitter:data1\" content=\"Merc\u00e8 Pujol\" \/>\n\t<meta name=\"twitter:label2\" content=\"Dur\u00e9e de lecture estim\u00e9e\" \/>\n\t<meta name=\"twitter:data2\" content=\"3 minutes\" \/>\n<script type=\"application\/ld+json\" class=\"yoast-schema-graph\">{\"@context\":\"https:\/\/schema.org\",\"@graph\":[{\"@type\":\"Article\",\"@id\":\"http:\/\/www.imuntanya.com\/fr\/blog-fr\/travaux-durgence-apres-le-passage-de-la-tempete-gloria\/#article\",\"isPartOf\":{\"@id\":\"http:\/\/www.imuntanya.com\/fr\/blog-fr\/travaux-durgence-apres-le-passage-de-la-tempete-gloria\/\"},\"author\":{\"name\":\"Merc\u00e8 Pujol\",\"@id\":\"http:\/\/www.imuntanya.com\/#\/schema\/person\/c144fa172ac4fbfb4767af32d5acae8e\"},\"headline\":\"Travaux d\u2019urgence apr\u00e8s le passage de la Temp\u00eate Gloria\",\"datePublished\":\"2020-05-19T05:25:24+00:00\",\"dateModified\":\"2021-05-06T05:26:40+00:00\",\"mainEntityOfPage\":{\"@id\":\"http:\/\/www.imuntanya.com\/fr\/blog-fr\/travaux-durgence-apres-le-passage-de-la-tempete-gloria\/\"},\"wordCount\":650,\"commentCount\":0,\"publisher\":{\"@id\":\"http:\/\/www.imuntanya.com\/#organization\"},\"image\":{\"@id\":\"http:\/\/www.imuntanya.com\/fr\/blog-fr\/travaux-durgence-apres-le-passage-de-la-tempete-gloria\/#primaryimage\"},\"thumbnailUrl\":\"http:\/\/www.imuntanya.com\/wp-content\/uploads\/2020\/05\/GV_2020-Miravet_EstabTalus-10_700x470.jpg\",\"keywords\":[\"Ing\u00e9nierie g\u00e9otechnique\"],\"articleSection\":[\"Blog\"],\"inLanguage\":\"fr-FR\",\"potentialAction\":[{\"@type\":\"CommentAction\",\"name\":\"Comment\",\"target\":[\"http:\/\/www.imuntanya.com\/fr\/blog-fr\/travaux-durgence-apres-le-passage-de-la-tempete-gloria\/#respond\"]}]},{\"@type\":\"WebPage\",\"@id\":\"http:\/\/www.imuntanya.com\/fr\/blog-fr\/travaux-durgence-apres-le-passage-de-la-tempete-gloria\/\",\"url\":\"http:\/\/www.imuntanya.com\/fr\/blog-fr\/travaux-durgence-apres-le-passage-de-la-tempete-gloria\/\",\"name\":\"Travaux d\u2019urgence apr\u00e8s le passage de la Temp\u00eate Gloria | imuntanya\",\"isPartOf\":{\"@id\":\"http:\/\/www.imuntanya.com\/#website\"},\"primaryImageOfPage\":{\"@id\":\"http:\/\/www.imuntanya.com\/fr\/blog-fr\/travaux-durgence-apres-le-passage-de-la-tempete-gloria\/#primaryimage\"},\"image\":{\"@id\":\"http:\/\/www.imuntanya.com\/fr\/blog-fr\/travaux-durgence-apres-le-passage-de-la-tempete-gloria\/#primaryimage\"},\"thumbnailUrl\":\"http:\/\/www.imuntanya.com\/wp-content\/uploads\/2020\/05\/GV_2020-Miravet_EstabTalus-10_700x470.jpg\",\"datePublished\":\"2020-05-19T05:25:24+00:00\",\"dateModified\":\"2021-05-06T05:26:40+00:00\",\"description\":\"Dans la petite ville touristique de Miravet, Tarragone, les pluies ont provoqu\u00e9 une chute de roches et de terre de plus de 6 tonnes qui a affect\u00e9 de nombreuses habitations dans le centre. Plusieurs voisins ont d\u00fb \u00eatre expuls\u00e9s et la rue a \u00e9t\u00e9 ferm\u00e9e \u00e0 la circulation. D\u00e8s que possible, iMuntanya, avec l'assistance technique de Geo-HazardAdvisors, la ma\u00eetrise d'\u0153uvre de Proyecto Raymar et des mat\u00e9riaux Geobrugg (Romanshorn, Suisse), a commenc\u00e9 par la r\u00e9alisation de travaux d'urgence dans le but de cr\u00e9er une conception de stabilisation de talus de roche solides, en utilisant le grillage Spider Net combin\u00e9 avec des fixations en profondeur.\",\"breadcrumb\":{\"@id\":\"http:\/\/www.imuntanya.com\/fr\/blog-fr\/travaux-durgence-apres-le-passage-de-la-tempete-gloria\/#breadcrumb\"},\"inLanguage\":\"fr-FR\",\"potentialAction\":[{\"@type\":\"ReadAction\",\"target\":[\"http:\/\/www.imuntanya.com\/fr\/blog-fr\/travaux-durgence-apres-le-passage-de-la-tempete-gloria\/\"]}]},{\"@type\":\"ImageObject\",\"inLanguage\":\"fr-FR\",\"@id\":\"http:\/\/www.imuntanya.com\/fr\/blog-fr\/travaux-durgence-apres-le-passage-de-la-tempete-gloria\/#primaryimage\",\"url\":\"http:\/\/www.imuntanya.com\/wp-content\/uploads\/2020\/05\/GV_2020-Miravet_EstabTalus-10_700x470.jpg\",\"contentUrl\":\"http:\/\/www.imuntanya.com\/wp-content\/uploads\/2020\/05\/GV_2020-Miravet_EstabTalus-10_700x470.jpg\",\"width\":700,\"height\":470},{\"@type\":\"BreadcrumbList\",\"@id\":\"http:\/\/www.imuntanya.com\/fr\/blog-fr\/travaux-durgence-apres-le-passage-de-la-tempete-gloria\/#breadcrumb\",\"itemListElement\":[{\"@type\":\"ListItem\",\"position\":1,\"name\":\"Inici\",\"item\":\"http:\/\/www.imuntanya.com\/fr\/\"},{\"@type\":\"ListItem\",\"position\":2,\"name\":\"Travaux d\u2019urgence apr\u00e8s le passage de la Temp\u00eate Gloria\"}]},{\"@type\":\"WebSite\",\"@id\":\"http:\/\/www.imuntanya.com\/#website\",\"url\":\"http:\/\/www.imuntanya.com\/\",\"name\":\"iMuntanya\",\"description\":\"Infraestructures per alta muntanya i en zones de dif\u00edcil acc\u00e9s\",\"publisher\":{\"@id\":\"http:\/\/www.imuntanya.com\/#organization\"},\"potentialAction\":[{\"@type\":\"SearchAction\",\"target\":{\"@type\":\"EntryPoint\",\"urlTemplate\":\"http:\/\/www.imuntanya.com\/?s={search_term_string}\"},\"query-input\":{\"@type\":\"PropertyValueSpecification\",\"valueRequired\":true,\"valueName\":\"search_term_string\"}}],\"inLanguage\":\"fr-FR\"},{\"@type\":\"Organization\",\"@id\":\"http:\/\/www.imuntanya.com\/#organization\",\"name\":\"iMuntanya \u00b7 Infraestructures de Muntanya S.L.\",\"url\":\"http:\/\/www.imuntanya.com\/\",\"logo\":{\"@type\":\"ImageObject\",\"inLanguage\":\"fr-FR\",\"@id\":\"http:\/\/www.imuntanya.com\/#\/schema\/logo\/image\/\",\"url\":\"http:\/\/www.imuntanya.com\/wp-content\/uploads\/2019\/07\/imu-cat-2.png\",\"contentUrl\":\"http:\/\/www.imuntanya.com\/wp-content\/uploads\/2019\/07\/imu-cat-2.png\",\"width\":640,\"height\":83,\"caption\":\"iMuntanya \u00b7 Infraestructures de Muntanya S.L.\"},\"image\":{\"@id\":\"http:\/\/www.imuntanya.com\/#\/schema\/logo\/image\/\"},\"sameAs\":[\"https:\/\/www.facebook.com\/imuntanya\",\"https:\/\/x.com\/imuntanya15\",\"https:\/\/www.instagram.com\/imuntanya\/\",\"https:\/\/www.linkedin.com\/company\/imuntanya\/\",\"https:\/\/www.youtube.com\/user\/imuntanyaatyoutub\"]},{\"@type\":\"Person\",\"@id\":\"http:\/\/www.imuntanya.com\/#\/schema\/person\/c144fa172ac4fbfb4767af32d5acae8e\",\"name\":\"Merc\u00e8 Pujol\",\"image\":{\"@type\":\"ImageObject\",\"inLanguage\":\"fr-FR\",\"@id\":\"http:\/\/www.imuntanya.com\/#\/schema\/person\/image\/\",\"url\":\"https:\/\/secure.gravatar.com\/avatar\/10213c83b04e18e80603efc3add346a4f27921c505524ba24c92ebf7f86153a2?s=96&d=mm&r=g\",\"contentUrl\":\"https:\/\/secure.gravatar.com\/avatar\/10213c83b04e18e80603efc3add346a4f27921c505524ba24c92ebf7f86153a2?s=96&d=mm&r=g\",\"caption\":\"Merc\u00e8 Pujol\"},\"url\":\"http:\/\/www.imuntanya.com\/fr\/author\/merce\/\"}]}<\/script>\n<!-- \/ Yoast SEO plugin. -->","yoast_head_json":{"title":"Travaux d\u2019urgence apr\u00e8s le passage de la Temp\u00eate Gloria | imuntanya","description":"Dans la petite ville touristique de Miravet, Tarragone, les pluies ont provoqu\u00e9 une chute de roches et de terre de plus de 6 tonnes qui a affect\u00e9 de nombreuses habitations dans le centre. Plusieurs voisins ont d\u00fb \u00eatre expuls\u00e9s et la rue a \u00e9t\u00e9 ferm\u00e9e \u00e0 la circulation. D\u00e8s que possible, iMuntanya, avec l'assistance technique de Geo-HazardAdvisors, la ma\u00eetrise d'\u0153uvre de Proyecto Raymar et des mat\u00e9riaux Geobrugg (Romanshorn, Suisse), a commenc\u00e9 par la r\u00e9alisation de travaux d'urgence dans le but de cr\u00e9er une conception de stabilisation de talus de roche solides, en utilisant le grillage Spider Net combin\u00e9 avec des fixations en profondeur.","robots":{"index":"index","follow":"follow","max-snippet":"max-snippet:-1","max-image-preview":"max-image-preview:large","max-video-preview":"max-video-preview:-1"},"canonical":"http:\/\/www.imuntanya.com\/fr\/blog-fr\/travaux-durgence-apres-le-passage-de-la-tempete-gloria\/","og_locale":"fr_FR","og_type":"article","og_title":"Travaux d\u2019urgence apr\u00e8s le passage de la Temp\u00eate Gloria | imuntanya","og_description":"Dans la petite ville touristique de Miravet, Tarragone, les pluies ont provoqu\u00e9 une chute de roches et de terre de plus de 6 tonnes qui a affect\u00e9 de nombreuses habitations dans le centre. Plusieurs voisins ont d\u00fb \u00eatre expuls\u00e9s et la rue a \u00e9t\u00e9 ferm\u00e9e \u00e0 la circulation. D\u00e8s que possible, iMuntanya, avec l'assistance technique de Geo-HazardAdvisors, la ma\u00eetrise d'\u0153uvre de Proyecto Raymar et des mat\u00e9riaux Geobrugg (Romanshorn, Suisse), a commenc\u00e9 par la r\u00e9alisation de travaux d'urgence dans le but de cr\u00e9er une conception de stabilisation de talus de roche solides, en utilisant le grillage Spider Net combin\u00e9 avec des fixations en profondeur.","og_url":"http:\/\/www.imuntanya.com\/fr\/blog-fr\/travaux-durgence-apres-le-passage-de-la-tempete-gloria\/","og_site_name":"imuntanya","article_publisher":"https:\/\/www.facebook.com\/imuntanya","article_published_time":"2020-05-19T05:25:24+00:00","article_modified_time":"2021-05-06T05:26:40+00:00","og_image":[{"width":700,"height":470,"url":"http:\/\/www.imuntanya.com\/wp-content\/uploads\/2020\/05\/GV_2020-Miravet_EstabTalus-10_700x470.jpg","type":"image\/jpeg"}],"author":"Merc\u00e8 Pujol","twitter_card":"summary_large_image","twitter_creator":"@imuntanya15","twitter_site":"@imuntanya15","twitter_misc":{"\u00c9crit par":"Merc\u00e8 Pujol","Dur\u00e9e de lecture estim\u00e9e":"3 minutes"},"schema":{"@context":"https:\/\/schema.org","@graph":[{"@type":"Article","@id":"http:\/\/www.imuntanya.com\/fr\/blog-fr\/travaux-durgence-apres-le-passage-de-la-tempete-gloria\/#article","isPartOf":{"@id":"http:\/\/www.imuntanya.com\/fr\/blog-fr\/travaux-durgence-apres-le-passage-de-la-tempete-gloria\/"},"author":{"name":"Merc\u00e8 Pujol","@id":"http:\/\/www.imuntanya.com\/#\/schema\/person\/c144fa172ac4fbfb4767af32d5acae8e"},"headline":"Travaux d\u2019urgence apr\u00e8s le passage de la Temp\u00eate Gloria","datePublished":"2020-05-19T05:25:24+00:00","dateModified":"2021-05-06T05:26:40+00:00","mainEntityOfPage":{"@id":"http:\/\/www.imuntanya.com\/fr\/blog-fr\/travaux-durgence-apres-le-passage-de-la-tempete-gloria\/"},"wordCount":650,"commentCount":0,"publisher":{"@id":"http:\/\/www.imuntanya.com\/#organization"},"image":{"@id":"http:\/\/www.imuntanya.com\/fr\/blog-fr\/travaux-durgence-apres-le-passage-de-la-tempete-gloria\/#primaryimage"},"thumbnailUrl":"http:\/\/www.imuntanya.com\/wp-content\/uploads\/2020\/05\/GV_2020-Miravet_EstabTalus-10_700x470.jpg","keywords":["Ing\u00e9nierie g\u00e9otechnique"],"articleSection":["Blog"],"inLanguage":"fr-FR","potentialAction":[{"@type":"CommentAction","name":"Comment","target":["http:\/\/www.imuntanya.com\/fr\/blog-fr\/travaux-durgence-apres-le-passage-de-la-tempete-gloria\/#respond"]}]},{"@type":"WebPage","@id":"http:\/\/www.imuntanya.com\/fr\/blog-fr\/travaux-durgence-apres-le-passage-de-la-tempete-gloria\/","url":"http:\/\/www.imuntanya.com\/fr\/blog-fr\/travaux-durgence-apres-le-passage-de-la-tempete-gloria\/","name":"Travaux d\u2019urgence apr\u00e8s le passage de la Temp\u00eate Gloria | imuntanya","isPartOf":{"@id":"http:\/\/www.imuntanya.com\/#website"},"primaryImageOfPage":{"@id":"http:\/\/www.imuntanya.com\/fr\/blog-fr\/travaux-durgence-apres-le-passage-de-la-tempete-gloria\/#primaryimage"},"image":{"@id":"http:\/\/www.imuntanya.com\/fr\/blog-fr\/travaux-durgence-apres-le-passage-de-la-tempete-gloria\/#primaryimage"},"thumbnailUrl":"http:\/\/www.imuntanya.com\/wp-content\/uploads\/2020\/05\/GV_2020-Miravet_EstabTalus-10_700x470.jpg","datePublished":"2020-05-19T05:25:24+00:00","dateModified":"2021-05-06T05:26:40+00:00","description":"Dans la petite ville touristique de Miravet, Tarragone, les pluies ont provoqu\u00e9 une chute de roches et de terre de plus de 6 tonnes qui a affect\u00e9 de nombreuses habitations dans le centre. Plusieurs voisins ont d\u00fb \u00eatre expuls\u00e9s et la rue a \u00e9t\u00e9 ferm\u00e9e \u00e0 la circulation. D\u00e8s que possible, iMuntanya, avec l'assistance technique de Geo-HazardAdvisors, la ma\u00eetrise d'\u0153uvre de Proyecto Raymar et des mat\u00e9riaux Geobrugg (Romanshorn, Suisse), a commenc\u00e9 par la r\u00e9alisation de travaux d'urgence dans le but de cr\u00e9er une conception de stabilisation de talus de roche solides, en utilisant le grillage Spider Net combin\u00e9 avec des fixations en profondeur.","breadcrumb":{"@id":"http:\/\/www.imuntanya.com\/fr\/blog-fr\/travaux-durgence-apres-le-passage-de-la-tempete-gloria\/#breadcrumb"},"inLanguage":"fr-FR","potentialAction":[{"@type":"ReadAction","target":["http:\/\/www.imuntanya.com\/fr\/blog-fr\/travaux-durgence-apres-le-passage-de-la-tempete-gloria\/"]}]},{"@type":"ImageObject","inLanguage":"fr-FR","@id":"http:\/\/www.imuntanya.com\/fr\/blog-fr\/travaux-durgence-apres-le-passage-de-la-tempete-gloria\/#primaryimage","url":"http:\/\/www.imuntanya.com\/wp-content\/uploads\/2020\/05\/GV_2020-Miravet_EstabTalus-10_700x470.jpg","contentUrl":"http:\/\/www.imuntanya.com\/wp-content\/uploads\/2020\/05\/GV_2020-Miravet_EstabTalus-10_700x470.jpg","width":700,"height":470},{"@type":"BreadcrumbList","@id":"http:\/\/www.imuntanya.com\/fr\/blog-fr\/travaux-durgence-apres-le-passage-de-la-tempete-gloria\/#breadcrumb","itemListElement":[{"@type":"ListItem","position":1,"name":"Inici","item":"http:\/\/www.imuntanya.com\/fr\/"},{"@type":"ListItem","position":2,"name":"Travaux d\u2019urgence apr\u00e8s le passage de la Temp\u00eate Gloria"}]},{"@type":"WebSite","@id":"http:\/\/www.imuntanya.com\/#website","url":"http:\/\/www.imuntanya.com\/","name":"iMuntanya","description":"Infraestructures per alta muntanya i en zones de dif\u00edcil acc\u00e9s","publisher":{"@id":"http:\/\/www.imuntanya.com\/#organization"},"potentialAction":[{"@type":"SearchAction","target":{"@type":"EntryPoint","urlTemplate":"http:\/\/www.imuntanya.com\/?s={search_term_string}"},"query-input":{"@type":"PropertyValueSpecification","valueRequired":true,"valueName":"search_term_string"}}],"inLanguage":"fr-FR"},{"@type":"Organization","@id":"http:\/\/www.imuntanya.com\/#organization","name":"iMuntanya \u00b7 Infraestructures de Muntanya S.L.","url":"http:\/\/www.imuntanya.com\/","logo":{"@type":"ImageObject","inLanguage":"fr-FR","@id":"http:\/\/www.imuntanya.com\/#\/schema\/logo\/image\/","url":"http:\/\/www.imuntanya.com\/wp-content\/uploads\/2019\/07\/imu-cat-2.png","contentUrl":"http:\/\/www.imuntanya.com\/wp-content\/uploads\/2019\/07\/imu-cat-2.png","width":640,"height":83,"caption":"iMuntanya \u00b7 Infraestructures de Muntanya S.L."},"image":{"@id":"http:\/\/www.imuntanya.com\/#\/schema\/logo\/image\/"},"sameAs":["https:\/\/www.facebook.com\/imuntanya","https:\/\/x.com\/imuntanya15","https:\/\/www.instagram.com\/imuntanya\/","https:\/\/www.linkedin.com\/company\/imuntanya\/","https:\/\/www.youtube.com\/user\/imuntanyaatyoutub"]},{"@type":"Person","@id":"http:\/\/www.imuntanya.com\/#\/schema\/person\/c144fa172ac4fbfb4767af32d5acae8e","name":"Merc\u00e8 Pujol","image":{"@type":"ImageObject","inLanguage":"fr-FR","@id":"http:\/\/www.imuntanya.com\/#\/schema\/person\/image\/","url":"https:\/\/secure.gravatar.com\/avatar\/10213c83b04e18e80603efc3add346a4f27921c505524ba24c92ebf7f86153a2?s=96&d=mm&r=g","contentUrl":"https:\/\/secure.gravatar.com\/avatar\/10213c83b04e18e80603efc3add346a4f27921c505524ba24c92ebf7f86153a2?s=96&d=mm&r=g","caption":"Merc\u00e8 Pujol"},"url":"http:\/\/www.imuntanya.com\/fr\/author\/merce\/"}]}},"_links":{"self":[{"href":"http:\/\/www.imuntanya.com\/fr\/wp-json\/wp\/v2\/posts\/4863","targetHints":{"allow":["GET"]}}],"collection":[{"href":"http:\/\/www.imuntanya.com\/fr\/wp-json\/wp\/v2\/posts"}],"about":[{"href":"http:\/\/www.imuntanya.com\/fr\/wp-json\/wp\/v2\/types\/post"}],"author":[{"embeddable":true,"href":"http:\/\/www.imuntanya.com\/fr\/wp-json\/wp\/v2\/users\/2"}],"replies":[{"embeddable":true,"href":"http:\/\/www.imuntanya.com\/fr\/wp-json\/wp\/v2\/comments?post=4863"}],"version-history":[{"count":1,"href":"http:\/\/www.imuntanya.com\/fr\/wp-json\/wp\/v2\/posts\/4863\/revisions"}],"predecessor-version":[{"id":4864,"href":"http:\/\/www.imuntanya.com\/fr\/wp-json\/wp\/v2\/posts\/4863\/revisions\/4864"}],"wp:featuredmedia":[{"embeddable":true,"href":"http:\/\/www.imuntanya.com\/fr\/wp-json\/wp\/v2\/media\/2843"}],"wp:attachment":[{"href":"http:\/\/www.imuntanya.com\/fr\/wp-json\/wp\/v2\/media?parent=4863"}],"wp:term":[{"taxonomy":"category","embeddable":true,"href":"http:\/\/www.imuntanya.com\/fr\/wp-json\/wp\/v2\/categories?post=4863"},{"taxonomy":"post_tag","embeddable":true,"href":"http:\/\/www.imuntanya.com\/fr\/wp-json\/wp\/v2\/tags?post=4863"}],"curies":[{"name":"wp","href":"https:\/\/api.w.org\/{rel}","templated":true}]}}