{"id":4866,"date":"2019-07-25T07:43:38","date_gmt":"2019-07-25T05:43:38","guid":{"rendered":"http:\/\/www.imuntanya.com\/non-classifiee\/micropieux-profonds-une-economie-en-haute-montagne\/"},"modified":"2021-05-06T07:45:03","modified_gmt":"2021-05-06T05:45:03","slug":"micropieux-profonds-une-economie-en-haute-montagne","status":"publish","type":"post","link":"http:\/\/www.imuntanya.com\/fr\/blog-fr\/micropieux-profonds-une-economie-en-haute-montagne\/","title":{"rendered":"Micropieux profonds, une \u00e9conomie en haute montagne"},"content":{"rendered":"<p>[et_pb_section fb_built=\u00a0\u00bb1&Prime; _builder_version=\u00a0\u00bb3.22&Prime; custom_margin=\u00a0\u00bb0px|0px|0px|0px\u00a0\u00bb custom_padding=\u00a0\u00bb0px|0px|0px|0px\u00a0\u00bb][et_pb_row _builder_version=\u00a0\u00bb3.25&Prime;][et_pb_column type=\u00a0\u00bb4_4&Prime; _builder_version=\u00a0\u00bb3.0.47&Prime; custom_padding=\u00a0\u00bb|||\u00a0\u00bb custom_padding__hover=\u00a0\u00bb|||\u00a0\u00bb][et_pb_text _builder_version=\u00a0\u00bb4.4.5&Prime; width=\u00a0\u00bb80%\u00a0\u00bb width_phone=\u00a0\u00bb50px\u00a0\u00bb max_width=\u00a0\u00bb1366px\u00a0\u00bb max_width_tablet=\u00a0\u00bb100px\u00a0\u00bb max_width_phone=\u00a0\u00bb50px\u00a0\u00bb hover_enabled=\u00a0\u00bb0&Prime; z_index_tablet=\u00a0\u00bb500&Prime; text_text_shadow_horizontal_length_tablet=\u00a0\u00bb0px\u00a0\u00bb text_text_shadow_vertical_length_tablet=\u00a0\u00bb0px\u00a0\u00bb text_text_shadow_blur_strength_tablet=\u00a0\u00bb1px\u00a0\u00bb link_text_shadow_horizontal_length_tablet=\u00a0\u00bb0px\u00a0\u00bb link_text_shadow_vertical_length_tablet=\u00a0\u00bb0px\u00a0\u00bb link_text_shadow_blur_strength_tablet=\u00a0\u00bb1px\u00a0\u00bb ul_text_shadow_horizontal_length_tablet=\u00a0\u00bb0px\u00a0\u00bb ul_text_shadow_vertical_length_tablet=\u00a0\u00bb0px\u00a0\u00bb ul_text_shadow_blur_strength_tablet=\u00a0\u00bb1px\u00a0\u00bb ol_text_shadow_horizontal_length_tablet=\u00a0\u00bb0px\u00a0\u00bb ol_text_shadow_vertical_length_tablet=\u00a0\u00bb0px\u00a0\u00bb ol_text_shadow_blur_strength_tablet=\u00a0\u00bb1px\u00a0\u00bb quote_text_shadow_horizontal_length_tablet=\u00a0\u00bb0px\u00a0\u00bb quote_text_shadow_vertical_length_tablet=\u00a0\u00bb0px\u00a0\u00bb quote_text_shadow_blur_strength_tablet=\u00a0\u00bb1px\u00a0\u00bb header_text_shadow_horizontal_length_tablet=\u00a0\u00bb0px\u00a0\u00bb header_text_shadow_vertical_length_tablet=\u00a0\u00bb0px\u00a0\u00bb header_text_shadow_blur_strength_tablet=\u00a0\u00bb1px\u00a0\u00bb header_2_text_shadow_horizontal_length_tablet=\u00a0\u00bb0px\u00a0\u00bb header_2_text_shadow_vertical_length_tablet=\u00a0\u00bb0px\u00a0\u00bb header_2_text_shadow_blur_strength_tablet=\u00a0\u00bb1px\u00a0\u00bb header_3_text_shadow_horizontal_length_tablet=\u00a0\u00bb0px\u00a0\u00bb header_3_text_shadow_vertical_length_tablet=\u00a0\u00bb0px\u00a0\u00bb header_3_text_shadow_blur_strength_tablet=\u00a0\u00bb1px\u00a0\u00bb header_4_text_shadow_horizontal_length_tablet=\u00a0\u00bb0px\u00a0\u00bb header_4_text_shadow_vertical_length_tablet=\u00a0\u00bb0px\u00a0\u00bb header_4_text_shadow_blur_strength_tablet=\u00a0\u00bb1px\u00a0\u00bb header_5_text_shadow_horizontal_length_tablet=\u00a0\u00bb0px\u00a0\u00bb header_5_text_shadow_vertical_length_tablet=\u00a0\u00bb0px\u00a0\u00bb header_5_text_shadow_blur_strength_tablet=\u00a0\u00bb1px\u00a0\u00bb header_6_text_shadow_horizontal_length_tablet=\u00a0\u00bb0px\u00a0\u00bb header_6_text_shadow_vertical_length_tablet=\u00a0\u00bb0px\u00a0\u00bb header_6_text_shadow_blur_strength_tablet=\u00a0\u00bb1px\u00a0\u00bb box_shadow_horizontal_tablet=\u00a0\u00bb0px\u00a0\u00bb box_shadow_vertical_tablet=\u00a0\u00bb0px\u00a0\u00bb box_shadow_blur_tablet=\u00a0\u00bb40px\u00a0\u00bb box_shadow_spread_tablet=\u00a0\u00bb0px\u00a0\u00bb admin_label=\u00a0\u00bbText\u00a0\u00bb]Nous nous trouvons dans la Vall\u00e9e de Nuria, dans les Pyr\u00e9n\u00e9es catalanes. Nous avons commenc\u00e9 les travaux de construction d\u2019un nouveau t\u00e9l\u00e9si\u00e8ge qui reliera les installations \u00e0 l\u2019auberge \u00ab Pic de l\u2019\u00c0liga \u00bb, situ\u00e9e \u00e0 2 120 m\u00e8tres.<\/p>\n<p>L&rsquo;\u00e9quipe d&rsquo;<a href=\"http:\/\/www.imuntanya.com\/es\/blog-es\/micropilotes-profundos-un-ahorro-economico-en-la-alta-montana\/\"><b>iMuntanya<\/b><\/a> construit des micropieux pour les fondations de cette nouvelle installation. Pour les deux pyl\u00f4nes de d\u00e9part et d&rsquo;arriv\u00e9e, la section de la couche de b\u00e9ton des semelles pour les fondations profondes a \u00e9t\u00e9 r\u00e9duite, supposant une \u00e9conomie consid\u00e9rable puisque le b\u00e9ton doit \u00eatre transport\u00e9 \u00e0 des cotes de plus de 2000 m\u00e8tres.<\/p>\n<p>Les micropieux ont un diam\u00e8tre de 125 mm et p\u00e9n\u00e9treront jusqu&rsquo;\u00e0 10 m\u00e8tres de profondeur avec une \u00e2me m\u00e9tallique en barre d&rsquo;acier massif avec des caract\u00e9ristiques de haute r\u00e9sistance 670\/800.<\/p>\n<p>Voici quelques-unes des images de ces travaux :<\/p>\n<p style=\"text-align: center;\"><img loading=\"lazy\" decoding=\"async\" class=\"size-medium wp-image-2447 aligncenter\" src=\"http:\/\/www.imuntanya.com\/wp-content\/uploads\/2019\/07\/GV_2019-VallNuria_micropilots-telecadira-1-300x225.jpeg\" alt=\"\" width=\"300\" height=\"225\" srcset=\"http:\/\/www.imuntanya.com\/wp-content\/uploads\/2019\/07\/GV_2019-VallNuria_micropilots-telecadira-1-300x225.jpeg 300w, http:\/\/www.imuntanya.com\/wp-content\/uploads\/2019\/07\/GV_2019-VallNuria_micropilots-telecadira-1-768x576.jpeg 768w, http:\/\/www.imuntanya.com\/wp-content\/uploads\/2019\/07\/GV_2019-VallNuria_micropilots-telecadira-1-1024x768.jpeg 1024w, http:\/\/www.imuntanya.com\/wp-content\/uploads\/2019\/07\/GV_2019-VallNuria_micropilots-telecadira-1-510x382.jpeg 510w, http:\/\/www.imuntanya.com\/wp-content\/uploads\/2019\/07\/GV_2019-VallNuria_micropilots-telecadira-1-1080x810.jpeg 1080w, http:\/\/www.imuntanya.com\/wp-content\/uploads\/2019\/07\/GV_2019-VallNuria_micropilots-telecadira-1.jpeg 1600w\" sizes=\"auto, (max-width: 300px) 100vw, 300px\" \/>Mont\u00e9e des micropieux dans le funiculaire de N\u00faria<\/p>\n<p style=\"text-align: center;\"><img loading=\"lazy\" decoding=\"async\" class=\"size-medium wp-image-2462 aligncenter\" src=\"http:\/\/www.imuntanya.com\/wp-content\/uploads\/2019\/07\/GV_2019-VallNuria_micropilots-telecadira-4-300x225.jpeg\" alt=\"\" width=\"300\" height=\"225\" srcset=\"http:\/\/www.imuntanya.com\/wp-content\/uploads\/2019\/07\/GV_2019-VallNuria_micropilots-telecadira-4-300x225.jpeg 300w, http:\/\/www.imuntanya.com\/wp-content\/uploads\/2019\/07\/GV_2019-VallNuria_micropilots-telecadira-4-768x576.jpeg 768w, http:\/\/www.imuntanya.com\/wp-content\/uploads\/2019\/07\/GV_2019-VallNuria_micropilots-telecadira-4-1024x768.jpeg 1024w, http:\/\/www.imuntanya.com\/wp-content\/uploads\/2019\/07\/GV_2019-VallNuria_micropilots-telecadira-4-510x382.jpeg 510w, http:\/\/www.imuntanya.com\/wp-content\/uploads\/2019\/07\/GV_2019-VallNuria_micropilots-telecadira-4-1080x810.jpeg 1080w, http:\/\/www.imuntanya.com\/wp-content\/uploads\/2019\/07\/GV_2019-VallNuria_micropilots-telecadira-4.jpeg 1600w\" sizes=\"auto, (max-width: 300px) 100vw, 300px\" \/>Le t\u00e9l\u00e9si\u00e8ge reliera les installations de N\u00faria \u00e0 l&rsquo;auberge<\/p>\n<p style=\"text-align: center;\"><img loading=\"lazy\" decoding=\"async\" class=\"size-medium wp-image-2467 aligncenter\" src=\"http:\/\/www.imuntanya.com\/wp-content\/uploads\/2019\/07\/GV_2019-VallNuria_micropilots-telecadira-5-300x225.jpeg\" alt=\"\" width=\"300\" height=\"225\" srcset=\"http:\/\/www.imuntanya.com\/wp-content\/uploads\/2019\/07\/GV_2019-VallNuria_micropilots-telecadira-5-300x225.jpeg 300w, http:\/\/www.imuntanya.com\/wp-content\/uploads\/2019\/07\/GV_2019-VallNuria_micropilots-telecadira-5-768x576.jpeg 768w, http:\/\/www.imuntanya.com\/wp-content\/uploads\/2019\/07\/GV_2019-VallNuria_micropilots-telecadira-5-1024x768.jpeg 1024w, http:\/\/www.imuntanya.com\/wp-content\/uploads\/2019\/07\/GV_2019-VallNuria_micropilots-telecadira-5-510x382.jpeg 510w, http:\/\/www.imuntanya.com\/wp-content\/uploads\/2019\/07\/GV_2019-VallNuria_micropilots-telecadira-5-1080x810.jpeg 1080w, http:\/\/www.imuntanya.com\/wp-content\/uploads\/2019\/07\/GV_2019-VallNuria_micropilots-telecadira-5.jpeg 1600w\" sizes=\"auto, (max-width: 300px) 100vw, 300px\" \/>Les travaux de micro-fondation ont commenc\u00e9 avec des vues spectaculaires<\/p>\n<p>Informations dans les m\u00e9dias sur les travaux de la nouvelle t\u00e9l\u00e9cabine de la Vall de N\u00faria (en catalan):<\/p>\n<p>Inauguration:<br \/>\n10 mars 2020: <a href=\"https:\/\/www.ccma.cat\/tv3\/alacarta\/telenoticies-comarques\/la-vall-de-nuria-recupera-el-teleferic-de-la-coma-del-clot\/video\/6034453\/\">Inauguraci\u00f3 del nou servei de telef\u00e8ric<\/a>\u00a0(TV3)<br \/>\n23 f\u00e9vrier 2020: <a href=\"https:\/\/el9nou.cat\/osona-ripolles\/actualitat\/nuria-estrena-telecabina-a-la-coma-del-clot\/\">N\u00faria estreba telecabina a la Coma del Clot<\/a> (El9Nou.cat)<br \/>\n22 f\u00e9vrier: <a href=\"https:\/\/www.diaridegirona.cat\/comarques\/2020\/02\/21\/lestacio-vall-nuria-substitueix-telecabina\/1030575.html\">L&rsquo;estaci\u00f3 de la Vall de N\u00faria substitueix el telecabina per un telef\u00e8ric amb m\u00e9s capacitat<\/a> (Diari de Girona)<br \/>\n21 f\u00e9vrier: <a href=\"https:\/\/www.naciodigital.cat\/elripolles\/noticia\/32378\/vall\/nuria\/recupera\/finalment\/telecabina\/amb\/doble\/capacitat\">Vall de N\u00faria recupera finalment el telecabina amb el doble de capacitat<\/a> (Naci\u00f3 Ripoll\u00e8s)<\/p>\n<p>D\u00e9but des travaux:<br \/>\n8 juin 2019: <a href=\"https:\/\/www.diaridelaneu.cat\/noticia\/8932\/vall-de-nuria-comenca-dilluns-les-obres-per-renovar-el-telecabina\">FGC renova el telecabina Conma del Clot de la Vall de N\u00faria<\/a> (Naci\u00f3Digital)<br \/>\n9 juin 2019: <a href=\"https:\/\/www.diaridelaneu.cat\/noticia\/8932\/vall-de-nuria-comenca-dilluns-les-obres-per-renovar-el-telecabina\">Vall de N\u00fari comen\u00e7a dilluns les obres per renovar el telecabina<\/a> (Diari de la neu)<br \/>\n[\/et_pb_text][\/et_pb_column][\/et_pb_row][\/et_pb_section]<\/p>\n","protected":false},"excerpt":{"rendered":"<p>Nous nous trouvons dans la Vall\u00e9e de Nuria, dans les Pyr\u00e9n\u00e9es catalanes.<\/p>\n","protected":false},"author":2,"featured_media":2470,"comment_status":"open","ping_status":"open","sticky":false,"template":"","format":"standard","meta":{"_et_pb_use_builder":"on","_et_pb_old_content":"","_et_gb_content_width":"","footnotes":""},"categories":[124],"tags":[143],"class_list":["post-4866","post","type-post","status-publish","format-standard","has-post-thumbnail","hentry","category-blog-fr","tag-ingenierie-geotechnique"],"yoast_head":"<!-- This site is optimized with the Yoast SEO plugin v26.1.1 - https:\/\/yoast.com\/wordpress\/plugins\/seo\/ -->\n<title>Micropieux profonds, une \u00e9conomie en haute montagne | imuntanya<\/title>\n<meta name=\"robots\" content=\"index, follow, max-snippet:-1, max-image-preview:large, max-video-preview:-1\" \/>\n<link rel=\"canonical\" href=\"http:\/\/www.imuntanya.com\/fr\/blog-fr\/micropieux-profonds-une-economie-en-haute-montagne\/\" \/>\n<meta property=\"og:locale\" content=\"fr_FR\" \/>\n<meta property=\"og:type\" content=\"article\" \/>\n<meta property=\"og:title\" content=\"Micropieux profonds, une \u00e9conomie en haute montagne | imuntanya\" \/>\n<meta property=\"og:description\" content=\"Nous nous trouvons dans la Vall\u00e9e de Nuria, dans les Pyr\u00e9n\u00e9es catalanes.\" \/>\n<meta property=\"og:url\" content=\"http:\/\/www.imuntanya.com\/fr\/blog-fr\/micropieux-profonds-une-economie-en-haute-montagne\/\" \/>\n<meta property=\"og:site_name\" content=\"imuntanya\" \/>\n<meta property=\"article:publisher\" content=\"https:\/\/www.facebook.com\/imuntanya\" \/>\n<meta property=\"article:published_time\" content=\"2019-07-25T05:43:38+00:00\" \/>\n<meta property=\"article:modified_time\" content=\"2021-05-06T05:45:03+00:00\" \/>\n<meta property=\"og:image\" content=\"http:\/\/www.imuntanya.com\/wp-content\/uploads\/2019\/07\/GV_2019-VallNuria_micropilots-telecadira-5.jpeg\" \/>\n\t<meta property=\"og:image:width\" content=\"1600\" \/>\n\t<meta property=\"og:image:height\" content=\"1200\" \/>\n\t<meta property=\"og:image:type\" content=\"image\/jpeg\" \/>\n<meta name=\"author\" content=\"Merc\u00e8 Pujol\" \/>\n<meta name=\"twitter:card\" content=\"summary_large_image\" \/>\n<meta name=\"twitter:creator\" content=\"@imuntanya15\" \/>\n<meta name=\"twitter:site\" content=\"@imuntanya15\" \/>\n<meta name=\"twitter:label1\" content=\"\u00c9crit par\" \/>\n\t<meta name=\"twitter:data1\" content=\"Merc\u00e8 Pujol\" \/>\n\t<meta name=\"twitter:label2\" content=\"Dur\u00e9e de lecture estim\u00e9e\" \/>\n\t<meta name=\"twitter:data2\" content=\"3 minutes\" \/>\n<script type=\"application\/ld+json\" class=\"yoast-schema-graph\">{\"@context\":\"https:\/\/schema.org\",\"@graph\":[{\"@type\":\"Article\",\"@id\":\"http:\/\/www.imuntanya.com\/fr\/blog-fr\/micropieux-profonds-une-economie-en-haute-montagne\/#article\",\"isPartOf\":{\"@id\":\"http:\/\/www.imuntanya.com\/fr\/blog-fr\/micropieux-profonds-une-economie-en-haute-montagne\/\"},\"author\":{\"name\":\"Merc\u00e8 Pujol\",\"@id\":\"http:\/\/www.imuntanya.com\/#\/schema\/person\/c144fa172ac4fbfb4767af32d5acae8e\"},\"headline\":\"Micropieux profonds, une \u00e9conomie en haute montagne\",\"datePublished\":\"2019-07-25T05:43:38+00:00\",\"dateModified\":\"2021-05-06T05:45:03+00:00\",\"mainEntityOfPage\":{\"@id\":\"http:\/\/www.imuntanya.com\/fr\/blog-fr\/micropieux-profonds-une-economie-en-haute-montagne\/\"},\"wordCount\":640,\"commentCount\":0,\"publisher\":{\"@id\":\"http:\/\/www.imuntanya.com\/#organization\"},\"image\":{\"@id\":\"http:\/\/www.imuntanya.com\/fr\/blog-fr\/micropieux-profonds-une-economie-en-haute-montagne\/#primaryimage\"},\"thumbnailUrl\":\"http:\/\/www.imuntanya.com\/wp-content\/uploads\/2019\/07\/GV_2019-VallNuria_micropilots-telecadira-5.jpeg\",\"keywords\":[\"Ing\u00e9nierie g\u00e9otechnique\"],\"articleSection\":[\"Blog\"],\"inLanguage\":\"fr-FR\",\"potentialAction\":[{\"@type\":\"CommentAction\",\"name\":\"Comment\",\"target\":[\"http:\/\/www.imuntanya.com\/fr\/blog-fr\/micropieux-profonds-une-economie-en-haute-montagne\/#respond\"]}]},{\"@type\":\"WebPage\",\"@id\":\"http:\/\/www.imuntanya.com\/fr\/blog-fr\/micropieux-profonds-une-economie-en-haute-montagne\/\",\"url\":\"http:\/\/www.imuntanya.com\/fr\/blog-fr\/micropieux-profonds-une-economie-en-haute-montagne\/\",\"name\":\"Micropieux profonds, une \u00e9conomie en haute montagne | imuntanya\",\"isPartOf\":{\"@id\":\"http:\/\/www.imuntanya.com\/#website\"},\"primaryImageOfPage\":{\"@id\":\"http:\/\/www.imuntanya.com\/fr\/blog-fr\/micropieux-profonds-une-economie-en-haute-montagne\/#primaryimage\"},\"image\":{\"@id\":\"http:\/\/www.imuntanya.com\/fr\/blog-fr\/micropieux-profonds-une-economie-en-haute-montagne\/#primaryimage\"},\"thumbnailUrl\":\"http:\/\/www.imuntanya.com\/wp-content\/uploads\/2019\/07\/GV_2019-VallNuria_micropilots-telecadira-5.jpeg\",\"datePublished\":\"2019-07-25T05:43:38+00:00\",\"dateModified\":\"2021-05-06T05:45:03+00:00\",\"breadcrumb\":{\"@id\":\"http:\/\/www.imuntanya.com\/fr\/blog-fr\/micropieux-profonds-une-economie-en-haute-montagne\/#breadcrumb\"},\"inLanguage\":\"fr-FR\",\"potentialAction\":[{\"@type\":\"ReadAction\",\"target\":[\"http:\/\/www.imuntanya.com\/fr\/blog-fr\/micropieux-profonds-une-economie-en-haute-montagne\/\"]}]},{\"@type\":\"ImageObject\",\"inLanguage\":\"fr-FR\",\"@id\":\"http:\/\/www.imuntanya.com\/fr\/blog-fr\/micropieux-profonds-une-economie-en-haute-montagne\/#primaryimage\",\"url\":\"http:\/\/www.imuntanya.com\/wp-content\/uploads\/2019\/07\/GV_2019-VallNuria_micropilots-telecadira-5.jpeg\",\"contentUrl\":\"http:\/\/www.imuntanya.com\/wp-content\/uploads\/2019\/07\/GV_2019-VallNuria_micropilots-telecadira-5.jpeg\",\"width\":1600,\"height\":1200,\"caption\":\"Les travaux de micro-fondation ont commenc\u00e9 avec des vues spectaculaires\"},{\"@type\":\"BreadcrumbList\",\"@id\":\"http:\/\/www.imuntanya.com\/fr\/blog-fr\/micropieux-profonds-une-economie-en-haute-montagne\/#breadcrumb\",\"itemListElement\":[{\"@type\":\"ListItem\",\"position\":1,\"name\":\"Inici\",\"item\":\"http:\/\/www.imuntanya.com\/fr\/\"},{\"@type\":\"ListItem\",\"position\":2,\"name\":\"Micropieux profonds, une \u00e9conomie en haute montagne\"}]},{\"@type\":\"WebSite\",\"@id\":\"http:\/\/www.imuntanya.com\/#website\",\"url\":\"http:\/\/www.imuntanya.com\/\",\"name\":\"iMuntanya\",\"description\":\"Infraestructures per alta muntanya i en zones de dif\u00edcil acc\u00e9s\",\"publisher\":{\"@id\":\"http:\/\/www.imuntanya.com\/#organization\"},\"potentialAction\":[{\"@type\":\"SearchAction\",\"target\":{\"@type\":\"EntryPoint\",\"urlTemplate\":\"http:\/\/www.imuntanya.com\/?s={search_term_string}\"},\"query-input\":{\"@type\":\"PropertyValueSpecification\",\"valueRequired\":true,\"valueName\":\"search_term_string\"}}],\"inLanguage\":\"fr-FR\"},{\"@type\":\"Organization\",\"@id\":\"http:\/\/www.imuntanya.com\/#organization\",\"name\":\"iMuntanya \u00b7 Infraestructures de Muntanya S.L.\",\"url\":\"http:\/\/www.imuntanya.com\/\",\"logo\":{\"@type\":\"ImageObject\",\"inLanguage\":\"fr-FR\",\"@id\":\"http:\/\/www.imuntanya.com\/#\/schema\/logo\/image\/\",\"url\":\"http:\/\/www.imuntanya.com\/wp-content\/uploads\/2019\/07\/imu-cat-2.png\",\"contentUrl\":\"http:\/\/www.imuntanya.com\/wp-content\/uploads\/2019\/07\/imu-cat-2.png\",\"width\":640,\"height\":83,\"caption\":\"iMuntanya \u00b7 Infraestructures de Muntanya S.L.\"},\"image\":{\"@id\":\"http:\/\/www.imuntanya.com\/#\/schema\/logo\/image\/\"},\"sameAs\":[\"https:\/\/www.facebook.com\/imuntanya\",\"https:\/\/x.com\/imuntanya15\",\"https:\/\/www.instagram.com\/imuntanya\/\",\"https:\/\/www.linkedin.com\/company\/imuntanya\/\",\"https:\/\/www.youtube.com\/user\/imuntanyaatyoutub\"]},{\"@type\":\"Person\",\"@id\":\"http:\/\/www.imuntanya.com\/#\/schema\/person\/c144fa172ac4fbfb4767af32d5acae8e\",\"name\":\"Merc\u00e8 Pujol\",\"image\":{\"@type\":\"ImageObject\",\"inLanguage\":\"fr-FR\",\"@id\":\"http:\/\/www.imuntanya.com\/#\/schema\/person\/image\/\",\"url\":\"https:\/\/secure.gravatar.com\/avatar\/10213c83b04e18e80603efc3add346a4f27921c505524ba24c92ebf7f86153a2?s=96&d=mm&r=g\",\"contentUrl\":\"https:\/\/secure.gravatar.com\/avatar\/10213c83b04e18e80603efc3add346a4f27921c505524ba24c92ebf7f86153a2?s=96&d=mm&r=g\",\"caption\":\"Merc\u00e8 Pujol\"},\"url\":\"http:\/\/www.imuntanya.com\/fr\/author\/merce\/\"}]}<\/script>\n<!-- \/ Yoast SEO plugin. -->","yoast_head_json":{"title":"Micropieux profonds, une \u00e9conomie en haute montagne | imuntanya","robots":{"index":"index","follow":"follow","max-snippet":"max-snippet:-1","max-image-preview":"max-image-preview:large","max-video-preview":"max-video-preview:-1"},"canonical":"http:\/\/www.imuntanya.com\/fr\/blog-fr\/micropieux-profonds-une-economie-en-haute-montagne\/","og_locale":"fr_FR","og_type":"article","og_title":"Micropieux profonds, une \u00e9conomie en haute montagne | imuntanya","og_description":"Nous nous trouvons dans la Vall\u00e9e de Nuria, dans les Pyr\u00e9n\u00e9es catalanes.","og_url":"http:\/\/www.imuntanya.com\/fr\/blog-fr\/micropieux-profonds-une-economie-en-haute-montagne\/","og_site_name":"imuntanya","article_publisher":"https:\/\/www.facebook.com\/imuntanya","article_published_time":"2019-07-25T05:43:38+00:00","article_modified_time":"2021-05-06T05:45:03+00:00","og_image":[{"width":1600,"height":1200,"url":"http:\/\/www.imuntanya.com\/wp-content\/uploads\/2019\/07\/GV_2019-VallNuria_micropilots-telecadira-5.jpeg","type":"image\/jpeg"}],"author":"Merc\u00e8 Pujol","twitter_card":"summary_large_image","twitter_creator":"@imuntanya15","twitter_site":"@imuntanya15","twitter_misc":{"\u00c9crit par":"Merc\u00e8 Pujol","Dur\u00e9e de lecture estim\u00e9e":"3 minutes"},"schema":{"@context":"https:\/\/schema.org","@graph":[{"@type":"Article","@id":"http:\/\/www.imuntanya.com\/fr\/blog-fr\/micropieux-profonds-une-economie-en-haute-montagne\/#article","isPartOf":{"@id":"http:\/\/www.imuntanya.com\/fr\/blog-fr\/micropieux-profonds-une-economie-en-haute-montagne\/"},"author":{"name":"Merc\u00e8 Pujol","@id":"http:\/\/www.imuntanya.com\/#\/schema\/person\/c144fa172ac4fbfb4767af32d5acae8e"},"headline":"Micropieux profonds, une \u00e9conomie en haute montagne","datePublished":"2019-07-25T05:43:38+00:00","dateModified":"2021-05-06T05:45:03+00:00","mainEntityOfPage":{"@id":"http:\/\/www.imuntanya.com\/fr\/blog-fr\/micropieux-profonds-une-economie-en-haute-montagne\/"},"wordCount":640,"commentCount":0,"publisher":{"@id":"http:\/\/www.imuntanya.com\/#organization"},"image":{"@id":"http:\/\/www.imuntanya.com\/fr\/blog-fr\/micropieux-profonds-une-economie-en-haute-montagne\/#primaryimage"},"thumbnailUrl":"http:\/\/www.imuntanya.com\/wp-content\/uploads\/2019\/07\/GV_2019-VallNuria_micropilots-telecadira-5.jpeg","keywords":["Ing\u00e9nierie g\u00e9otechnique"],"articleSection":["Blog"],"inLanguage":"fr-FR","potentialAction":[{"@type":"CommentAction","name":"Comment","target":["http:\/\/www.imuntanya.com\/fr\/blog-fr\/micropieux-profonds-une-economie-en-haute-montagne\/#respond"]}]},{"@type":"WebPage","@id":"http:\/\/www.imuntanya.com\/fr\/blog-fr\/micropieux-profonds-une-economie-en-haute-montagne\/","url":"http:\/\/www.imuntanya.com\/fr\/blog-fr\/micropieux-profonds-une-economie-en-haute-montagne\/","name":"Micropieux profonds, une \u00e9conomie en haute montagne | imuntanya","isPartOf":{"@id":"http:\/\/www.imuntanya.com\/#website"},"primaryImageOfPage":{"@id":"http:\/\/www.imuntanya.com\/fr\/blog-fr\/micropieux-profonds-une-economie-en-haute-montagne\/#primaryimage"},"image":{"@id":"http:\/\/www.imuntanya.com\/fr\/blog-fr\/micropieux-profonds-une-economie-en-haute-montagne\/#primaryimage"},"thumbnailUrl":"http:\/\/www.imuntanya.com\/wp-content\/uploads\/2019\/07\/GV_2019-VallNuria_micropilots-telecadira-5.jpeg","datePublished":"2019-07-25T05:43:38+00:00","dateModified":"2021-05-06T05:45:03+00:00","breadcrumb":{"@id":"http:\/\/www.imuntanya.com\/fr\/blog-fr\/micropieux-profonds-une-economie-en-haute-montagne\/#breadcrumb"},"inLanguage":"fr-FR","potentialAction":[{"@type":"ReadAction","target":["http:\/\/www.imuntanya.com\/fr\/blog-fr\/micropieux-profonds-une-economie-en-haute-montagne\/"]}]},{"@type":"ImageObject","inLanguage":"fr-FR","@id":"http:\/\/www.imuntanya.com\/fr\/blog-fr\/micropieux-profonds-une-economie-en-haute-montagne\/#primaryimage","url":"http:\/\/www.imuntanya.com\/wp-content\/uploads\/2019\/07\/GV_2019-VallNuria_micropilots-telecadira-5.jpeg","contentUrl":"http:\/\/www.imuntanya.com\/wp-content\/uploads\/2019\/07\/GV_2019-VallNuria_micropilots-telecadira-5.jpeg","width":1600,"height":1200,"caption":"Les travaux de micro-fondation ont commenc\u00e9 avec des vues spectaculaires"},{"@type":"BreadcrumbList","@id":"http:\/\/www.imuntanya.com\/fr\/blog-fr\/micropieux-profonds-une-economie-en-haute-montagne\/#breadcrumb","itemListElement":[{"@type":"ListItem","position":1,"name":"Inici","item":"http:\/\/www.imuntanya.com\/fr\/"},{"@type":"ListItem","position":2,"name":"Micropieux profonds, une \u00e9conomie en haute montagne"}]},{"@type":"WebSite","@id":"http:\/\/www.imuntanya.com\/#website","url":"http:\/\/www.imuntanya.com\/","name":"iMuntanya","description":"Infraestructures per alta muntanya i en zones de dif\u00edcil acc\u00e9s","publisher":{"@id":"http:\/\/www.imuntanya.com\/#organization"},"potentialAction":[{"@type":"SearchAction","target":{"@type":"EntryPoint","urlTemplate":"http:\/\/www.imuntanya.com\/?s={search_term_string}"},"query-input":{"@type":"PropertyValueSpecification","valueRequired":true,"valueName":"search_term_string"}}],"inLanguage":"fr-FR"},{"@type":"Organization","@id":"http:\/\/www.imuntanya.com\/#organization","name":"iMuntanya \u00b7 Infraestructures de Muntanya S.L.","url":"http:\/\/www.imuntanya.com\/","logo":{"@type":"ImageObject","inLanguage":"fr-FR","@id":"http:\/\/www.imuntanya.com\/#\/schema\/logo\/image\/","url":"http:\/\/www.imuntanya.com\/wp-content\/uploads\/2019\/07\/imu-cat-2.png","contentUrl":"http:\/\/www.imuntanya.com\/wp-content\/uploads\/2019\/07\/imu-cat-2.png","width":640,"height":83,"caption":"iMuntanya \u00b7 Infraestructures de Muntanya S.L."},"image":{"@id":"http:\/\/www.imuntanya.com\/#\/schema\/logo\/image\/"},"sameAs":["https:\/\/www.facebook.com\/imuntanya","https:\/\/x.com\/imuntanya15","https:\/\/www.instagram.com\/imuntanya\/","https:\/\/www.linkedin.com\/company\/imuntanya\/","https:\/\/www.youtube.com\/user\/imuntanyaatyoutub"]},{"@type":"Person","@id":"http:\/\/www.imuntanya.com\/#\/schema\/person\/c144fa172ac4fbfb4767af32d5acae8e","name":"Merc\u00e8 Pujol","image":{"@type":"ImageObject","inLanguage":"fr-FR","@id":"http:\/\/www.imuntanya.com\/#\/schema\/person\/image\/","url":"https:\/\/secure.gravatar.com\/avatar\/10213c83b04e18e80603efc3add346a4f27921c505524ba24c92ebf7f86153a2?s=96&d=mm&r=g","contentUrl":"https:\/\/secure.gravatar.com\/avatar\/10213c83b04e18e80603efc3add346a4f27921c505524ba24c92ebf7f86153a2?s=96&d=mm&r=g","caption":"Merc\u00e8 Pujol"},"url":"http:\/\/www.imuntanya.com\/fr\/author\/merce\/"}]}},"_links":{"self":[{"href":"http:\/\/www.imuntanya.com\/fr\/wp-json\/wp\/v2\/posts\/4866","targetHints":{"allow":["GET"]}}],"collection":[{"href":"http:\/\/www.imuntanya.com\/fr\/wp-json\/wp\/v2\/posts"}],"about":[{"href":"http:\/\/www.imuntanya.com\/fr\/wp-json\/wp\/v2\/types\/post"}],"author":[{"embeddable":true,"href":"http:\/\/www.imuntanya.com\/fr\/wp-json\/wp\/v2\/users\/2"}],"replies":[{"embeddable":true,"href":"http:\/\/www.imuntanya.com\/fr\/wp-json\/wp\/v2\/comments?post=4866"}],"version-history":[{"count":1,"href":"http:\/\/www.imuntanya.com\/fr\/wp-json\/wp\/v2\/posts\/4866\/revisions"}],"predecessor-version":[{"id":4867,"href":"http:\/\/www.imuntanya.com\/fr\/wp-json\/wp\/v2\/posts\/4866\/revisions\/4867"}],"wp:featuredmedia":[{"embeddable":true,"href":"http:\/\/www.imuntanya.com\/fr\/wp-json\/wp\/v2\/media\/2470"}],"wp:attachment":[{"href":"http:\/\/www.imuntanya.com\/fr\/wp-json\/wp\/v2\/media?parent=4866"}],"wp:term":[{"taxonomy":"category","embeddable":true,"href":"http:\/\/www.imuntanya.com\/fr\/wp-json\/wp\/v2\/categories?post=4866"},{"taxonomy":"post_tag","embeddable":true,"href":"http:\/\/www.imuntanya.com\/fr\/wp-json\/wp\/v2\/tags?post=4866"}],"curies":[{"name":"wp","href":"https:\/\/api.w.org\/{rel}","templated":true}]}}