{"id":5006,"date":"2021-06-23T06:42:09","date_gmt":"2021-06-23T04:42:09","guid":{"rendered":"http:\/\/www.imuntanya.com\/non-classifiee\/la-passerelle-des-roses-nous-rapproche-du-patrimoine-geologique\/"},"modified":"2021-06-23T06:49:05","modified_gmt":"2021-06-23T04:49:05","slug":"la-passerelle-des-roses-nous-rapproche-du-patrimoine-geologique","status":"publish","type":"post","link":"http:\/\/www.imuntanya.com\/fr\/blog\/la-passerelle-des-roses-nous-rapproche-du-patrimoine-geologique\/","title":{"rendered":"La passerelle des Roses nous rapproche du patrimoine g\u00e9ologique"},"content":{"rendered":"<p>[et_pb_section fb_built=\u00a0\u00bb1&Prime; _builder_version=\u00a0\u00bb3.22&Prime; custom_margin=\u00a0\u00bb0px|0px|0px|0px\u00a0\u00bb custom_padding=\u00a0\u00bb0px|0px|0px|0px\u00a0\u00bb][et_pb_row _builder_version=\u00a0\u00bb3.25&Prime;][et_pb_column type=\u00a0\u00bb4_4&Prime; _builder_version=\u00a0\u00bb3.25&Prime; custom_padding=\u00a0\u00bb|||\u00a0\u00bb custom_padding__hover=\u00a0\u00bb|||\u00a0\u00bb][et_pb_text admin_label=\u00a0\u00bbText\u00a0\u00bb _builder_version=\u00a0\u00bb4.4.5&Prime; hover_enabled=\u00a0\u00bb0&Prime;]<a href=\"http:\/\/www.imuntanya.com\/es\/blog-es\/la-pasarela-de-roses-nos-acerca-al-patrimonio-geologico\/\"><b>iMuntanya<\/b><\/a>\u00a0iMuntanya ach\u00e8ve le projet de la passerelle fix\u00e9e de Roses. Con\u00e7ue comme un belv\u00e9d\u00e8re, son objectif est de rendre plus accessible et visible le patrimoine g\u00e9ologique du cisaillement du phare de Roses, inscrit \u00e0 l&rsquo;<a href=\"http:\/\/mediambient.gencat.cat\/es\/05_ambits_dactuacio\/patrimoni_natural\/sistemes_dinformacio\/inventari_despais_dinteres_geologic\/index.html\">inventaire des espaces d\u2019int\u00e9r\u00eat g\u00e9ologique de Catalogne (IEIGC)<\/a>\u00a0; il est form\u00e9 de roches granodiorites d\u2019une grande valeur pour la compr\u00e9hension des processus tectoniques qui se sont produits il y a des millions d&rsquo;ann\u00e9es.<\/p>\n<div id=\"attachment_4925\" style=\"width: 710px\" class=\"wp-caption aligncenter\"><img loading=\"lazy\" decoding=\"async\" aria-describedby=\"caption-attachment-4925\" class=\"wp-image-4922 size-full\" src=\"http:\/\/www.imuntanya.com\/wp-content\/uploads\/2021\/06\/PV_2021_Roses-MiradorCisalla_web1-700x470-1.jpg\" alt=\"Passerelle - belv\u00e9d\u00e8re de Roses.\" width=\"700\" height=\"470\" srcset=\"http:\/\/www.imuntanya.com\/wp-content\/uploads\/2021\/06\/PV_2021_Roses-MiradorCisalla_web1-700x470-1.jpg 700w, http:\/\/www.imuntanya.com\/wp-content\/uploads\/2021\/06\/PV_2021_Roses-MiradorCisalla_web1-700x470-1-480x322.jpg 480w\" sizes=\"auto, (min-width: 0px) and (max-width: 480px) 480px, (min-width: 481px) 700px, 100vw\" \/><p id=\"caption-attachment-4925\" class=\"wp-caption-text\">Cette passerelle nous rapproche de la zone de cisaillement du phare de Roses, patrimoine g\u00e9ologique.<\/p><\/div>\n<p>Il s&rsquo;agit d&rsquo;une passerelle dans la zone maritime-terrestre qui \u00e9tablit, avec un parcours physique, la valeur de ce patrimoine dans les alentours du phare de Roses. Le champ d&rsquo;action est limit\u00e9 \u00e0 la zone d\u00e9finie entre la route de Canyelles et la mer, de la Punta de la Bateria, en passant par la rencontre avec le chemin de ronde jusqu&rsquo;au phare.<\/p>\n<div id=\"attachment_4930\" style=\"width: 710px\" class=\"wp-caption aligncenter\"><img loading=\"lazy\" decoding=\"async\" aria-describedby=\"caption-attachment-4930\" class=\"wp-image-4927 size-full\" src=\"http:\/\/www.imuntanya.com\/wp-content\/uploads\/2021\/06\/PV_2021_Roses-MiradorCisalla_web2-700x470-1.jpg\" alt=\"Construction de la passerelle - belv\u00e9d\u00e8re de Roses.\" width=\"700\" height=\"470\" srcset=\"http:\/\/www.imuntanya.com\/wp-content\/uploads\/2021\/06\/PV_2021_Roses-MiradorCisalla_web2-700x470-1.jpg 700w, http:\/\/www.imuntanya.com\/wp-content\/uploads\/2021\/06\/PV_2021_Roses-MiradorCisalla_web2-700x470-1-480x322.jpg 480w\" sizes=\"auto, (min-width: 0px) and (max-width: 480px) 480px, (min-width: 481px) 700px, 100vw\" \/><p id=\"caption-attachment-4930\" class=\"wp-caption-text\">La passerelle est accessible depuis le chemin de ronde \u00e0 son passage par Roses.<\/p><\/div>\n<p>Pour sa construction, une structure m\u00e9tallique a \u00e9t\u00e9 r\u00e9alis\u00e9e pour la passerelle et l&rsquo;escalier, habill\u00e9e de bois avec des poutres form\u00e9es d&rsquo;une seule pi\u00e8ce et avec des profil\u00e9s lamin\u00e9s, travaill\u00e9e en atelier avec soudure et galvanisation, mise en place sur place avec des vis.<\/p>\n<p>La partie sup\u00e9rieure de l&rsquo;escalier est ancr\u00e9e \u00e0 un nouveau mur en b\u00e9ton arm\u00e9 qui laisse le b\u00e9ton apparent. La structure m\u00e9tallique a sa fondation form\u00e9e par des boulons en acier sous forme de micropieux \u00e0 la recherche de la roche pour transmettre les charges au terrain, tout en restant ancr\u00e9, minimisant ainsi l&rsquo;action des vagues de la Cala de Roses. Les garde-corps de protection sont constitu\u00e9s de treillis en acier X-Tend, formant des panneaux entre les \u00e9l\u00e9ments de support m\u00e9talliques verticaux, avec du c\u00e2ble en acier sur les quatre faces de chaque panneau.<\/p>\n<div id=\"attachment_4935\" style=\"width: 710px\" class=\"wp-caption aligncenter\"><img loading=\"lazy\" decoding=\"async\" aria-describedby=\"caption-attachment-4935\" class=\"wp-image-4932 size-full\" src=\"http:\/\/www.imuntanya.com\/wp-content\/uploads\/2021\/06\/PV_2021_Roses-MiradorCisalla_web3-700x470-1.jpg\" alt=\"Construction de la passerelle - belv\u00e9d\u00e8re de Roses.\" width=\"700\" height=\"470\" srcset=\"http:\/\/www.imuntanya.com\/wp-content\/uploads\/2021\/06\/PV_2021_Roses-MiradorCisalla_web3-700x470-1.jpg 700w, http:\/\/www.imuntanya.com\/wp-content\/uploads\/2021\/06\/PV_2021_Roses-MiradorCisalla_web3-700x470-1-480x322.jpg 480w\" sizes=\"auto, (min-width: 0px) and (max-width: 480px) 480px, (min-width: 481px) 700px, 100vw\" \/><p id=\"caption-attachment-4935\" class=\"wp-caption-text\">Construction de la passerelle &#8211; belv\u00e9d\u00e8re de Roses.<\/p><\/div>\n<p>Fiche de la passerelle fix\u00e9e\u00a0<a href=\"http:\/\/www.imuntanya.com\/es\/pont-penjant\/passera-ancorada-roses-girona\/\">ici<\/a>.<br \/>\n[\/et_pb_text][\/et_pb_column][\/et_pb_row][\/et_pb_section]<\/p>\n","protected":false},"excerpt":{"rendered":"<p>La passerelle des Roses nous rapproche du patrimoine g\u00e9ologique<\/p>\n","protected":false},"author":2,"featured_media":4964,"comment_status":"open","ping_status":"open","sticky":false,"template":"","format":"standard","meta":{"_et_pb_use_builder":"on","_et_pb_old_content":"","_et_gb_content_width":"","footnotes":""},"categories":[68],"tags":[151],"class_list":["post-5006","post","type-post","status-publish","format-standard","has-post-thumbnail","hentry","category-blog","tag-passerelle-fixe"],"yoast_head":"<!-- This site is optimized with the Yoast SEO plugin v26.1.1 - https:\/\/yoast.com\/wordpress\/plugins\/seo\/ -->\n<title>La passerelle des Roses nous rapproche du patrimoine g\u00e9ologique | imuntanya<\/title>\n<meta name=\"description\" content=\"Con\u00e7ue comme un belv\u00e9d\u00e8re, son objectif est de rendre plus accessible et visible le patrimoine g\u00e9ologique du cisaillement du phare de Roses.\" \/>\n<meta name=\"robots\" content=\"index, follow, max-snippet:-1, max-image-preview:large, max-video-preview:-1\" \/>\n<link rel=\"canonical\" href=\"http:\/\/www.imuntanya.com\/fr\/blog-fr\/la-passerelle-des-roses-nous-rapproche-du-patrimoine-geologique\/\" \/>\n<meta property=\"og:locale\" content=\"fr_FR\" \/>\n<meta property=\"og:type\" content=\"article\" \/>\n<meta property=\"og:title\" content=\"La passerelle des Roses nous rapproche du patrimoine g\u00e9ologique | imuntanya\" \/>\n<meta property=\"og:description\" content=\"Con\u00e7ue comme un belv\u00e9d\u00e8re, son objectif est de rendre plus accessible et visible le patrimoine g\u00e9ologique du cisaillement du phare de Roses.\" \/>\n<meta property=\"og:url\" content=\"http:\/\/www.imuntanya.com\/fr\/blog-fr\/la-passerelle-des-roses-nous-rapproche-du-patrimoine-geologique\/\" \/>\n<meta property=\"og:site_name\" content=\"imuntanya\" \/>\n<meta property=\"article:publisher\" content=\"https:\/\/www.facebook.com\/imuntanya\" \/>\n<meta property=\"article:published_time\" content=\"2021-06-23T04:42:09+00:00\" \/>\n<meta property=\"article:modified_time\" content=\"2021-06-23T04:49:05+00:00\" \/>\n<meta property=\"og:image\" content=\"http:\/\/www.imuntanya.com\/wp-content\/uploads\/2021\/06\/PV_2021_Roses-MiradorCisalla_web2-700x470nologo.jpg\" \/>\n\t<meta property=\"og:image:width\" content=\"700\" \/>\n\t<meta property=\"og:image:height\" content=\"470\" \/>\n\t<meta property=\"og:image:type\" content=\"image\/jpeg\" \/>\n<meta name=\"author\" content=\"Merc\u00e8 Pujol\" \/>\n<meta name=\"twitter:card\" content=\"summary_large_image\" \/>\n<meta name=\"twitter:creator\" content=\"@imuntanya15\" \/>\n<meta name=\"twitter:site\" content=\"@imuntanya15\" \/>\n<meta name=\"twitter:label1\" content=\"\u00c9crit par\" \/>\n\t<meta name=\"twitter:data1\" content=\"Merc\u00e8 Pujol\" \/>\n\t<meta name=\"twitter:label2\" content=\"Dur\u00e9e de lecture estim\u00e9e\" \/>\n\t<meta name=\"twitter:data2\" content=\"2 minutes\" \/>\n<script type=\"application\/ld+json\" class=\"yoast-schema-graph\">{\"@context\":\"https:\/\/schema.org\",\"@graph\":[{\"@type\":\"Article\",\"@id\":\"http:\/\/www.imuntanya.com\/fr\/blog-fr\/la-passerelle-des-roses-nous-rapproche-du-patrimoine-geologique\/#article\",\"isPartOf\":{\"@id\":\"http:\/\/www.imuntanya.com\/fr\/blog-fr\/la-passerelle-des-roses-nous-rapproche-du-patrimoine-geologique\/\"},\"author\":{\"name\":\"Merc\u00e8 Pujol\",\"@id\":\"http:\/\/www.imuntanya.com\/#\/schema\/person\/c144fa172ac4fbfb4767af32d5acae8e\"},\"headline\":\"La passerelle des Roses nous rapproche du patrimoine g\u00e9ologique\",\"datePublished\":\"2021-06-23T04:42:09+00:00\",\"dateModified\":\"2021-06-23T04:49:05+00:00\",\"mainEntityOfPage\":{\"@id\":\"http:\/\/www.imuntanya.com\/fr\/blog-fr\/la-passerelle-des-roses-nous-rapproche-du-patrimoine-geologique\/\"},\"wordCount\":440,\"commentCount\":0,\"publisher\":{\"@id\":\"http:\/\/www.imuntanya.com\/#organization\"},\"image\":{\"@id\":\"http:\/\/www.imuntanya.com\/fr\/blog-fr\/la-passerelle-des-roses-nous-rapproche-du-patrimoine-geologique\/#primaryimage\"},\"thumbnailUrl\":\"http:\/\/www.imuntanya.com\/wp-content\/uploads\/2021\/06\/PV_2021_Roses-MiradorCisalla_web2-700x470nologo.jpg\",\"keywords\":[\"Passerelle fixe\"],\"articleSection\":[\"Blog\"],\"inLanguage\":\"fr-FR\",\"potentialAction\":[{\"@type\":\"CommentAction\",\"name\":\"Comment\",\"target\":[\"http:\/\/www.imuntanya.com\/fr\/blog-fr\/la-passerelle-des-roses-nous-rapproche-du-patrimoine-geologique\/#respond\"]}]},{\"@type\":\"WebPage\",\"@id\":\"http:\/\/www.imuntanya.com\/fr\/blog-fr\/la-passerelle-des-roses-nous-rapproche-du-patrimoine-geologique\/\",\"url\":\"http:\/\/www.imuntanya.com\/fr\/blog-fr\/la-passerelle-des-roses-nous-rapproche-du-patrimoine-geologique\/\",\"name\":\"La passerelle des Roses nous rapproche du patrimoine g\u00e9ologique | imuntanya\",\"isPartOf\":{\"@id\":\"http:\/\/www.imuntanya.com\/#website\"},\"primaryImageOfPage\":{\"@id\":\"http:\/\/www.imuntanya.com\/fr\/blog-fr\/la-passerelle-des-roses-nous-rapproche-du-patrimoine-geologique\/#primaryimage\"},\"image\":{\"@id\":\"http:\/\/www.imuntanya.com\/fr\/blog-fr\/la-passerelle-des-roses-nous-rapproche-du-patrimoine-geologique\/#primaryimage\"},\"thumbnailUrl\":\"http:\/\/www.imuntanya.com\/wp-content\/uploads\/2021\/06\/PV_2021_Roses-MiradorCisalla_web2-700x470nologo.jpg\",\"datePublished\":\"2021-06-23T04:42:09+00:00\",\"dateModified\":\"2021-06-23T04:49:05+00:00\",\"description\":\"Con\u00e7ue comme un belv\u00e9d\u00e8re, son objectif est de rendre plus accessible et visible le patrimoine g\u00e9ologique du cisaillement du phare de Roses.\",\"breadcrumb\":{\"@id\":\"http:\/\/www.imuntanya.com\/fr\/blog-fr\/la-passerelle-des-roses-nous-rapproche-du-patrimoine-geologique\/#breadcrumb\"},\"inLanguage\":\"fr-FR\",\"potentialAction\":[{\"@type\":\"ReadAction\",\"target\":[\"http:\/\/www.imuntanya.com\/fr\/blog-fr\/la-passerelle-des-roses-nous-rapproche-du-patrimoine-geologique\/\"]}]},{\"@type\":\"ImageObject\",\"inLanguage\":\"fr-FR\",\"@id\":\"http:\/\/www.imuntanya.com\/fr\/blog-fr\/la-passerelle-des-roses-nous-rapproche-du-patrimoine-geologique\/#primaryimage\",\"url\":\"http:\/\/www.imuntanya.com\/wp-content\/uploads\/2021\/06\/PV_2021_Roses-MiradorCisalla_web2-700x470nologo.jpg\",\"contentUrl\":\"http:\/\/www.imuntanya.com\/wp-content\/uploads\/2021\/06\/PV_2021_Roses-MiradorCisalla_web2-700x470nologo.jpg\",\"width\":700,\"height\":470,\"caption\":\"Cette passerelle nous rapproche de la zone de cisaillement du phare de Roses, patrimoine g\u00e9ologique.\"},{\"@type\":\"BreadcrumbList\",\"@id\":\"http:\/\/www.imuntanya.com\/fr\/blog-fr\/la-passerelle-des-roses-nous-rapproche-du-patrimoine-geologique\/#breadcrumb\",\"itemListElement\":[{\"@type\":\"ListItem\",\"position\":1,\"name\":\"Inici\",\"item\":\"http:\/\/www.imuntanya.com\/fr\/\"},{\"@type\":\"ListItem\",\"position\":2,\"name\":\"La passerelle des Roses nous rapproche du patrimoine g\u00e9ologique\"}]},{\"@type\":\"WebSite\",\"@id\":\"http:\/\/www.imuntanya.com\/#website\",\"url\":\"http:\/\/www.imuntanya.com\/\",\"name\":\"iMuntanya\",\"description\":\"Infraestructures per alta muntanya i en zones de dif\u00edcil acc\u00e9s\",\"publisher\":{\"@id\":\"http:\/\/www.imuntanya.com\/#organization\"},\"potentialAction\":[{\"@type\":\"SearchAction\",\"target\":{\"@type\":\"EntryPoint\",\"urlTemplate\":\"http:\/\/www.imuntanya.com\/?s={search_term_string}\"},\"query-input\":{\"@type\":\"PropertyValueSpecification\",\"valueRequired\":true,\"valueName\":\"search_term_string\"}}],\"inLanguage\":\"fr-FR\"},{\"@type\":\"Organization\",\"@id\":\"http:\/\/www.imuntanya.com\/#organization\",\"name\":\"iMuntanya \u00b7 Infraestructures de Muntanya S.L.\",\"url\":\"http:\/\/www.imuntanya.com\/\",\"logo\":{\"@type\":\"ImageObject\",\"inLanguage\":\"fr-FR\",\"@id\":\"http:\/\/www.imuntanya.com\/#\/schema\/logo\/image\/\",\"url\":\"http:\/\/www.imuntanya.com\/wp-content\/uploads\/2019\/07\/imu-cat-2.png\",\"contentUrl\":\"http:\/\/www.imuntanya.com\/wp-content\/uploads\/2019\/07\/imu-cat-2.png\",\"width\":640,\"height\":83,\"caption\":\"iMuntanya \u00b7 Infraestructures de Muntanya S.L.\"},\"image\":{\"@id\":\"http:\/\/www.imuntanya.com\/#\/schema\/logo\/image\/\"},\"sameAs\":[\"https:\/\/www.facebook.com\/imuntanya\",\"https:\/\/x.com\/imuntanya15\",\"https:\/\/www.instagram.com\/imuntanya\/\",\"https:\/\/www.linkedin.com\/company\/imuntanya\/\",\"https:\/\/www.youtube.com\/user\/imuntanyaatyoutub\"]},{\"@type\":\"Person\",\"@id\":\"http:\/\/www.imuntanya.com\/#\/schema\/person\/c144fa172ac4fbfb4767af32d5acae8e\",\"name\":\"Merc\u00e8 Pujol\",\"image\":{\"@type\":\"ImageObject\",\"inLanguage\":\"fr-FR\",\"@id\":\"http:\/\/www.imuntanya.com\/#\/schema\/person\/image\/\",\"url\":\"https:\/\/secure.gravatar.com\/avatar\/10213c83b04e18e80603efc3add346a4f27921c505524ba24c92ebf7f86153a2?s=96&d=mm&r=g\",\"contentUrl\":\"https:\/\/secure.gravatar.com\/avatar\/10213c83b04e18e80603efc3add346a4f27921c505524ba24c92ebf7f86153a2?s=96&d=mm&r=g\",\"caption\":\"Merc\u00e8 Pujol\"},\"url\":\"http:\/\/www.imuntanya.com\/fr\/author\/merce\/\"}]}<\/script>\n<!-- \/ Yoast SEO plugin. -->","yoast_head_json":{"title":"La passerelle des Roses nous rapproche du patrimoine g\u00e9ologique | imuntanya","description":"Con\u00e7ue comme un belv\u00e9d\u00e8re, son objectif est de rendre plus accessible et visible le patrimoine g\u00e9ologique du cisaillement du phare de Roses.","robots":{"index":"index","follow":"follow","max-snippet":"max-snippet:-1","max-image-preview":"max-image-preview:large","max-video-preview":"max-video-preview:-1"},"canonical":"http:\/\/www.imuntanya.com\/fr\/blog-fr\/la-passerelle-des-roses-nous-rapproche-du-patrimoine-geologique\/","og_locale":"fr_FR","og_type":"article","og_title":"La passerelle des Roses nous rapproche du patrimoine g\u00e9ologique | imuntanya","og_description":"Con\u00e7ue comme un belv\u00e9d\u00e8re, son objectif est de rendre plus accessible et visible le patrimoine g\u00e9ologique du cisaillement du phare de Roses.","og_url":"http:\/\/www.imuntanya.com\/fr\/blog-fr\/la-passerelle-des-roses-nous-rapproche-du-patrimoine-geologique\/","og_site_name":"imuntanya","article_publisher":"https:\/\/www.facebook.com\/imuntanya","article_published_time":"2021-06-23T04:42:09+00:00","article_modified_time":"2021-06-23T04:49:05+00:00","og_image":[{"width":700,"height":470,"url":"http:\/\/www.imuntanya.com\/wp-content\/uploads\/2021\/06\/PV_2021_Roses-MiradorCisalla_web2-700x470nologo.jpg","type":"image\/jpeg"}],"author":"Merc\u00e8 Pujol","twitter_card":"summary_large_image","twitter_creator":"@imuntanya15","twitter_site":"@imuntanya15","twitter_misc":{"\u00c9crit par":"Merc\u00e8 Pujol","Dur\u00e9e de lecture estim\u00e9e":"2 minutes"},"schema":{"@context":"https:\/\/schema.org","@graph":[{"@type":"Article","@id":"http:\/\/www.imuntanya.com\/fr\/blog-fr\/la-passerelle-des-roses-nous-rapproche-du-patrimoine-geologique\/#article","isPartOf":{"@id":"http:\/\/www.imuntanya.com\/fr\/blog-fr\/la-passerelle-des-roses-nous-rapproche-du-patrimoine-geologique\/"},"author":{"name":"Merc\u00e8 Pujol","@id":"http:\/\/www.imuntanya.com\/#\/schema\/person\/c144fa172ac4fbfb4767af32d5acae8e"},"headline":"La passerelle des Roses nous rapproche du patrimoine g\u00e9ologique","datePublished":"2021-06-23T04:42:09+00:00","dateModified":"2021-06-23T04:49:05+00:00","mainEntityOfPage":{"@id":"http:\/\/www.imuntanya.com\/fr\/blog-fr\/la-passerelle-des-roses-nous-rapproche-du-patrimoine-geologique\/"},"wordCount":440,"commentCount":0,"publisher":{"@id":"http:\/\/www.imuntanya.com\/#organization"},"image":{"@id":"http:\/\/www.imuntanya.com\/fr\/blog-fr\/la-passerelle-des-roses-nous-rapproche-du-patrimoine-geologique\/#primaryimage"},"thumbnailUrl":"http:\/\/www.imuntanya.com\/wp-content\/uploads\/2021\/06\/PV_2021_Roses-MiradorCisalla_web2-700x470nologo.jpg","keywords":["Passerelle fixe"],"articleSection":["Blog"],"inLanguage":"fr-FR","potentialAction":[{"@type":"CommentAction","name":"Comment","target":["http:\/\/www.imuntanya.com\/fr\/blog-fr\/la-passerelle-des-roses-nous-rapproche-du-patrimoine-geologique\/#respond"]}]},{"@type":"WebPage","@id":"http:\/\/www.imuntanya.com\/fr\/blog-fr\/la-passerelle-des-roses-nous-rapproche-du-patrimoine-geologique\/","url":"http:\/\/www.imuntanya.com\/fr\/blog-fr\/la-passerelle-des-roses-nous-rapproche-du-patrimoine-geologique\/","name":"La passerelle des Roses nous rapproche du patrimoine g\u00e9ologique | imuntanya","isPartOf":{"@id":"http:\/\/www.imuntanya.com\/#website"},"primaryImageOfPage":{"@id":"http:\/\/www.imuntanya.com\/fr\/blog-fr\/la-passerelle-des-roses-nous-rapproche-du-patrimoine-geologique\/#primaryimage"},"image":{"@id":"http:\/\/www.imuntanya.com\/fr\/blog-fr\/la-passerelle-des-roses-nous-rapproche-du-patrimoine-geologique\/#primaryimage"},"thumbnailUrl":"http:\/\/www.imuntanya.com\/wp-content\/uploads\/2021\/06\/PV_2021_Roses-MiradorCisalla_web2-700x470nologo.jpg","datePublished":"2021-06-23T04:42:09+00:00","dateModified":"2021-06-23T04:49:05+00:00","description":"Con\u00e7ue comme un belv\u00e9d\u00e8re, son objectif est de rendre plus accessible et visible le patrimoine g\u00e9ologique du cisaillement du phare de Roses.","breadcrumb":{"@id":"http:\/\/www.imuntanya.com\/fr\/blog-fr\/la-passerelle-des-roses-nous-rapproche-du-patrimoine-geologique\/#breadcrumb"},"inLanguage":"fr-FR","potentialAction":[{"@type":"ReadAction","target":["http:\/\/www.imuntanya.com\/fr\/blog-fr\/la-passerelle-des-roses-nous-rapproche-du-patrimoine-geologique\/"]}]},{"@type":"ImageObject","inLanguage":"fr-FR","@id":"http:\/\/www.imuntanya.com\/fr\/blog-fr\/la-passerelle-des-roses-nous-rapproche-du-patrimoine-geologique\/#primaryimage","url":"http:\/\/www.imuntanya.com\/wp-content\/uploads\/2021\/06\/PV_2021_Roses-MiradorCisalla_web2-700x470nologo.jpg","contentUrl":"http:\/\/www.imuntanya.com\/wp-content\/uploads\/2021\/06\/PV_2021_Roses-MiradorCisalla_web2-700x470nologo.jpg","width":700,"height":470,"caption":"Cette passerelle nous rapproche de la zone de cisaillement du phare de Roses, patrimoine g\u00e9ologique."},{"@type":"BreadcrumbList","@id":"http:\/\/www.imuntanya.com\/fr\/blog-fr\/la-passerelle-des-roses-nous-rapproche-du-patrimoine-geologique\/#breadcrumb","itemListElement":[{"@type":"ListItem","position":1,"name":"Inici","item":"http:\/\/www.imuntanya.com\/fr\/"},{"@type":"ListItem","position":2,"name":"La passerelle des Roses nous rapproche du patrimoine g\u00e9ologique"}]},{"@type":"WebSite","@id":"http:\/\/www.imuntanya.com\/#website","url":"http:\/\/www.imuntanya.com\/","name":"iMuntanya","description":"Infraestructures per alta muntanya i en zones de dif\u00edcil acc\u00e9s","publisher":{"@id":"http:\/\/www.imuntanya.com\/#organization"},"potentialAction":[{"@type":"SearchAction","target":{"@type":"EntryPoint","urlTemplate":"http:\/\/www.imuntanya.com\/?s={search_term_string}"},"query-input":{"@type":"PropertyValueSpecification","valueRequired":true,"valueName":"search_term_string"}}],"inLanguage":"fr-FR"},{"@type":"Organization","@id":"http:\/\/www.imuntanya.com\/#organization","name":"iMuntanya \u00b7 Infraestructures de Muntanya S.L.","url":"http:\/\/www.imuntanya.com\/","logo":{"@type":"ImageObject","inLanguage":"fr-FR","@id":"http:\/\/www.imuntanya.com\/#\/schema\/logo\/image\/","url":"http:\/\/www.imuntanya.com\/wp-content\/uploads\/2019\/07\/imu-cat-2.png","contentUrl":"http:\/\/www.imuntanya.com\/wp-content\/uploads\/2019\/07\/imu-cat-2.png","width":640,"height":83,"caption":"iMuntanya \u00b7 Infraestructures de Muntanya S.L."},"image":{"@id":"http:\/\/www.imuntanya.com\/#\/schema\/logo\/image\/"},"sameAs":["https:\/\/www.facebook.com\/imuntanya","https:\/\/x.com\/imuntanya15","https:\/\/www.instagram.com\/imuntanya\/","https:\/\/www.linkedin.com\/company\/imuntanya\/","https:\/\/www.youtube.com\/user\/imuntanyaatyoutub"]},{"@type":"Person","@id":"http:\/\/www.imuntanya.com\/#\/schema\/person\/c144fa172ac4fbfb4767af32d5acae8e","name":"Merc\u00e8 Pujol","image":{"@type":"ImageObject","inLanguage":"fr-FR","@id":"http:\/\/www.imuntanya.com\/#\/schema\/person\/image\/","url":"https:\/\/secure.gravatar.com\/avatar\/10213c83b04e18e80603efc3add346a4f27921c505524ba24c92ebf7f86153a2?s=96&d=mm&r=g","contentUrl":"https:\/\/secure.gravatar.com\/avatar\/10213c83b04e18e80603efc3add346a4f27921c505524ba24c92ebf7f86153a2?s=96&d=mm&r=g","caption":"Merc\u00e8 Pujol"},"url":"http:\/\/www.imuntanya.com\/fr\/author\/merce\/"}]}},"_links":{"self":[{"href":"http:\/\/www.imuntanya.com\/fr\/wp-json\/wp\/v2\/posts\/5006","targetHints":{"allow":["GET"]}}],"collection":[{"href":"http:\/\/www.imuntanya.com\/fr\/wp-json\/wp\/v2\/posts"}],"about":[{"href":"http:\/\/www.imuntanya.com\/fr\/wp-json\/wp\/v2\/types\/post"}],"author":[{"embeddable":true,"href":"http:\/\/www.imuntanya.com\/fr\/wp-json\/wp\/v2\/users\/2"}],"replies":[{"embeddable":true,"href":"http:\/\/www.imuntanya.com\/fr\/wp-json\/wp\/v2\/comments?post=5006"}],"version-history":[{"count":3,"href":"http:\/\/www.imuntanya.com\/fr\/wp-json\/wp\/v2\/posts\/5006\/revisions"}],"predecessor-version":[{"id":5009,"href":"http:\/\/www.imuntanya.com\/fr\/wp-json\/wp\/v2\/posts\/5006\/revisions\/5009"}],"wp:featuredmedia":[{"embeddable":true,"href":"http:\/\/www.imuntanya.com\/fr\/wp-json\/wp\/v2\/media\/4964"}],"wp:attachment":[{"href":"http:\/\/www.imuntanya.com\/fr\/wp-json\/wp\/v2\/media?parent=5006"}],"wp:term":[{"taxonomy":"category","embeddable":true,"href":"http:\/\/www.imuntanya.com\/fr\/wp-json\/wp\/v2\/categories?post=5006"},{"taxonomy":"post_tag","embeddable":true,"href":"http:\/\/www.imuntanya.com\/fr\/wp-json\/wp\/v2\/tags?post=5006"}],"curies":[{"name":"wp","href":"https:\/\/api.w.org\/{rel}","templated":true}]}}