{"id":5751,"date":"2022-03-15T01:23:20","date_gmt":"2022-03-14T23:23:20","guid":{"rendered":"http:\/\/www.imuntanya.com\/non-classifiee\/passerelles-volantes-permettent-creer-des-itineraires-et-recuperer-des-sentiers\/"},"modified":"2022-05-20T02:32:04","modified_gmt":"2022-05-20T00:32:04","slug":"passerelles-volantes-permettent-creer-des-itineraires-et-recuperer-des-sentiers","status":"publish","type":"post","link":"http:\/\/www.imuntanya.com\/fr\/blog\/passerelles-volantes-permettent-creer-des-itineraires-et-recuperer-des-sentiers\/","title":{"rendered":"Passerelles volantes permettent cr\u00e9er des itin\u00e9raires et r\u00e9cup\u00e9rer des sentiers"},"content":{"rendered":"<p>[et_pb_section fb_built=\u00a0\u00bb1&Prime; _builder_version=\u00a0\u00bb3.22&Prime; custom_margin=\u00a0\u00bb0px|0px|0px|0px\u00a0\u00bb custom_padding=\u00a0\u00bb0px|0px|0px|0px\u00a0\u00bb][et_pb_row _builder_version=\u00a0\u00bb3.25&Prime;][et_pb_column type=\u00a0\u00bb4_4&Prime; _builder_version=\u00a0\u00bb3.25&Prime; custom_padding=\u00a0\u00bb|||\u00a0\u00bb custom_padding__hover=\u00a0\u00bb|||\u00a0\u00bb][et_pb_text admin_label=\u00a0\u00bbText\u00a0\u00bb _builder_version=\u00a0\u00bb4.4.5&Prime; text_font_size=\u00a0\u00bb16px\u00a0\u00bb]<\/p>\n<p>En ces deux ann\u00e9es de pand\u00e9mie, nous avons appris quelque chose : le besoin des gens d&rsquo;\u00eatre en contact avec la nature. Les sorties \u00e0 la montagne, \u00e0 la campagne, \u00e0 la rivi\u00e8re et aux \u00e9tangs se sont multipli\u00e9es et attirent l&rsquo;attention sur l&rsquo;importance d&rsquo;adapter ces espaces aux visiteurs tout en prenant des mesures pour prot\u00e9ger l&rsquo;environnement rural. L&rsquo;administration locale a fait un effort consid\u00e9rable pour r\u00e9pondre \u00e0 cette demande d&rsquo;itin\u00e9raires et de nouveaux espaces de promenade et de loisirs dans des cadres plus naturalis\u00e9s. Parall\u00e8lement, <a href=\"https:\/\/www.sompirineu.cat\/camins\/taula-de-camins\/\">des initiatives<\/a> sont mises en place pour faire de la route une infrastructure cl\u00e9 des <em>Pyr\u00e9n\u00e9es<\/em>.<\/p>\n<p><b>De plus, au fil du temps, certains chemins s&rsquo;estompent, deviennent moins praticables et perdent l&rsquo;attention des randonneurs. Les voies de montagne qui longent les versants perdent en plateforme en raison de l&rsquo;\u00e9rosion du talus et deviennent dangereuses ; d&rsquo;anciennes voies pi\u00e9tonnes c\u00f4toient d\u00e9sormais des routes tr\u00e8s fr\u00e9quent\u00e9es et d&rsquo;autres disparaissent avec la construction de nouvelles infrastructures. D&rsquo;autre part, le besoin croissant de certaines villes de cr\u00e9er de nouveaux chemins pour attirer ou compl\u00e9ter le tourisme rural se heurte souvent \u00e0 des difficult\u00e9s telles que le manque d&rsquo;espace ou l&rsquo;acc\u00e8s \u00e0 certaines zones d&rsquo;int\u00e9r\u00eat. <\/b><\/p>\n<p>La r\u00e9cup\u00e9ration et la cr\u00e9ation de sentiers dans des environnements naturels ont \u00e9t\u00e9 le point de d\u00e9part d&rsquo;iMuntanya en 2003. Au cours de ces presque vingt ans de travail avec nos clients pour r\u00e9pondre \u00e0 leurs besoins et exigences sur le terrain, nous avons d\u00e9velopp\u00e9 un syst\u00e8me pour r\u00e9cup\u00e9rer des sentiers, en cr\u00e9er des nouveaux ou pour permettre des passages alternatifs : passerelles volantes. Constitu\u00e9es de fondations solides, avec des syst\u00e8mes d&rsquo;ancrage profonds lorsque le support de surface ne le permet pas, et avec des structures en acier all\u00e9g\u00e9es qui nous permettent d&rsquo;op\u00e9rer dans des espaces r\u00e9duits ou difficiles d&rsquo;acc\u00e8s, les passerelles offrent de nombreuses possibilit\u00e9s et finitions de plateforme, qu&rsquo;elles soient en bois, grille ou b\u00e9ton et une multitude d&rsquo;options de garde-corps.<\/p>\n<div id=\"attachment_5695\" style=\"width: 710px\" class=\"wp-caption aligncenter\"><a href=\"http:\/\/www.imuntanya.com\/wp-content\/uploads\/2022\/02\/PV_2021_Rodes-PasseraAncorada_web1-700x470-1.jpg\" rel=\"lightbox-0\"><img loading=\"lazy\" decoding=\"async\" aria-describedby=\"caption-attachment-5695\" class=\"wp-image-5692 size-full aligncenter\" src=\"http:\/\/www.imuntanya.com\/wp-content\/uploads\/2022\/02\/PV_2021_Rodes-PasseraAncorada_web1-700x470-1.jpg\" alt=\"\" width=\"700\" height=\"470\" srcset=\"http:\/\/www.imuntanya.com\/wp-content\/uploads\/2022\/02\/PV_2021_Rodes-PasseraAncorada_web1-700x470-1.jpg 700w, http:\/\/www.imuntanya.com\/wp-content\/uploads\/2022\/02\/PV_2021_Rodes-PasseraAncorada_web1-700x470-1-480x322.jpg 480w\" sizes=\"auto, (min-width: 0px) and (max-width: 480px) 480px, (min-width: 481px) 700px, 100vw\" \/><\/a><p id=\"caption-attachment-5695\" class=\"wp-caption-text\"><em>La passerelle volante \u00e0 Rodes r\u00e9cup\u00e8re l\u2019ancien sentier (2022)<\/em><\/p><\/div>\n<p>D\u00e9but 2022, nous avons termin\u00e9 la r\u00e9cup\u00e9ration d&rsquo;un ancien sentier \u00e0 Rodes, Rialp, avec l&rsquo;installation d&rsquo;une passerelle volante ancr\u00e9e au rocher qui a \u00e9galement permis la r\u00e9cup\u00e9ration du passage du b\u00e9tail. Cette action a \u00e9t\u00e9 men\u00e9e de mani\u00e8re quasi-artisanale en \u00e9vitant au maximum l&rsquo;utilisation de machines et en apportant manuellement les mat\u00e9riaux \u00e0 une distance de plus de 500 m et 50 m de d\u00e9nivel\u00e9 pour ne pas nuire \u00e0 la nidification d&rsquo;un couple de gypa\u00e8tes barbus qui se trouvait \u00e0 proximit\u00e9.<\/p>\n<p>Ce sentier avait subi une importante perte de largeur due \u00e0 la degradation des anciens murs de pierre. L&rsquo;\u00e9tude de nos techniciens ainsi que celles d&rsquo;<a href=\"https:\/\/www.icgc.cat\/L-ICGC\/Contacte\/Adreces-i-telefons\/Centre-de-Suport-Territorial-Pirineus-CSTP\">ICGC de Tremp<\/a> ont d\u00e9tect\u00e9 la n\u00e9cessit\u00e9 d\u2019assainir les rochers en danger potentiel de chute et ont confirm\u00e9 l&rsquo;impossibilit\u00e9 de reconstruire les murs compte tenu de la forte pente du talus.<\/p>\n<p>Ce chantier a b\u00e9n\u00e9fici\u00e9 de l&rsquo;aide du personnel du<a href=\"https:\/\/www.instagram.com\/pnaltpirineu\/?hl=es\">PN de l\u2019Alt Pirineu<\/a> qui en a \u00e9t\u00e9 le promoteur et nous a fait confiance.<\/p>\n<div id=\"attachment_5710\" style=\"width: 710px\" class=\"wp-caption aligncenter\"><a href=\"http:\/\/www.imuntanya.com\/wp-content\/uploads\/2022\/02\/PV_2021-VallToran_Sender-ciclisme_logoIMU-w1-700x470-1.jpg\" rel=\"lightbox-1\"><img loading=\"lazy\" decoding=\"async\" aria-describedby=\"caption-attachment-5710\" class=\"wp-image-5707 size-full\" src=\"http:\/\/www.imuntanya.com\/wp-content\/uploads\/2022\/02\/PV_2021-VallToran_Sender-ciclisme_logoIMU-w1-700x470-1.jpg\" alt=\"\" width=\"700\" height=\"470\" srcset=\"http:\/\/www.imuntanya.com\/wp-content\/uploads\/2022\/02\/PV_2021-VallToran_Sender-ciclisme_logoIMU-w1-700x470-1.jpg 700w, http:\/\/www.imuntanya.com\/wp-content\/uploads\/2022\/02\/PV_2021-VallToran_Sender-ciclisme_logoIMU-w1-700x470-1-480x322.jpg 480w\" sizes=\"auto, (min-width: 0px) and (max-width: 480px) 480px, (min-width: 481px) 700px, 100vw\" \/><\/a><p id=\"caption-attachment-5710\" class=\"wp-caption-text\"><em>La passerelle Cam\u00ed Reiau prolonge la piste cyclable de la Garonne (2020-2021)<\/em><\/p><\/div>\n<p>\u00c9galement situ\u00e9e en zone de haute montagne, cette passerelle volante r\u00e9pondait \u00e0 une volont\u00e9 de r\u00e9nover le Camin Reiau en prolongeant la piste cyclable de la Garonne. De plus, la passerelle signale un passage s\u00e9curis\u00e9 adapt\u00e9 aux randonneurs qui les emp\u00eache d\u2019entrer dans les for\u00eats et offre un coup de pouce touristique \u00e0 l&rsquo;une des zones les plus m\u00e9connues de cette vall\u00e9e.<\/p>\n<div id=\"attachment_5705\" style=\"width: 710px\" class=\"wp-caption aligncenter\"><a href=\"http:\/\/www.imuntanya.com\/wp-content\/uploads\/2022\/02\/PV_2018_Platja-Aro-2018_logoIMU-w3_700x470.jpg\" rel=\"lightbox-2\"><img loading=\"lazy\" decoding=\"async\" aria-describedby=\"caption-attachment-5705\" class=\"wp-image-5702 size-full aligncenter\" src=\"http:\/\/www.imuntanya.com\/wp-content\/uploads\/2022\/02\/PV_2018_Platja-Aro-2018_logoIMU-w3_700x470.jpg\" alt=\"\" width=\"700\" height=\"470\" srcset=\"http:\/\/www.imuntanya.com\/wp-content\/uploads\/2022\/02\/PV_2018_Platja-Aro-2018_logoIMU-w3_700x470.jpg 700w, http:\/\/www.imuntanya.com\/wp-content\/uploads\/2022\/02\/PV_2018_Platja-Aro-2018_logoIMU-w3_700x470-480x322.jpg 480w\" sizes=\"auto, (min-width: 0px) and (max-width: 480px) 480px, (min-width: 481px) 700px, 100vw\" \/><\/a><p id=\"caption-attachment-5705\" class=\"wp-caption-text\"><em>\u00c0 Platja d&rsquo;Aro, la passerelle r\u00e9cup\u00e8re des sections du chemin le long du versant et offre de magnifiques vues (2018)<\/em><\/p><\/div>\n<p>Dans les villes c\u00f4ti\u00e8res de Platja d&rsquo;Aro et de Tossa de Mar, <a href=\"http:\/\/www.imuntanya.com\/fr\/blog-fr\/our-suspended-walkways-allow-a-safe-passage-on-the-cami-de-ronda-on-the-costa-brava\/\">deux tron\u00e7ons de passerelles en porte-\u00e0-faux<\/a> construits en 2018 ont permis de r\u00e9cup\u00e9rer et de s\u00e9curiser une partie du Chemin de Ronde. Dans le cas de Platja d&rsquo;Aro, une \u00e9rosion notable dans une zone de falaise avait provoqu\u00e9 une telle perte de largeur de sentier qu&rsquo;elle repr\u00e9sentait un danger pour les usagers. Pour suivre l&rsquo;itin\u00e9raire, il fallait faire un d\u00e9tour consid\u00e9rable pour continuer plus loin avec la promenade en bord de mer. De plus, de magnifiques vues sur la c\u00f4te \u00e9taient perdues.<\/p>\n<p>En collaboration avec <a href=\"https:\/\/www.helitranspyrinees.com\">Helitrans Pyr\u00e9n\u00e9es<\/a>, nous avons amen\u00e9 tous les mat\u00e9riels et \u00e9quipements par h\u00e9licopt\u00e8re sur la zone d&rsquo;action et le chantier a \u00e9t\u00e9 r\u00e9alis\u00e9 pour restaurer ce passage.<\/p>\n<p>\u00c0 Tossa de Mar, l&rsquo;augmentation du nombre d&rsquo;usagers du Chemin de Ronde avait rendu le trac\u00e9 insoutenable \u00e0 l\u2019endroit o\u00f9 il co\u00efncidait avec la route. Le passage des v\u00e9hicules ainsi que celui des pi\u00e9tons mettent en danger la s\u00e9curit\u00e9 de ces derniers. Notre \u00e9quipe technique, en collaboration avec les techniciens municipaux de la <a href=\"https:\/\/www.tossademar.cat\/ca\/\">Mairie de Tossa de Mar<\/a>, ont r\u00e9solu avec succ\u00e8s la mise en \u0153uvre d&rsquo;une structure appuy\u00e9e sur un ancien mur de ma\u00e7onnerie sur lequel repose le remblai de la route. Cette solution a \u00e9t\u00e9 approuv\u00e9e par les techniciens de la voirie de la G\u00e9n\u00e9ralit\u00e9.<\/p>\n<div id=\"attachment_5680\" style=\"width: 710px\" class=\"wp-caption aligncenter\"><a href=\"http:\/\/www.imuntanya.com\/wp-content\/uploads\/2022\/02\/PV_2018_Tossa-2018-4_logoIMU-700x470-1.jpg\" rel=\"lightbox-3\"><img loading=\"lazy\" decoding=\"async\" aria-describedby=\"caption-attachment-5680\" class=\"wp-image-5677 size-full aligncenter\" src=\"http:\/\/www.imuntanya.com\/wp-content\/uploads\/2022\/02\/PV_2018_Tossa-2018-4_logoIMU-700x470-1.jpg\" alt=\"\" width=\"700\" height=\"470\" srcset=\"http:\/\/www.imuntanya.com\/wp-content\/uploads\/2022\/02\/PV_2018_Tossa-2018-4_logoIMU-700x470-1.jpg 700w, http:\/\/www.imuntanya.com\/wp-content\/uploads\/2022\/02\/PV_2018_Tossa-2018-4_logoIMU-700x470-1-480x322.jpg 480w\" sizes=\"auto, (min-width: 0px) and (max-width: 480px) 480px, (min-width: 481px) 700px, 100vw\" \/><\/a><p id=\"caption-attachment-5680\" class=\"wp-caption-text\"><em>\u00c0 Tossa de Mar, la passerelle permet un passage en toute s\u00e9curit\u00e9 sur cette section du chemin de ronde qui longe la route (2018)<\/em><\/p><\/div>\n<p>\u00c0 l&rsquo;heure actuelle, les deux tron\u00e7ons offrent une s\u00e9curit\u00e9 pour leurs utilisateurs et des vues spectaculaires sur la c\u00f4te.<\/p>\n<p>Une autre fois, les passerelles prolongent les itin\u00e9raires et offrent de nouvelles opportunit\u00e9s. \u00c0 <a href=\"http:\/\/www.imuntanya.com\/fr\/blog-fr\/la-passerelle-fixe-de-palamos-un-point-de-vue-privilegie-sur-le-monde-maritime\/\">Palam\u00f3s<\/a>, un chemin alternatif au Chemin de Ronde a \u00e9t\u00e9 cr\u00e9\u00e9, qui co\u00efncidait avec la route, donnant une continuit\u00e9 \u00e0 la promenade urbaine existante et la reliant au Chemin de Ronde, un espace beaucoup plus naturalis\u00e9. Ce projet de la Mairie de Palam\u00f3s relie la zone urbaine \u00e0 la Playa del Castell et \u00e0 d&rsquo;autres criques et falaises isol\u00e9es. La passerelle a des espaces de repos et des vues panoramiques sur le port maritime, permettant le passage des pi\u00e9tons de mani\u00e8re limit\u00e9e aux espaces naturels de haute valeur \u00e9cologique, tant pour la faune que pour la flore, dans cette partie de la c\u00f4te qui souffre d\u2019une haute pression anthropique.<\/p>\n<div id=\"attachment_5670\" style=\"width: 710px\" class=\"wp-caption aligncenter\"><a href=\"http:\/\/www.imuntanya.com\/wp-content\/uploads\/2022\/02\/PV_2021_Palamos-CamideRonda_web3-700x470-2.jpg\" rel=\"lightbox-4\"><img loading=\"lazy\" decoding=\"async\" aria-describedby=\"caption-attachment-5670\" class=\"wp-image-5667 size-full aligncenter\" src=\"http:\/\/www.imuntanya.com\/wp-content\/uploads\/2022\/02\/PV_2021_Palamos-CamideRonda_web3-700x470-2.jpg\" alt=\"\" width=\"700\" height=\"470\" srcset=\"http:\/\/www.imuntanya.com\/wp-content\/uploads\/2022\/02\/PV_2021_Palamos-CamideRonda_web3-700x470-2.jpg 700w, http:\/\/www.imuntanya.com\/wp-content\/uploads\/2022\/02\/PV_2021_Palamos-CamideRonda_web3-700x470-2-480x322.jpg 480w\" sizes=\"auto, (min-width: 0px) and (max-width: 480px) 480px, (min-width: 481px) 700px, 100vw\" \/><\/a><p id=\"caption-attachment-5670\" class=\"wp-caption-text\"><em>\u00c0 Palam\u00f3s, un itin\u00e9raire alternatif du Chemin de Ronde relie la zone urbaine au Ch\u00e2teau et \u00e0 d\u2019autres criques (2021)<\/em><\/p><\/div>\n<p>Les sections de passerelles en porte-\u00e0-faux \u00e0 Soria offrent \u00e9galement une exp\u00e9rience unique. Le succ\u00e8s de la premi\u00e8re intervention, tant dans la r\u00e9solution technique que dans le bon accueil des usagers, a conduit la Mairie \u00e0 demander la cr\u00e9ation d&rsquo;une deuxi\u00e8me section. Les travaux, r\u00e9alis\u00e9s en collaboration avec TRAGSA pour la <a href=\"https:\/\/www.chduero.es\">CH del Duero<\/a>, offrent la possibilit\u00e9 de profiter du paysage depuis les entrailles de cette merveilleuse enclave du fleuve avec les cha\u00eenes de montagnes qui entourent Soria.<\/p>\n<p>Le premier tron\u00e7on s&rsquo;\u00e9tend le long de la rive droite du Duero permettant des itin\u00e9raires circulaires et la connexion de Soria avec la ville de Garray par une voie presque fluviale, qui suit le cours du fleuve.<\/p>\n<p>Le second relie cette promenade fluviale aux hauteurs de Soria o\u00f9 se trouvent les vestiges de l&rsquo;ancienne enclave du Ch\u00e2teau de Soria et l&rsquo;actuel Belv\u00e9d\u00e8re National, ainsi que d&rsquo;autres infrastructures municipales. Avec cette solution de passerelle volante, con\u00e7ue par nos soins, nous relevons le d\u00e9fi de d\u00e9tourner les usagers de la route en adaptant l\u2019itin\u00e9raire et en transformant un projet de trottoir en sentier qui longe le versant.<\/p>\n<div id=\"attachment_5700\" style=\"width: 710px\" class=\"wp-caption aligncenter\"><a href=\"http:\/\/www.imuntanya.com\/wp-content\/uploads\/2022\/02\/PV_2014_Soria_PV-2fases-w1_700x470.jpg\" rel=\"lightbox-5\"><img loading=\"lazy\" decoding=\"async\" aria-describedby=\"caption-attachment-5700\" class=\"wp-image-5697 size-full aligncenter\" src=\"http:\/\/www.imuntanya.com\/wp-content\/uploads\/2022\/02\/PV_2014_Soria_PV-2fases-w1_700x470.jpg\" alt=\"\" width=\"700\" height=\"470\" srcset=\"http:\/\/www.imuntanya.com\/wp-content\/uploads\/2022\/02\/PV_2014_Soria_PV-2fases-w1_700x470.jpg 700w, http:\/\/www.imuntanya.com\/wp-content\/uploads\/2022\/02\/PV_2014_Soria_PV-2fases-w1_700x470-480x322.jpg 480w\" sizes=\"auto, (min-width: 0px) and (max-width: 480px) 480px, (min-width: 481px) 700px, 100vw\" \/><\/a><p id=\"caption-attachment-5700\" class=\"wp-caption-text\"><em>Les deux tron\u00e7ons de passerelle volante \u00e0 Soria permettent de marcher le long des rives du Duero et de rejoindre la ville par des chemins s\u00fbrs (2011 et 2014)<\/em><\/p><\/div>\n<p>Si vous aimez lire sur les sentiers, <a href=\"https:\/\/www.sompirineu.cat\/camins\/senderia\/\">SENd\u00c8RIA<\/a> est une publication num\u00e9rique gratuite contenant des informations sur le monde des routes et les activit\u00e9s qui les utilisent comme la randonn\u00e9e ou le v\u00e9lo.<\/p>\n<p>&nbsp;<\/p>\n<p>&nbsp;<\/p>\n<p>[\/et_pb_text][\/et_pb_column][\/et_pb_row][\/et_pb_section]<\/p>\n","protected":false},"excerpt":{"rendered":"<p>Les passeres ancorades permeten recuperar senders que han sofert p\u00e8rdua d&rsquo;amplada i tamb\u00e9 crear noves rutes, sovint amb magn\u00edfiques vistes.<\/p>\n","protected":false},"author":2,"featured_media":5680,"comment_status":"open","ping_status":"open","sticky":false,"template":"","format":"standard","meta":{"_et_pb_use_builder":"on","_et_pb_old_content":"","_et_gb_content_width":"","footnotes":""},"categories":[68],"tags":[157,151],"class_list":["post-5751","post","type-post","status-publish","format-standard","has-post-thumbnail","hentry","category-blog","tag-haute-montagne","tag-passerelle-fixe"],"yoast_head":"<!-- This site is optimized with the Yoast SEO plugin v26.1.1 - https:\/\/yoast.com\/wordpress\/plugins\/seo\/ -->\n<title>Passerelles volantes permettent cr\u00e9er des itin\u00e9raires et r\u00e9cup\u00e9rer des sentiers | imuntanya<\/title>\n<meta name=\"description\" content=\"Les passerelles volantes permettent de r\u00e9cup\u00e9rer des sentiers et d&#039;ouvrir de nouveaux itin\u00e9raires\" \/>\n<meta name=\"robots\" content=\"index, follow, max-snippet:-1, max-image-preview:large, max-video-preview:-1\" \/>\n<link rel=\"canonical\" href=\"http:\/\/www.imuntanya.com\/blog\/passeres-ancorades-permeten-recuperar-i-obrir-senders\/\" \/>\n<meta property=\"og:locale\" content=\"fr_FR\" \/>\n<meta property=\"og:type\" content=\"article\" \/>\n<meta property=\"og:title\" content=\"Passerelles volantes permettent cr\u00e9er des itin\u00e9raires et r\u00e9cup\u00e9rer des sentiers | imuntanya\" \/>\n<meta property=\"og:description\" content=\"Les passerelles volantes permettent de r\u00e9cup\u00e9rer des sentiers et d&#039;ouvrir de nouveaux itin\u00e9raires\" \/>\n<meta property=\"og:url\" content=\"http:\/\/www.imuntanya.com\/blog\/passeres-ancorades-permeten-recuperar-i-obrir-senders\/\" \/>\n<meta property=\"og:site_name\" content=\"imuntanya\" \/>\n<meta property=\"article:publisher\" content=\"https:\/\/www.facebook.com\/imuntanya\" \/>\n<meta property=\"article:published_time\" content=\"2022-03-14T23:23:20+00:00\" \/>\n<meta property=\"article:modified_time\" content=\"2022-05-20T00:32:04+00:00\" \/>\n<meta property=\"og:image\" content=\"http:\/\/www.imuntanya.com\/wp-content\/uploads\/2022\/02\/PV_2018_Tossa-2018-4_logoIMU-700x470-1.jpg\" \/>\n\t<meta property=\"og:image:width\" content=\"700\" \/>\n\t<meta property=\"og:image:height\" content=\"470\" \/>\n\t<meta property=\"og:image:type\" content=\"image\/jpeg\" \/>\n<meta name=\"author\" content=\"Merc\u00e8 Pujol\" \/>\n<meta name=\"twitter:card\" content=\"summary_large_image\" \/>\n<meta name=\"twitter:creator\" content=\"@imuntanya15\" \/>\n<meta name=\"twitter:site\" content=\"@imuntanya15\" \/>\n<meta name=\"twitter:label1\" content=\"\u00c9crit par\" \/>\n\t<meta name=\"twitter:data1\" content=\"Merc\u00e8 Pujol\" \/>\n\t<meta name=\"twitter:label2\" content=\"Dur\u00e9e de lecture estim\u00e9e\" \/>\n\t<meta name=\"twitter:data2\" content=\"7 minutes\" \/>\n<script type=\"application\/ld+json\" class=\"yoast-schema-graph\">{\"@context\":\"https:\/\/schema.org\",\"@graph\":[{\"@type\":\"Article\",\"@id\":\"http:\/\/www.imuntanya.com\/blog\/passeres-ancorades-permeten-recuperar-i-obrir-senders\/#article\",\"isPartOf\":{\"@id\":\"http:\/\/www.imuntanya.com\/blog\/passeres-ancorades-permeten-recuperar-i-obrir-senders\/\"},\"author\":{\"name\":\"Merc\u00e8 Pujol\",\"@id\":\"http:\/\/www.imuntanya.com\/#\/schema\/person\/c144fa172ac4fbfb4767af32d5acae8e\"},\"headline\":\"Passerelles volantes permettent cr\u00e9er des itin\u00e9raires et r\u00e9cup\u00e9rer des sentiers\",\"datePublished\":\"2022-03-14T23:23:20+00:00\",\"dateModified\":\"2022-05-20T00:32:04+00:00\",\"mainEntityOfPage\":{\"@id\":\"http:\/\/www.imuntanya.com\/blog\/passeres-ancorades-permeten-recuperar-i-obrir-senders\/\"},\"wordCount\":1506,\"commentCount\":0,\"publisher\":{\"@id\":\"http:\/\/www.imuntanya.com\/#organization\"},\"image\":{\"@id\":\"http:\/\/www.imuntanya.com\/blog\/passeres-ancorades-permeten-recuperar-i-obrir-senders\/#primaryimage\"},\"thumbnailUrl\":\"http:\/\/www.imuntanya.com\/wp-content\/uploads\/2022\/02\/PV_2018_Tossa-2018-4_logoIMU-700x470-1.jpg\",\"keywords\":[\"haute montagne\",\"Passerelle fixe\"],\"articleSection\":[\"Blog\"],\"inLanguage\":\"fr-FR\",\"potentialAction\":[{\"@type\":\"CommentAction\",\"name\":\"Comment\",\"target\":[\"http:\/\/www.imuntanya.com\/blog\/passeres-ancorades-permeten-recuperar-i-obrir-senders\/#respond\"]}]},{\"@type\":\"WebPage\",\"@id\":\"http:\/\/www.imuntanya.com\/blog\/passeres-ancorades-permeten-recuperar-i-obrir-senders\/\",\"url\":\"http:\/\/www.imuntanya.com\/blog\/passeres-ancorades-permeten-recuperar-i-obrir-senders\/\",\"name\":\"Passerelles volantes permettent cr\u00e9er des itin\u00e9raires et r\u00e9cup\u00e9rer des sentiers | imuntanya\",\"isPartOf\":{\"@id\":\"http:\/\/www.imuntanya.com\/#website\"},\"primaryImageOfPage\":{\"@id\":\"http:\/\/www.imuntanya.com\/blog\/passeres-ancorades-permeten-recuperar-i-obrir-senders\/#primaryimage\"},\"image\":{\"@id\":\"http:\/\/www.imuntanya.com\/blog\/passeres-ancorades-permeten-recuperar-i-obrir-senders\/#primaryimage\"},\"thumbnailUrl\":\"http:\/\/www.imuntanya.com\/wp-content\/uploads\/2022\/02\/PV_2018_Tossa-2018-4_logoIMU-700x470-1.jpg\",\"datePublished\":\"2022-03-14T23:23:20+00:00\",\"dateModified\":\"2022-05-20T00:32:04+00:00\",\"description\":\"Les passerelles volantes permettent de r\u00e9cup\u00e9rer des sentiers et d'ouvrir de nouveaux itin\u00e9raires\",\"breadcrumb\":{\"@id\":\"http:\/\/www.imuntanya.com\/blog\/passeres-ancorades-permeten-recuperar-i-obrir-senders\/#breadcrumb\"},\"inLanguage\":\"fr-FR\",\"potentialAction\":[{\"@type\":\"ReadAction\",\"target\":[\"http:\/\/www.imuntanya.com\/blog\/passeres-ancorades-permeten-recuperar-i-obrir-senders\/\"]}]},{\"@type\":\"ImageObject\",\"inLanguage\":\"fr-FR\",\"@id\":\"http:\/\/www.imuntanya.com\/blog\/passeres-ancorades-permeten-recuperar-i-obrir-senders\/#primaryimage\",\"url\":\"http:\/\/www.imuntanya.com\/wp-content\/uploads\/2022\/02\/PV_2018_Tossa-2018-4_logoIMU-700x470-1.jpg\",\"contentUrl\":\"http:\/\/www.imuntanya.com\/wp-content\/uploads\/2022\/02\/PV_2018_Tossa-2018-4_logoIMU-700x470-1.jpg\",\"width\":700,\"height\":470},{\"@type\":\"BreadcrumbList\",\"@id\":\"http:\/\/www.imuntanya.com\/blog\/passeres-ancorades-permeten-recuperar-i-obrir-senders\/#breadcrumb\",\"itemListElement\":[{\"@type\":\"ListItem\",\"position\":1,\"name\":\"Inici\",\"item\":\"http:\/\/www.imuntanya.com\/fr\/\"},{\"@type\":\"ListItem\",\"position\":2,\"name\":\"Passerelles volantes permettent cr\u00e9er des itin\u00e9raires et r\u00e9cup\u00e9rer des sentiers\"}]},{\"@type\":\"WebSite\",\"@id\":\"http:\/\/www.imuntanya.com\/#website\",\"url\":\"http:\/\/www.imuntanya.com\/\",\"name\":\"iMuntanya\",\"description\":\"Infraestructures per alta muntanya i en zones de dif\u00edcil acc\u00e9s\",\"publisher\":{\"@id\":\"http:\/\/www.imuntanya.com\/#organization\"},\"potentialAction\":[{\"@type\":\"SearchAction\",\"target\":{\"@type\":\"EntryPoint\",\"urlTemplate\":\"http:\/\/www.imuntanya.com\/?s={search_term_string}\"},\"query-input\":{\"@type\":\"PropertyValueSpecification\",\"valueRequired\":true,\"valueName\":\"search_term_string\"}}],\"inLanguage\":\"fr-FR\"},{\"@type\":\"Organization\",\"@id\":\"http:\/\/www.imuntanya.com\/#organization\",\"name\":\"iMuntanya \u00b7 Infraestructures de Muntanya S.L.\",\"url\":\"http:\/\/www.imuntanya.com\/\",\"logo\":{\"@type\":\"ImageObject\",\"inLanguage\":\"fr-FR\",\"@id\":\"http:\/\/www.imuntanya.com\/#\/schema\/logo\/image\/\",\"url\":\"http:\/\/www.imuntanya.com\/wp-content\/uploads\/2019\/07\/imu-cat-2.png\",\"contentUrl\":\"http:\/\/www.imuntanya.com\/wp-content\/uploads\/2019\/07\/imu-cat-2.png\",\"width\":640,\"height\":83,\"caption\":\"iMuntanya \u00b7 Infraestructures de Muntanya S.L.\"},\"image\":{\"@id\":\"http:\/\/www.imuntanya.com\/#\/schema\/logo\/image\/\"},\"sameAs\":[\"https:\/\/www.facebook.com\/imuntanya\",\"https:\/\/x.com\/imuntanya15\",\"https:\/\/www.instagram.com\/imuntanya\/\",\"https:\/\/www.linkedin.com\/company\/imuntanya\/\",\"https:\/\/www.youtube.com\/user\/imuntanyaatyoutub\"]},{\"@type\":\"Person\",\"@id\":\"http:\/\/www.imuntanya.com\/#\/schema\/person\/c144fa172ac4fbfb4767af32d5acae8e\",\"name\":\"Merc\u00e8 Pujol\",\"image\":{\"@type\":\"ImageObject\",\"inLanguage\":\"fr-FR\",\"@id\":\"http:\/\/www.imuntanya.com\/#\/schema\/person\/image\/\",\"url\":\"https:\/\/secure.gravatar.com\/avatar\/10213c83b04e18e80603efc3add346a4f27921c505524ba24c92ebf7f86153a2?s=96&d=mm&r=g\",\"contentUrl\":\"https:\/\/secure.gravatar.com\/avatar\/10213c83b04e18e80603efc3add346a4f27921c505524ba24c92ebf7f86153a2?s=96&d=mm&r=g\",\"caption\":\"Merc\u00e8 Pujol\"},\"url\":\"http:\/\/www.imuntanya.com\/fr\/author\/merce\/\"}]}<\/script>\n<!-- \/ Yoast SEO plugin. -->","yoast_head_json":{"title":"Passerelles volantes permettent cr\u00e9er des itin\u00e9raires et r\u00e9cup\u00e9rer des sentiers | imuntanya","description":"Les passerelles volantes permettent de r\u00e9cup\u00e9rer des sentiers et d'ouvrir de nouveaux itin\u00e9raires","robots":{"index":"index","follow":"follow","max-snippet":"max-snippet:-1","max-image-preview":"max-image-preview:large","max-video-preview":"max-video-preview:-1"},"canonical":"http:\/\/www.imuntanya.com\/blog\/passeres-ancorades-permeten-recuperar-i-obrir-senders\/","og_locale":"fr_FR","og_type":"article","og_title":"Passerelles volantes permettent cr\u00e9er des itin\u00e9raires et r\u00e9cup\u00e9rer des sentiers | imuntanya","og_description":"Les passerelles volantes permettent de r\u00e9cup\u00e9rer des sentiers et d'ouvrir de nouveaux itin\u00e9raires","og_url":"http:\/\/www.imuntanya.com\/blog\/passeres-ancorades-permeten-recuperar-i-obrir-senders\/","og_site_name":"imuntanya","article_publisher":"https:\/\/www.facebook.com\/imuntanya","article_published_time":"2022-03-14T23:23:20+00:00","article_modified_time":"2022-05-20T00:32:04+00:00","og_image":[{"width":700,"height":470,"url":"http:\/\/www.imuntanya.com\/wp-content\/uploads\/2022\/02\/PV_2018_Tossa-2018-4_logoIMU-700x470-1.jpg","type":"image\/jpeg"}],"author":"Merc\u00e8 Pujol","twitter_card":"summary_large_image","twitter_creator":"@imuntanya15","twitter_site":"@imuntanya15","twitter_misc":{"\u00c9crit par":"Merc\u00e8 Pujol","Dur\u00e9e de lecture estim\u00e9e":"7 minutes"},"schema":{"@context":"https:\/\/schema.org","@graph":[{"@type":"Article","@id":"http:\/\/www.imuntanya.com\/blog\/passeres-ancorades-permeten-recuperar-i-obrir-senders\/#article","isPartOf":{"@id":"http:\/\/www.imuntanya.com\/blog\/passeres-ancorades-permeten-recuperar-i-obrir-senders\/"},"author":{"name":"Merc\u00e8 Pujol","@id":"http:\/\/www.imuntanya.com\/#\/schema\/person\/c144fa172ac4fbfb4767af32d5acae8e"},"headline":"Passerelles volantes permettent cr\u00e9er des itin\u00e9raires et r\u00e9cup\u00e9rer des sentiers","datePublished":"2022-03-14T23:23:20+00:00","dateModified":"2022-05-20T00:32:04+00:00","mainEntityOfPage":{"@id":"http:\/\/www.imuntanya.com\/blog\/passeres-ancorades-permeten-recuperar-i-obrir-senders\/"},"wordCount":1506,"commentCount":0,"publisher":{"@id":"http:\/\/www.imuntanya.com\/#organization"},"image":{"@id":"http:\/\/www.imuntanya.com\/blog\/passeres-ancorades-permeten-recuperar-i-obrir-senders\/#primaryimage"},"thumbnailUrl":"http:\/\/www.imuntanya.com\/wp-content\/uploads\/2022\/02\/PV_2018_Tossa-2018-4_logoIMU-700x470-1.jpg","keywords":["haute montagne","Passerelle fixe"],"articleSection":["Blog"],"inLanguage":"fr-FR","potentialAction":[{"@type":"CommentAction","name":"Comment","target":["http:\/\/www.imuntanya.com\/blog\/passeres-ancorades-permeten-recuperar-i-obrir-senders\/#respond"]}]},{"@type":"WebPage","@id":"http:\/\/www.imuntanya.com\/blog\/passeres-ancorades-permeten-recuperar-i-obrir-senders\/","url":"http:\/\/www.imuntanya.com\/blog\/passeres-ancorades-permeten-recuperar-i-obrir-senders\/","name":"Passerelles volantes permettent cr\u00e9er des itin\u00e9raires et r\u00e9cup\u00e9rer des sentiers | imuntanya","isPartOf":{"@id":"http:\/\/www.imuntanya.com\/#website"},"primaryImageOfPage":{"@id":"http:\/\/www.imuntanya.com\/blog\/passeres-ancorades-permeten-recuperar-i-obrir-senders\/#primaryimage"},"image":{"@id":"http:\/\/www.imuntanya.com\/blog\/passeres-ancorades-permeten-recuperar-i-obrir-senders\/#primaryimage"},"thumbnailUrl":"http:\/\/www.imuntanya.com\/wp-content\/uploads\/2022\/02\/PV_2018_Tossa-2018-4_logoIMU-700x470-1.jpg","datePublished":"2022-03-14T23:23:20+00:00","dateModified":"2022-05-20T00:32:04+00:00","description":"Les passerelles volantes permettent de r\u00e9cup\u00e9rer des sentiers et d'ouvrir de nouveaux itin\u00e9raires","breadcrumb":{"@id":"http:\/\/www.imuntanya.com\/blog\/passeres-ancorades-permeten-recuperar-i-obrir-senders\/#breadcrumb"},"inLanguage":"fr-FR","potentialAction":[{"@type":"ReadAction","target":["http:\/\/www.imuntanya.com\/blog\/passeres-ancorades-permeten-recuperar-i-obrir-senders\/"]}]},{"@type":"ImageObject","inLanguage":"fr-FR","@id":"http:\/\/www.imuntanya.com\/blog\/passeres-ancorades-permeten-recuperar-i-obrir-senders\/#primaryimage","url":"http:\/\/www.imuntanya.com\/wp-content\/uploads\/2022\/02\/PV_2018_Tossa-2018-4_logoIMU-700x470-1.jpg","contentUrl":"http:\/\/www.imuntanya.com\/wp-content\/uploads\/2022\/02\/PV_2018_Tossa-2018-4_logoIMU-700x470-1.jpg","width":700,"height":470},{"@type":"BreadcrumbList","@id":"http:\/\/www.imuntanya.com\/blog\/passeres-ancorades-permeten-recuperar-i-obrir-senders\/#breadcrumb","itemListElement":[{"@type":"ListItem","position":1,"name":"Inici","item":"http:\/\/www.imuntanya.com\/fr\/"},{"@type":"ListItem","position":2,"name":"Passerelles volantes permettent cr\u00e9er des itin\u00e9raires et r\u00e9cup\u00e9rer des sentiers"}]},{"@type":"WebSite","@id":"http:\/\/www.imuntanya.com\/#website","url":"http:\/\/www.imuntanya.com\/","name":"iMuntanya","description":"Infraestructures per alta muntanya i en zones de dif\u00edcil acc\u00e9s","publisher":{"@id":"http:\/\/www.imuntanya.com\/#organization"},"potentialAction":[{"@type":"SearchAction","target":{"@type":"EntryPoint","urlTemplate":"http:\/\/www.imuntanya.com\/?s={search_term_string}"},"query-input":{"@type":"PropertyValueSpecification","valueRequired":true,"valueName":"search_term_string"}}],"inLanguage":"fr-FR"},{"@type":"Organization","@id":"http:\/\/www.imuntanya.com\/#organization","name":"iMuntanya \u00b7 Infraestructures de Muntanya S.L.","url":"http:\/\/www.imuntanya.com\/","logo":{"@type":"ImageObject","inLanguage":"fr-FR","@id":"http:\/\/www.imuntanya.com\/#\/schema\/logo\/image\/","url":"http:\/\/www.imuntanya.com\/wp-content\/uploads\/2019\/07\/imu-cat-2.png","contentUrl":"http:\/\/www.imuntanya.com\/wp-content\/uploads\/2019\/07\/imu-cat-2.png","width":640,"height":83,"caption":"iMuntanya \u00b7 Infraestructures de Muntanya S.L."},"image":{"@id":"http:\/\/www.imuntanya.com\/#\/schema\/logo\/image\/"},"sameAs":["https:\/\/www.facebook.com\/imuntanya","https:\/\/x.com\/imuntanya15","https:\/\/www.instagram.com\/imuntanya\/","https:\/\/www.linkedin.com\/company\/imuntanya\/","https:\/\/www.youtube.com\/user\/imuntanyaatyoutub"]},{"@type":"Person","@id":"http:\/\/www.imuntanya.com\/#\/schema\/person\/c144fa172ac4fbfb4767af32d5acae8e","name":"Merc\u00e8 Pujol","image":{"@type":"ImageObject","inLanguage":"fr-FR","@id":"http:\/\/www.imuntanya.com\/#\/schema\/person\/image\/","url":"https:\/\/secure.gravatar.com\/avatar\/10213c83b04e18e80603efc3add346a4f27921c505524ba24c92ebf7f86153a2?s=96&d=mm&r=g","contentUrl":"https:\/\/secure.gravatar.com\/avatar\/10213c83b04e18e80603efc3add346a4f27921c505524ba24c92ebf7f86153a2?s=96&d=mm&r=g","caption":"Merc\u00e8 Pujol"},"url":"http:\/\/www.imuntanya.com\/fr\/author\/merce\/"}]}},"_links":{"self":[{"href":"http:\/\/www.imuntanya.com\/fr\/wp-json\/wp\/v2\/posts\/5751","targetHints":{"allow":["GET"]}}],"collection":[{"href":"http:\/\/www.imuntanya.com\/fr\/wp-json\/wp\/v2\/posts"}],"about":[{"href":"http:\/\/www.imuntanya.com\/fr\/wp-json\/wp\/v2\/types\/post"}],"author":[{"embeddable":true,"href":"http:\/\/www.imuntanya.com\/fr\/wp-json\/wp\/v2\/users\/2"}],"replies":[{"embeddable":true,"href":"http:\/\/www.imuntanya.com\/fr\/wp-json\/wp\/v2\/comments?post=5751"}],"version-history":[{"count":6,"href":"http:\/\/www.imuntanya.com\/fr\/wp-json\/wp\/v2\/posts\/5751\/revisions"}],"predecessor-version":[{"id":6065,"href":"http:\/\/www.imuntanya.com\/fr\/wp-json\/wp\/v2\/posts\/5751\/revisions\/6065"}],"wp:featuredmedia":[{"embeddable":true,"href":"http:\/\/www.imuntanya.com\/fr\/wp-json\/wp\/v2\/media\/5680"}],"wp:attachment":[{"href":"http:\/\/www.imuntanya.com\/fr\/wp-json\/wp\/v2\/media?parent=5751"}],"wp:term":[{"taxonomy":"category","embeddable":true,"href":"http:\/\/www.imuntanya.com\/fr\/wp-json\/wp\/v2\/categories?post=5751"},{"taxonomy":"post_tag","embeddable":true,"href":"http:\/\/www.imuntanya.com\/fr\/wp-json\/wp\/v2\/tags?post=5751"}],"curies":[{"name":"wp","href":"https:\/\/api.w.org\/{rel}","templated":true}]}}